{"id":8881,"date":"2024-07-22T18:13:08","date_gmt":"2024-07-22T16:13:08","guid":{"rendered":"https:\/\/www.milosnicylasu.olsztyn.pl\/?p=8881"},"modified":"2024-07-22T19:37:36","modified_gmt":"2024-07-22T17:37:36","slug":"medale-80-lecia-ligi-obrony-kraju-za-zaslugi","status":"publish","type":"post","link":"https:\/\/www.milosnicylasu.olsztyn.pl\/?p=8881","title":{"rendered":"Medale\u00a080-lecia Ligi Obrony Kraju \u201eZa Zas\u0142ugi\u201d"},"content":{"rendered":"<p>Rok 2024 jest szczeg\u00f3lny dla Ligi Obrony Kraju ze wzgl\u0119du na przypadaj\u0105c\u0105 80 rocznic\u0119 powstania naszego Stowarzyszenia. Z tej okazji najbardziej zas\u0142u\u017conym cz\u0142onkom\u00a0 naszego Ko\u0142a Mi\u0142o\u015bnik\u00f3w Lasu i Militari\u00f3w LOK przy ATW w Olsztynie oraz osobom wspomagaj\u0105cym nasz\u0105 organizacj\u0119 zosta\u0142y przyznane okoliczno\u015bciowe medale.<\/p>\n<p><strong>Wyci\u0105g z Uchwa\u0142y Rady Krajowej Ligi Obrony Kraju Nr 18\/2023 z dnia 15.12.2023r<\/strong>.<\/p>\n<p><strong>Medalem 80-lecia Ligi Obrony Kraju \u201eZa Zas\u0142ugi\u201d <\/strong><\/p>\n<p>W tym gronie s\u0105 r\u00f3wnie\u017c cz\u0142onkowie, kt\u00f3rzy wspierali dzia\u0142alno\u015b\u0107 \u00a0Naszego Ko\u0142a.<\/p>\n<ol>\n<li>Bonis\u0142awska Marianna<\/li>\n<li>Filipek Wies\u0142awa<\/li>\n<li>Iedli\u0144ska Maria<\/li>\n<li>Jarczyk Stefania<\/li>\n<li>Leszczy\u0144ska Krystyna<\/li>\n<li>Borsuk Miros\u0142aw<\/li>\n<li>Dubczyk Kamil<\/li>\n<li>D\u0105browski Wojciech<\/li>\n<li>Filipek Jan<\/li>\n<li>Gazda J\u00f3zef<\/li>\n<li>Jarczyk Antoni<\/li>\n<li>Kicowski Tomasz<\/li>\n<li>Kluczek Grzegorz<\/li>\n<li>K\u0142\u0119bukowski Micha\u0142<\/li>\n<li>Leszczy\u0144ski Anatol<\/li>\n<li>Siemakowicz Adam<\/li>\n<li>Sobotka Dariusz<\/li>\n<\/ol>\n<p>Podpisa\u0142\u00a0\u00a0 Prezes Ligi Obrony Kraju\u00a0 p\u0142k mgr Jerzy Salamucha<\/p>\n<p>Wr\u0119czenie uroczyste nast\u0105pi po przerwie wakacyjnej, serdecznie gratulujemy odznaczonym.<\/p>\n","protected":false},"excerpt":{"rendered":"<p>Rok 2024 jest szczeg\u00f3lny dla Ligi Obrony Kraju ze wzgl\u0119du na przypadaj\u0105c\u0105 80 rocznic\u0119 powstania naszego Stowarzyszenia. Z tej okazji najbardziej zas\u0142u\u017conym cz\u0142onkom\u00a0 naszego Ko\u0142a Mi\u0142o\u015bnik\u00f3w Lasu i Militari\u00f3w LOK przy ATW w Olsztynie oraz osobom wspomagaj\u0105cym nasz\u0105 organizacj\u0119 zosta\u0142y przyznane okoliczno\u015bciowe medale. Wyci\u0105g z Uchwa\u0142y Rady Krajowej Ligi Obrony Kraju Nr 18\/2023 z dnia [&hellip;]<\/p>\n","protected":false},"author":2,"featured_media":0,"comment_status":"open","ping_status":"open","sticky":false,"template":"","format":"standard","meta":{"footnotes":""},"categories":[1,6],"tags":[],"class_list":["post-8881","post","type-post","status-publish","format-standard","hentry","category-bez-kategorii","category-odznaczenia"],"_links":{"self":[{"href":"https:\/\/www.milosnicylasu.olsztyn.pl\/index.php?rest_route=\/wp\/v2\/posts\/8881","targetHints":{"allow":["GET"]}}],"collection":[{"href":"https:\/\/www.milosnicylasu.olsztyn.pl\/index.php?rest_route=\/wp\/v2\/posts"}],"about":[{"href":"https:\/\/www.milosnicylasu.olsztyn.pl\/index.php?rest_route=\/wp\/v2\/types\/post"}],"author":[{"embeddable":true,"href":"https:\/\/www.milosnicylasu.olsztyn.pl\/index.php?rest_route=\/wp\/v2\/users\/2"}],"replies":[{"embeddable":true,"href":"https:\/\/www.milosnicylasu.olsztyn.pl\/index.php?rest_route=%2Fwp%2Fv2%2Fcomments&post=8881"}],"version-history":[{"count":3,"href":"https:\/\/www.milosnicylasu.olsztyn.pl\/index.php?rest_route=\/wp\/v2\/posts\/8881\/revisions"}],"predecessor-version":[{"id":8883,"href":"https:\/\/www.milosnicylasu.olsztyn.pl\/index.php?rest_route=\/wp\/v2\/posts\/8881\/revisions\/8883"}],"wp:attachment":[{"href":"https:\/\/www.milosnicylasu.olsztyn.pl\/index.php?rest_route=%2Fwp%2Fv2%2Fmedia&parent=8881"}],"wp:term":[{"taxonomy":"category","embeddable":true,"href":"https:\/\/www.milosnicylasu.olsztyn.pl\/index.php?rest_route=%2Fwp%2Fv2%2Fcategories&post=8881"},{"taxonomy":"post_tag","embeddable":true,"href":"https:\/\/www.milosnicylasu.olsztyn.pl\/index.php?rest_route=%2Fwp%2Fv2%2Ftags&post=8881"}],"curies":[{"name":"wp","href":"https:\/\/api.w.org\/{rel}","templated":true}]}}