{"id":889,"date":"2014-01-26T09:50:30","date_gmt":"2014-01-26T08:50:30","guid":{"rendered":"http:\/\/www.milosnicylasu.olsztyn.pl\/?p=889"},"modified":"2014-01-26T10:18:44","modified_gmt":"2014-01-26T09:18:44","slug":"zaproszenie-na-lutowy-czwartek-ekologiczny","status":"publish","type":"post","link":"https:\/\/www.milosnicylasu.olsztyn.pl\/?p=889","title":{"rendered":"Zaproszenie na lutowy czwartek ekologiczny"},"content":{"rendered":"<p>Jak zwykle w pierwszy czwartek miesi\u0105ca, w sali Regionalnej Dyrekcji Las\u00f3w Pa\u0144stwowych w Olsztynie , o godzinie 15.00, odb\u0119dzie si\u0119 kolejne spotkanie mi\u0142o\u015bnik\u00f3w lasu.\u00a0B\u0119dzie ciekawie, a nawet bardzo ciekawie. Nasze zaproszenie przyj\u0105\u0142 Pan Adam Ge\u0142don, kt\u00f3ry go\u015bci\u0142 u nas ju\u017c trzykrotnie. <a href=\"http:\/\/www.milosnicylasu.olsztyn.pl\/wp-content\/uploads\/2014\/01\/P6140286-www.jpg\" data-rel=\"lightbox-image-0\" data-magnific_type=\"image\" data-rl_title=\"\" data-rl_caption=\"\" title=\"\"><img loading=\"lazy\" decoding=\"async\" class=\"alignleft size-medium wp-image-894\" alt=\"P6140286-www\" src=\"http:\/\/www.milosnicylasu.olsztyn.pl\/wp-content\/uploads\/2014\/01\/P6140286-www-300x168.jpg\" width=\"300\" height=\"168\" srcset=\"https:\/\/www.milosnicylasu.olsztyn.pl\/wp-content\/uploads\/2014\/01\/P6140286-www-300x168.jpg 300w, https:\/\/www.milosnicylasu.olsztyn.pl\/wp-content\/uploads\/2014\/01\/P6140286-www-500x281.jpg 500w, https:\/\/www.milosnicylasu.olsztyn.pl\/wp-content\/uploads\/2014\/01\/P6140286-www.jpg 1024w\" sizes=\"auto, (max-width: 300px) 100vw, 300px\" \/><\/a>Poprzednio tematem jego wyk\u0142ad\u00f3w by\u0142y wilki, indianie, \u00a0capoeira ( sztuka walki wywodz\u0105ca si\u0119 z tradycji afryka\u0144skiej i brazylijskiej). Tym razem zapozna nas ze swoj\u0105 now\u0105 pasj\u0105&#8230;.. I to b\u0119dzie niespodzianka. Zapraszamy.<\/p>\n<p>W trakcie zebrania b\u0119d\u0105 przyjmowane zapisy na kulig po\u0142\u0105czony z &#8222;Walentynkami&#8221;, kt\u00f3ry odb\u0119dzie si\u0119 15 lutego (odp\u0142atno\u015b\u0107\u00a0\u00a020 z\u0142) oraz na wyjazd 22 lutego na edukacj\u0119 le\u015bn\u0105\u00a0 w terenie, do Nadle\u015bnictwa Spychowo &#8211; (odp\u0142atno\u015b\u0107 35 z\u0142).<\/p>\n","protected":false},"excerpt":{"rendered":"<p>Jak zwykle w pierwszy czwartek miesi\u0105ca, w sali Regionalnej Dyrekcji Las\u00f3w Pa\u0144stwowych w Olsztynie , o godzinie 15.00, odb\u0119dzie si\u0119 kolejne spotkanie mi\u0142o\u015bnik\u00f3w lasu.\u00a0B\u0119dzie ciekawie, a nawet bardzo ciekawie. Nasze zaproszenie przyj\u0105\u0142 Pan Adam Ge\u0142don, kt\u00f3ry go\u015bci\u0142 u nas ju\u017c trzykrotnie. Poprzednio tematem jego wyk\u0142ad\u00f3w by\u0142y wilki, indianie, \u00a0capoeira ( sztuka walki wywodz\u0105ca si\u0119 z [&hellip;]<\/p>\n","protected":false},"author":1,"featured_media":0,"comment_status":"open","ping_status":"open","sticky":false,"template":"","format":"standard","meta":{"footnotes":""},"categories":[1,5,3],"tags":[],"class_list":["post-889","post","type-post","status-publish","format-standard","hentry","category-bez-kategorii","category-wycieczki","category-zebrania"],"_links":{"self":[{"href":"https:\/\/www.milosnicylasu.olsztyn.pl\/index.php?rest_route=\/wp\/v2\/posts\/889","targetHints":{"allow":["GET"]}}],"collection":[{"href":"https:\/\/www.milosnicylasu.olsztyn.pl\/index.php?rest_route=\/wp\/v2\/posts"}],"about":[{"href":"https:\/\/www.milosnicylasu.olsztyn.pl\/index.php?rest_route=\/wp\/v2\/types\/post"}],"author":[{"embeddable":true,"href":"https:\/\/www.milosnicylasu.olsztyn.pl\/index.php?rest_route=\/wp\/v2\/users\/1"}],"replies":[{"embeddable":true,"href":"https:\/\/www.milosnicylasu.olsztyn.pl\/index.php?rest_route=%2Fwp%2Fv2%2Fcomments&post=889"}],"version-history":[{"count":3,"href":"https:\/\/www.milosnicylasu.olsztyn.pl\/index.php?rest_route=\/wp\/v2\/posts\/889\/revisions"}],"predecessor-version":[{"id":895,"href":"https:\/\/www.milosnicylasu.olsztyn.pl\/index.php?rest_route=\/wp\/v2\/posts\/889\/revisions\/895"}],"wp:attachment":[{"href":"https:\/\/www.milosnicylasu.olsztyn.pl\/index.php?rest_route=%2Fwp%2Fv2%2Fmedia&parent=889"}],"wp:term":[{"taxonomy":"category","embeddable":true,"href":"https:\/\/www.milosnicylasu.olsztyn.pl\/index.php?rest_route=%2Fwp%2Fv2%2Fcategories&post=889"},{"taxonomy":"post_tag","embeddable":true,"href":"https:\/\/www.milosnicylasu.olsztyn.pl\/index.php?rest_route=%2Fwp%2Fv2%2Ftags&post=889"}],"curies":[{"name":"wp","href":"https:\/\/api.w.org\/{rel}","templated":true}]}}