{"id":8899,"date":"2024-08-04T07:55:04","date_gmt":"2024-08-04T05:55:04","guid":{"rendered":"https:\/\/www.milosnicylasu.olsztyn.pl\/?p=8899"},"modified":"2024-08-08T07:54:15","modified_gmt":"2024-08-08T05:54:15","slug":"35-lecie-arboretum-w-kudypach-i-swieto-pszczol","status":"publish","type":"post","link":"https:\/\/www.milosnicylasu.olsztyn.pl\/?p=8899","title":{"rendered":"35-lecie Arboretum w Kudypach i \u015awi\u0119to pszcz\u00f3\u0142"},"content":{"rendered":"<p>&nbsp;<\/p>\n<p><a href=\"https:\/\/www.milosnicylasu.olsztyn.pl\/wp-content\/uploads\/2024\/08\/P8020245-www.jpg\" data-rel=\"lightbox-image-0\" data-magnific_type=\"image\" data-rl_title=\"\" data-rl_caption=\"\" title=\"\"><img loading=\"lazy\" decoding=\"async\" class=\"size-medium wp-image-8917 alignleft\" src=\"https:\/\/www.milosnicylasu.olsztyn.pl\/wp-content\/uploads\/2024\/08\/P8020245-www-300x225.jpg\" alt=\"\" width=\"300\" height=\"225\" srcset=\"https:\/\/www.milosnicylasu.olsztyn.pl\/wp-content\/uploads\/2024\/08\/P8020245-www-300x225.jpg 300w, https:\/\/www.milosnicylasu.olsztyn.pl\/wp-content\/uploads\/2024\/08\/P8020245-www-768x576.jpg 768w, https:\/\/www.milosnicylasu.olsztyn.pl\/wp-content\/uploads\/2024\/08\/P8020245-www.jpg 1024w\" sizes=\"auto, (max-width: 300px) 100vw, 300px\" \/><\/a><\/p>\n<p><strong>Le\u015bne Arboretum Warmii i Mazur<\/strong> to ogr\u00f3d botaniczny, kt\u00f3ry w swoich kolekcjach prezentuje ponad tysi\u0105c gatunk\u00f3w i odmian drzew i krzew\u00f3w. Ten jedyny w Polsce p\u00f3\u0142nocno-wschodniej, po\u0142o\u017cony zaledwie kilka kilometr\u00f3w od Olsztyna ogr\u00f3d prowadzony przez le\u015bnik\u00f3w ko\u0144czy w\u0142a\u015bnie 35 lat.<\/p>\n<p><a href=\"https:\/\/www.milosnicylasu.olsztyn.pl\/wp-content\/uploads\/2024\/08\/P8020223-www.jpg\" data-rel=\"lightbox-image-1\" data-magnific_type=\"image\" data-rl_title=\"\" data-rl_caption=\"\" title=\"\"><img loading=\"lazy\" decoding=\"async\" class=\"size-medium wp-image-8918\" src=\"https:\/\/www.milosnicylasu.olsztyn.pl\/wp-content\/uploads\/2024\/08\/P8020223-www-300x225.jpg\" alt=\"\" width=\"300\" height=\"225\" srcset=\"https:\/\/www.milosnicylasu.olsztyn.pl\/wp-content\/uploads\/2024\/08\/P8020223-www-300x225.jpg 300w, https:\/\/www.milosnicylasu.olsztyn.pl\/wp-content\/uploads\/2024\/08\/P8020223-www-768x576.jpg 768w, https:\/\/www.milosnicylasu.olsztyn.pl\/wp-content\/uploads\/2024\/08\/P8020223-www.jpg 1024w\" sizes=\"auto, (max-width: 300px) 100vw, 300px\" \/><\/a><\/p>\n<p>Na uroczyste obchody, kt\u00f3re\u00a0 odby\u0142y si\u0119 2 sierpnia 2024 roku by\u0142 zaproszony prezes Ko\u0142a Anatol Leszczy\u0144ski.<\/p>\n<p><a href=\"https:\/\/www.milosnicylasu.olsztyn.pl\/wp-content\/uploads\/2024\/08\/P8030251-www.jpg\" data-rel=\"lightbox-image-2\" data-magnific_type=\"image\" data-rl_title=\"\" data-rl_caption=\"\" title=\"\"><img loading=\"lazy\" decoding=\"async\" class=\"size-medium wp-image-8901 alignright\" src=\"https:\/\/www.milosnicylasu.olsztyn.pl\/wp-content\/uploads\/2024\/08\/P8030251-www-300x225.jpg\" alt=\"\" width=\"300\" height=\"225\" srcset=\"https:\/\/www.milosnicylasu.olsztyn.pl\/wp-content\/uploads\/2024\/08\/P8030251-www-300x225.jpg 300w, https:\/\/www.milosnicylasu.olsztyn.pl\/wp-content\/uploads\/2024\/08\/P8030251-www-768x576.jpg 768w, https:\/\/www.milosnicylasu.olsztyn.pl\/wp-content\/uploads\/2024\/08\/P8030251-www.jpg 1024w\" sizes=\"auto, (max-width: 300px) 100vw, 300px\" \/><\/a><\/p>\n<p><a href=\"https:\/\/www.milosnicylasu.olsztyn.pl\/wp-content\/uploads\/2024\/08\/DSCN7362-www.jpg\" data-rel=\"lightbox-image-3\" data-magnific_type=\"image\" data-rl_title=\"\" data-rl_caption=\"\" title=\"\"><img loading=\"lazy\" decoding=\"async\" class=\"size-medium wp-image-8902 aligncenter\" src=\"https:\/\/www.milosnicylasu.olsztyn.pl\/wp-content\/uploads\/2024\/08\/DSCN7362-www-300x225.jpg\" alt=\"\" width=\"300\" height=\"225\" srcset=\"https:\/\/www.milosnicylasu.olsztyn.pl\/wp-content\/uploads\/2024\/08\/DSCN7362-www-300x225.jpg 300w, https:\/\/www.milosnicylasu.olsztyn.pl\/wp-content\/uploads\/2024\/08\/DSCN7362-www-768x576.jpg 768w, https:\/\/www.milosnicylasu.olsztyn.pl\/wp-content\/uploads\/2024\/08\/DSCN7362-www.jpg 1024w\" sizes=\"auto, (max-width: 300px) 100vw, 300px\" \/><\/a>Nast\u0119pnego dnia 3 sierpnia, cz\u0142onkowie Ko\u0142a Mi\u0142o\u015bnik\u00f3w Lasu i Militari\u00f3w LOK przy ATW w Olsztynie obchodzili w Arboretum w Kudypach \u015awi\u0119to Pszcz\u00f3\u0142. W czasie uroczysto\u015bci zosta\u0142y wr\u0119czone nagrody dla zwyci\u0119zc\u00f3w w konkursie fotograficznym\u00a0 &#8211; zdj\u0119cia z Arboretum, a nast\u0119pnie brali\u015bmy udzia\u0142 w budowaniu domk\u00f3w dla owad\u00f3w &#8211; nowe do\u015bwiadczenie, z kt\u00f3rym wszyscy sobie \u015bwietnie poradzili. Dzisiaj jest drugi dzie\u0144\u00a0 pszczelego \u015bwi\u0119ta. Arboretum zaprasza od godziny 11.00.Wczoraj by\u0142o du\u017co doros\u0142ych ale te\u017c rodzin z dzie\u0107mi, kt\u00f3rzy wys\u0142uchali wielu ciekawostek o pszczo\u0142ach podczas w\u0119dr\u00f3wki &#8222;\u015bcie\u017ck\u0105 pszczelarza&#8221;, malowali\u00a0\u00a0 obrazki -na plasterkach z drewna, robili domki&#8230;&#8230;.Fajna impreza,w pi\u0119knym otoczeniu przyrody, z mi\u0142ymi le\u015bnikami&#8230;..Mo\u017ce warto skorzysta\u0107&#8230;&#8230;<a href=\"https:\/\/www.milosnicylasu.olsztyn.pl\/wp-content\/uploads\/2024\/08\/DSCN7365-www.jpg\" data-rel=\"lightbox-image-4\" data-magnific_type=\"image\" data-rl_title=\"\" data-rl_caption=\"\" title=\"\"><img loading=\"lazy\" decoding=\"async\" class=\"size-medium wp-image-8903 alignright\" src=\"https:\/\/www.milosnicylasu.olsztyn.pl\/wp-content\/uploads\/2024\/08\/DSCN7365-www-300x225.jpg\" alt=\"\" width=\"300\" height=\"225\" srcset=\"https:\/\/www.milosnicylasu.olsztyn.pl\/wp-content\/uploads\/2024\/08\/DSCN7365-www-300x225.jpg 300w, https:\/\/www.milosnicylasu.olsztyn.pl\/wp-content\/uploads\/2024\/08\/DSCN7365-www-768x576.jpg 768w, https:\/\/www.milosnicylasu.olsztyn.pl\/wp-content\/uploads\/2024\/08\/DSCN7365-www.jpg 1024w\" sizes=\"auto, (max-width: 300px) 100vw, 300px\" \/><\/a><\/p>\n<p><a href=\"https:\/\/www.milosnicylasu.olsztyn.pl\/wp-content\/uploads\/2024\/08\/P8030262-www.jpg\" data-rel=\"lightbox-image-5\" data-magnific_type=\"image\" data-rl_title=\"\" data-rl_caption=\"\" title=\"\"><img loading=\"lazy\" decoding=\"async\" class=\"size-medium wp-image-8904 alignleft\" src=\"https:\/\/www.milosnicylasu.olsztyn.pl\/wp-content\/uploads\/2024\/08\/P8030262-www-300x225.jpg\" alt=\"\" width=\"300\" height=\"225\" srcset=\"https:\/\/www.milosnicylasu.olsztyn.pl\/wp-content\/uploads\/2024\/08\/P8030262-www-300x225.jpg 300w, https:\/\/www.milosnicylasu.olsztyn.pl\/wp-content\/uploads\/2024\/08\/P8030262-www-768x576.jpg 768w, https:\/\/www.milosnicylasu.olsztyn.pl\/wp-content\/uploads\/2024\/08\/P8030262-www.jpg 1024w\" sizes=\"auto, (max-width: 300px) 100vw, 300px\" \/><\/a><\/p>\n","protected":false},"excerpt":{"rendered":"<p>&nbsp; Le\u015bne Arboretum Warmii i Mazur to ogr\u00f3d botaniczny, kt\u00f3ry w swoich kolekcjach prezentuje ponad tysi\u0105c gatunk\u00f3w i odmian drzew i krzew\u00f3w. Ten jedyny w Polsce p\u00f3\u0142nocno-wschodniej, po\u0142o\u017cony zaledwie kilka kilometr\u00f3w od Olsztyna ogr\u00f3d prowadzony przez le\u015bnik\u00f3w ko\u0144czy w\u0142a\u015bnie 35 lat. Na uroczyste obchody, kt\u00f3re\u00a0 odby\u0142y si\u0119 2 sierpnia 2024 roku by\u0142 zaproszony prezes Ko\u0142a [&hellip;]<\/p>\n","protected":false},"author":2,"featured_media":0,"comment_status":"open","ping_status":"open","sticky":false,"template":"","format":"standard","meta":{"footnotes":""},"categories":[1,9,17],"tags":[],"class_list":["post-8899","post","type-post","status-publish","format-standard","hentry","category-bez-kategorii","category-ciekawostki","category-edukacja-w-terenie"],"_links":{"self":[{"href":"https:\/\/www.milosnicylasu.olsztyn.pl\/index.php?rest_route=\/wp\/v2\/posts\/8899","targetHints":{"allow":["GET"]}}],"collection":[{"href":"https:\/\/www.milosnicylasu.olsztyn.pl\/index.php?rest_route=\/wp\/v2\/posts"}],"about":[{"href":"https:\/\/www.milosnicylasu.olsztyn.pl\/index.php?rest_route=\/wp\/v2\/types\/post"}],"author":[{"embeddable":true,"href":"https:\/\/www.milosnicylasu.olsztyn.pl\/index.php?rest_route=\/wp\/v2\/users\/2"}],"replies":[{"embeddable":true,"href":"https:\/\/www.milosnicylasu.olsztyn.pl\/index.php?rest_route=%2Fwp%2Fv2%2Fcomments&post=8899"}],"version-history":[{"count":7,"href":"https:\/\/www.milosnicylasu.olsztyn.pl\/index.php?rest_route=\/wp\/v2\/posts\/8899\/revisions"}],"predecessor-version":[{"id":8920,"href":"https:\/\/www.milosnicylasu.olsztyn.pl\/index.php?rest_route=\/wp\/v2\/posts\/8899\/revisions\/8920"}],"wp:attachment":[{"href":"https:\/\/www.milosnicylasu.olsztyn.pl\/index.php?rest_route=%2Fwp%2Fv2%2Fmedia&parent=8899"}],"wp:term":[{"taxonomy":"category","embeddable":true,"href":"https:\/\/www.milosnicylasu.olsztyn.pl\/index.php?rest_route=%2Fwp%2Fv2%2Fcategories&post=8899"},{"taxonomy":"post_tag","embeddable":true,"href":"https:\/\/www.milosnicylasu.olsztyn.pl\/index.php?rest_route=%2Fwp%2Fv2%2Ftags&post=8899"}],"curies":[{"name":"wp","href":"https:\/\/api.w.org\/{rel}","templated":true}]}}