{"id":8925,"date":"2024-08-21T11:37:43","date_gmt":"2024-08-21T09:37:43","guid":{"rendered":"https:\/\/www.milosnicylasu.olsztyn.pl\/?p=8925"},"modified":"2024-08-22T07:35:43","modified_gmt":"2024-08-22T05:35:43","slug":"sen-nocy-letniej-i-powojenne-wspomnienia","status":"publish","type":"post","link":"https:\/\/www.milosnicylasu.olsztyn.pl\/?p=8925","title":{"rendered":"Sen nocy letniej"},"content":{"rendered":"<p>Tyle wok\u00f3\u0142 nas zagro\u017ce\u0144, kt\u00f3re jeszcze mo\u017ce nas na szcz\u0119\u015bcie wszystkie bezpo\u015brednio nie dotykaj\u0105 &#8211; wojny, epidemie, zmiany klimatu w wyniku kt\u00f3rych huragany niszcz\u0105 zabudowania, wyrywaj\u0105 drzewa, powodzie&#8230;&#8230;<\/p>\n<p><a href=\"https:\/\/www.milosnicylasu.olsztyn.pl\/wp-content\/uploads\/2024\/08\/1723668518827-www4-20.jpg\" data-rel=\"lightbox-image-0\" data-magnific_type=\"image\" data-rl_title=\"\" data-rl_caption=\"\" title=\"\"><img loading=\"lazy\" decoding=\"async\" class=\"size-medium wp-image-8927 alignleft\" src=\"https:\/\/www.milosnicylasu.olsztyn.pl\/wp-content\/uploads\/2024\/08\/1723668518827-www4-20-181x300.jpg\" alt=\"\" width=\"181\" height=\"300\" srcset=\"https:\/\/www.milosnicylasu.olsztyn.pl\/wp-content\/uploads\/2024\/08\/1723668518827-www4-20-181x300.jpg 181w, https:\/\/www.milosnicylasu.olsztyn.pl\/wp-content\/uploads\/2024\/08\/1723668518827-www4-20.jpg 619w\" sizes=\"auto, (max-width: 181px) 100vw, 181px\" \/><\/a>W tej sytuacji proponuj\u0119 aby\u015bmy przenie\u015bli si\u0119 w \u015bwiat daj\u0105cy troch\u0119 &#8222;oddechu&#8221; . Na wystaw\u0119 Pani Marii Wasilewskiej Fr\u0105gnowskiej trafi\u0142am troch\u0119 przypadkowo i wysz\u0142am zauroczona. To s\u0105 nasze klimaty&#8230;.las ptaszki, motyle, jeziora i bardzo wyciszona posta\u0107 kobiety. <a href=\"https:\/\/www.milosnicylasu.olsztyn.pl\/wp-content\/uploads\/2024\/08\/1723668518799-www3.jpg\" data-rel=\"lightbox-image-1\" data-magnific_type=\"image\" data-rl_title=\"\" data-rl_caption=\"\" title=\"\"><img loading=\"lazy\" decoding=\"async\" class=\"size-medium wp-image-8928 alignright\" src=\"https:\/\/www.milosnicylasu.olsztyn.pl\/wp-content\/uploads\/2024\/08\/1723668518799-www3-285x300.jpg\" alt=\"\" width=\"285\" height=\"300\" srcset=\"https:\/\/www.milosnicylasu.olsztyn.pl\/wp-content\/uploads\/2024\/08\/1723668518799-www3-285x300.jpg 285w, https:\/\/www.milosnicylasu.olsztyn.pl\/wp-content\/uploads\/2024\/08\/1723668518799-www3-974x1024.jpg 974w, https:\/\/www.milosnicylasu.olsztyn.pl\/wp-content\/uploads\/2024\/08\/1723668518799-www3-768x807.jpg 768w, https:\/\/www.milosnicylasu.olsztyn.pl\/wp-content\/uploads\/2024\/08\/1723668518799-www3-1461x1536.jpg 1461w, https:\/\/www.milosnicylasu.olsztyn.pl\/wp-content\/uploads\/2024\/08\/1723668518799-www3-1948x2048.jpg 1948w\" sizes=\"auto, (max-width: 285px) 100vw, 285px\" \/><\/a><\/p>\n<p>W informacji o wystawie :<\/p>\n<p><em>&#8222;Sen nocy letniej\u201d to osobista historia, kt\u00f3ra pisze si\u0119 sama w obrazach i rozwija poprzez uczucia, wra\u017cliwo\u015b\u0107, relacje. To marzenie o utopii, spowodowane odruchami serca i wra\u017cliwo\u015bci\u0105 na Innego, przeczucie nieustannej dychotomii istnienia miedzy marzeniem, snem, a tward\u0105 rzeczywisto\u015bci\u0105 jawy.<a href=\"https:\/\/www.milosnicylasu.olsztyn.pl\/wp-content\/uploads\/2024\/08\/1723668518842-www1-1.jpg\" data-rel=\"lightbox-image-2\" data-magnific_type=\"image\" data-rl_title=\"\" data-rl_caption=\"\" title=\"\"><img loading=\"lazy\" decoding=\"async\" class=\"size-medium wp-image-8929 aligncenter\" src=\"https:\/\/www.milosnicylasu.olsztyn.pl\/wp-content\/uploads\/2024\/08\/1723668518842-www1-1-199x300.jpg\" alt=\"\" width=\"199\" height=\"300\" srcset=\"https:\/\/www.milosnicylasu.olsztyn.pl\/wp-content\/uploads\/2024\/08\/1723668518842-www1-1-199x300.jpg 199w, https:\/\/www.milosnicylasu.olsztyn.pl\/wp-content\/uploads\/2024\/08\/1723668518842-www1-1.jpg 678w\" sizes=\"auto, (max-width: 199px) 100vw, 199px\" \/><\/a><\/em><\/p>\n<p><em>Wystawa jest przegl\u0105dem najnowszych obraz\u00f3w artystki, ale r\u00f3wnocze\u015bnie prezentuje wybrane prace z wcze\u015bniejszych cykl\u00f3w, kt\u00f3re da\u0142y zaczyn i otworzy\u0142y drog\u0119 do kolejnych poszukiwa\u0144 tw\u00f3rczych i wykreowania innego \u015bwiata wyobra\u017ani, refleksji i interpretacji.<\/em><\/p>\n<p>Wystawa jest jeszcze czynna do 1.09.2024 r &#8211; sala g\u0142\u00f3wna BWA Olsztyn<\/p>\n<h2 class=\"entry-title\"><a>NIEDZIELNE OPROWADZANIE W BWA<\/a><\/h2>\n<div class=\"entry-content\">\n<p>Serdecznie zapraszamy na oprowadzanie po aktualnych\u00a0wystawach<strong> 25 sierpnia\u00a0(niedziela) o godz. 12:00.<\/strong><\/p>\n<p>&nbsp;<\/p>\n<ul>\n<li><strong>\u201eSen nocy letniej\u201d<\/strong> \u2013 po wystawie oprowadzi artystka Marta Wasilewska-Fr\u0105gnowska<\/li>\n<li><strong>Jan Bu\u0142hak \u201eKrajobrazy. Warmia i Mazury 1946-1949&#8243; <\/strong>\u2013 o wystawie opowie Monika Sadowska<\/li>\n<\/ul>\n<p>Spotkanie wprowadzi uczestnik\u00f3w w tematyk\u0119 bie\u017c\u0105cych wystaw zrealizowanych przez Galeri\u0119. Skierowane jest do wszystkich odbiorc\u00f3w, a udzia\u0142 nie wymaga zapisu. Spotykamy si\u0119 w Holu Galerii BWA.<\/p>\n<\/div>\n<p>&nbsp;<\/p>\n<p>&nbsp;<\/p>\n","protected":false},"excerpt":{"rendered":"<p>Tyle wok\u00f3\u0142 nas zagro\u017ce\u0144, kt\u00f3re jeszcze mo\u017ce nas na szcz\u0119\u015bcie wszystkie bezpo\u015brednio nie dotykaj\u0105 &#8211; wojny, epidemie, zmiany klimatu w wyniku kt\u00f3rych huragany niszcz\u0105 zabudowania, wyrywaj\u0105 drzewa, powodzie&#8230;&#8230; W tej sytuacji proponuj\u0119 aby\u015bmy przenie\u015bli si\u0119 w \u015bwiat daj\u0105cy troch\u0119 &#8222;oddechu&#8221; . Na wystaw\u0119 Pani Marii Wasilewskiej Fr\u0105gnowskiej trafi\u0142am troch\u0119 przypadkowo i wysz\u0142am zauroczona. To s\u0105 [&hellip;]<\/p>\n","protected":false},"author":2,"featured_media":0,"comment_status":"open","ping_status":"open","sticky":false,"template":"","format":"standard","meta":{"footnotes":""},"categories":[1,9,17,4],"tags":[],"class_list":["post-8925","post","type-post","status-publish","format-standard","hentry","category-bez-kategorii","category-ciekawostki","category-edukacja-w-terenie","category-wystawy"],"_links":{"self":[{"href":"https:\/\/www.milosnicylasu.olsztyn.pl\/index.php?rest_route=\/wp\/v2\/posts\/8925","targetHints":{"allow":["GET"]}}],"collection":[{"href":"https:\/\/www.milosnicylasu.olsztyn.pl\/index.php?rest_route=\/wp\/v2\/posts"}],"about":[{"href":"https:\/\/www.milosnicylasu.olsztyn.pl\/index.php?rest_route=\/wp\/v2\/types\/post"}],"author":[{"embeddable":true,"href":"https:\/\/www.milosnicylasu.olsztyn.pl\/index.php?rest_route=\/wp\/v2\/users\/2"}],"replies":[{"embeddable":true,"href":"https:\/\/www.milosnicylasu.olsztyn.pl\/index.php?rest_route=%2Fwp%2Fv2%2Fcomments&post=8925"}],"version-history":[{"count":4,"href":"https:\/\/www.milosnicylasu.olsztyn.pl\/index.php?rest_route=\/wp\/v2\/posts\/8925\/revisions"}],"predecessor-version":[{"id":8933,"href":"https:\/\/www.milosnicylasu.olsztyn.pl\/index.php?rest_route=\/wp\/v2\/posts\/8925\/revisions\/8933"}],"wp:attachment":[{"href":"https:\/\/www.milosnicylasu.olsztyn.pl\/index.php?rest_route=%2Fwp%2Fv2%2Fmedia&parent=8925"}],"wp:term":[{"taxonomy":"category","embeddable":true,"href":"https:\/\/www.milosnicylasu.olsztyn.pl\/index.php?rest_route=%2Fwp%2Fv2%2Fcategories&post=8925"},{"taxonomy":"post_tag","embeddable":true,"href":"https:\/\/www.milosnicylasu.olsztyn.pl\/index.php?rest_route=%2Fwp%2Fv2%2Ftags&post=8925"}],"curies":[{"name":"wp","href":"https:\/\/api.w.org\/{rel}","templated":true}]}}