{"id":8954,"date":"2024-10-05T07:47:19","date_gmt":"2024-10-05T05:47:19","guid":{"rendered":"https:\/\/www.milosnicylasu.olsztyn.pl\/?p=8954"},"modified":"2024-10-05T08:40:06","modified_gmt":"2024-10-05T06:40:06","slug":"zaczynany","status":"publish","type":"post","link":"https:\/\/www.milosnicylasu.olsztyn.pl\/?p=8954","title":{"rendered":"Spotkanie w RDLP w Olsztynie"},"content":{"rendered":"<p><strong>3.10.2024r. odby\u0142o si\u0119 pierwsze po przerwie wakacyjnej spotkanie Cz\u0142onk\u00f3w Ko\u0142a Mi\u0142o\u015bnik\u00f3w Lasu i Militari\u00f3w LOK przy ATW w Olsztynie.<\/strong><\/p>\n<p>Spotkanie by\u0142o po\u015bwi\u0119cone propozycjom do plan pracy Ko\u0142a na 2025r. Cz\u0142onkowie maj\u0105 zastanowi\u0107 si\u0119, co chc\u0105 zobaczy\u0107, jakie zaplanowa\u0107 wycieczki i wyjazdowe edukacje, tematyka spotka\u0144 &#8211; szkole\u0144 edukacyjnych. Wnioski i uwagi maj\u0105 przed\u0142o\u017cy\u0107 na kolejnym zebraniu w dniu 07.11.2024r, co u\u0142atwi zaplanowanie naszych przysz\u0142ych spotka\u0144. Prezes Ko\u0142a Anatol Leszczy\u0144ski przedstawi\u0142 plan zamierze\u0144 na pa\u017adziernik. W dalszym ci\u0105gu b\u0119dziemy ucz\u0119szczali na sobotnie rajdy z kijkami. B\u0119dziemy spotykali si\u0119 w soboty o godzinie 10,00 na p\u0119tli MPK Stary Dw\u00f3r \u2013 Kortowo, w dniach 05, 12, 19, 26 Prowadz\u0105cymi b\u0119d\u0105 Stefania Jarczyk i J\u00f3zek Gazda. B\u0119dziemy spacerowa\u0107 po le\u015bnych \u015bcie\u017ckach \u201e Wojtkowego Lasu\u201d.\u00a0 Pa\u017adziernik sprzyja grzybobraniom, wi\u0119c b\u0119dzie okazja do zrobienia zapas\u00f3w na zim\u0119.<\/p>\n<p><strong>Kolejnym punktem by\u0142o przygotowanie do Konkursu w \u015bpiewaniu Piosenek patriotycznych<\/strong>, Osoby ch\u0119tne zg\u0142aszaj\u0105 uczestnictwa do Rysi i Micha\u0142a K\u0142\u0119bukowskich. Zako\u0144czenie konkursu odb\u0119dzie si\u0119 w dniu 09.11.2024R. podczas obchod\u00f3w 106 rocznicy Odzyskania Niepodleg\u0142o\u015bci spotkania organizowanego przez Nasze Ko\u0142o<\/p>\n<p>Na zako\u0144czenie przy le\u015bnym ognisku osoby \u015bpiewaj\u0105ce otrzymaj\u0105 wyr\u00f3\u017cnienia.<\/p>\n<p>Podczas listopadowego zebrania w dniu 07.11.2024r. skarbnik Ko\u0142a Wiesia Filipek b\u0119dzie zbiera\u0142a po 10,00z\u0142.<\/p>\n<p><strong>\u00a0 Zarz\u0105d Ko\u0142a og\u0142osi\u0142 apel wsparcia finansowego powodzian<\/strong>, cz\u0142onkowie mog\u0105 dokona\u0107 wp\u0142aty u Wiesi Filipek -skarbnik Ko\u0142a. Pieni\u0105dze zostan\u0105 wp\u0142acone na sprawdzone konto bankowe podawane w telewizji.<\/p>\n<p><strong>W czasie przerwy wakacyjnej na stronie internetowej Ko\u0142a zosta\u0142 og\u0142oszony Konkurs fotograficzny<\/strong> \u201e Moje<strong> Wakacje 2024r<\/strong>. \u201d Zgodnie z regulaminem zosta\u0142y zg\u0142oszone i dostarczone prace konkursowe. Z pracami zapoznali si\u0119 i oceniali uczestnicy zebrania, odby\u0142o si\u0119 g\u0142osowanie nad najciekawszym uj\u0119ciem z wakacji. Prace konkursowe dostarczy\u0142y 8 os\u00f3b w tym 2 prace nie spe\u0142nia\u0142y wymogom regulaminu, nie wzi\u0119\u0142y udzia\u0142u w ocenie.<\/p>\n<p><strong>\u00a0<\/strong><\/p>\n<p><a href=\"https:\/\/www.milosnicylasu.olsztyn.pl\/wp-content\/uploads\/2024\/10\/PA040045-www.jpg\" data-rel=\"lightbox-image-0\" data-magnific_type=\"image\" data-rl_title=\"\" data-rl_caption=\"\" title=\"\"><img loading=\"lazy\" decoding=\"async\" class=\"size-medium wp-image-8956 alignleft\" src=\"https:\/\/www.milosnicylasu.olsztyn.pl\/wp-content\/uploads\/2024\/10\/PA040045-www-300x225.jpg\" alt=\"\" width=\"300\" height=\"225\" srcset=\"https:\/\/www.milosnicylasu.olsztyn.pl\/wp-content\/uploads\/2024\/10\/PA040045-www-300x225.jpg 300w, https:\/\/www.milosnicylasu.olsztyn.pl\/wp-content\/uploads\/2024\/10\/PA040045-www-768x576.jpg 768w, https:\/\/www.milosnicylasu.olsztyn.pl\/wp-content\/uploads\/2024\/10\/PA040045-www.jpg 1024w\" sizes=\"auto, (max-width: 300px) 100vw, 300px\" \/><\/a><\/p>\n<p><strong>Komisja konkursowa w sk\u0142adzie: Stefania Jarczyk, Grzegorz K\u0142uczek, J\u00f3zef Gazda<\/strong> dokonali policzenia oddanych g\u0142os\u00f3w na poszczeg\u00f3lne zdj\u0119cia, w dw\u00f3ch kategoriach: <em>Najwi\u0119ksz\u0105 ilo\u015b\u0107 punk\u00f3w uzyska\u0142y prace:<\/em><\/p>\n<p><strong><strong><strong> M\u0142odzie\u017c szkolna I miejsce Magda Ciura<\/strong><\/strong><\/strong><\/p>\n<p>&nbsp;<\/p>\n<p><a href=\"https:\/\/www.milosnicylasu.olsztyn.pl\/wp-content\/uploads\/2024\/10\/PA040048-www.jpg\" data-rel=\"lightbox-image-1\" data-magnific_type=\"image\" data-rl_title=\"\" data-rl_caption=\"\" title=\"\"><img loading=\"lazy\" decoding=\"async\" class=\"size-medium wp-image-8958\" src=\"https:\/\/www.milosnicylasu.olsztyn.pl\/wp-content\/uploads\/2024\/10\/PA040048-www-300x225.jpg\" alt=\"\" width=\"300\" height=\"225\" srcset=\"https:\/\/www.milosnicylasu.olsztyn.pl\/wp-content\/uploads\/2024\/10\/PA040048-www-300x225.jpg 300w, https:\/\/www.milosnicylasu.olsztyn.pl\/wp-content\/uploads\/2024\/10\/PA040048-www-768x576.jpg 768w, https:\/\/www.milosnicylasu.olsztyn.pl\/wp-content\/uploads\/2024\/10\/PA040048-www.jpg 1024w\" sizes=\"auto, (max-width: 300px) 100vw, 300px\" \/><\/a><\/p>\n<p><strong><strong>II miejsce Kuba Ciura<\/strong><\/strong><\/p>\n<p>&nbsp;<\/p>\n<p><strong>Seniorzy I miejsce Maria Igli\u0144ska II miejsce Bo\u017cena Jakubek III miejsce Wies\u0142awa Filipek<\/strong><\/p>\n<p><a href=\"https:\/\/www.milosnicylasu.olsztyn.pl\/wp-content\/uploads\/2024\/10\/PA040043-www.jpg\" data-rel=\"lightbox-image-2\" data-magnific_type=\"image\" data-rl_title=\"\" data-rl_caption=\"\" title=\"\"><img loading=\"lazy\" decoding=\"async\" class=\"size-medium wp-image-8960\" src=\"https:\/\/www.milosnicylasu.olsztyn.pl\/wp-content\/uploads\/2024\/10\/PA040043-www-300x225.jpg\" alt=\"\" width=\"300\" height=\"225\" srcset=\"https:\/\/www.milosnicylasu.olsztyn.pl\/wp-content\/uploads\/2024\/10\/PA040043-www-300x225.jpg 300w, https:\/\/www.milosnicylasu.olsztyn.pl\/wp-content\/uploads\/2024\/10\/PA040043-www-768x576.jpg 768w, https:\/\/www.milosnicylasu.olsztyn.pl\/wp-content\/uploads\/2024\/10\/PA040043-www.jpg 1024w\" sizes=\"auto, (max-width: 300px) 100vw, 300px\" \/><\/a><\/p>\n<p>W imieniu Zarz\u0105du Ko\u0142a gratulujemy zwyci\u0119zcom konkursu a wszystkim uczestnikom dzi\u0119kujemy za udzia\u0142. Wr\u0119czenie upomink\u00f3w odb\u0119dzie si\u0119 na listopadowym spotkaniu, prace, kt\u00f3re zosta\u0142y dostarczone przez uczestnik\u00f3w z Bia\u0142egostoku zostan\u0105 przes\u0142ane poczt\u0105.<\/p>\n<p><strong>Pa\u017adziernikowa nagroda miesi\u0105ca zosta\u0142a wr\u0119czona nowej Kole\u017cance Ewie Za\u0142\u0119ckiej .Sponsorem upominku by\u0142 Adam Siemakowicz<\/strong><\/p>\n","protected":false},"excerpt":{"rendered":"<p>3.10.2024r. odby\u0142o si\u0119 pierwsze po przerwie wakacyjnej spotkanie Cz\u0142onk\u00f3w Ko\u0142a Mi\u0142o\u015bnik\u00f3w Lasu i Militari\u00f3w LOK przy ATW w Olsztynie. Spotkanie by\u0142o po\u015bwi\u0119cone propozycjom do plan pracy Ko\u0142a na 2025r. Cz\u0142onkowie maj\u0105 zastanowi\u0107 si\u0119, co chc\u0105 zobaczy\u0107, jakie zaplanowa\u0107 wycieczki i wyjazdowe edukacje, tematyka spotka\u0144 &#8211; szkole\u0144 edukacyjnych. Wnioski i uwagi maj\u0105 przed\u0142o\u017cy\u0107 na kolejnym zebraniu [&hellip;]<\/p>\n","protected":false},"author":2,"featured_media":0,"comment_status":"open","ping_status":"open","sticky":false,"template":"","format":"standard","meta":{"footnotes":""},"categories":[1,9,15],"tags":[],"class_list":["post-8954","post","type-post","status-publish","format-standard","hentry","category-bez-kategorii","category-ciekawostki","category-komkurs"],"_links":{"self":[{"href":"https:\/\/www.milosnicylasu.olsztyn.pl\/index.php?rest_route=\/wp\/v2\/posts\/8954","targetHints":{"allow":["GET"]}}],"collection":[{"href":"https:\/\/www.milosnicylasu.olsztyn.pl\/index.php?rest_route=\/wp\/v2\/posts"}],"about":[{"href":"https:\/\/www.milosnicylasu.olsztyn.pl\/index.php?rest_route=\/wp\/v2\/types\/post"}],"author":[{"embeddable":true,"href":"https:\/\/www.milosnicylasu.olsztyn.pl\/index.php?rest_route=\/wp\/v2\/users\/2"}],"replies":[{"embeddable":true,"href":"https:\/\/www.milosnicylasu.olsztyn.pl\/index.php?rest_route=%2Fwp%2Fv2%2Fcomments&post=8954"}],"version-history":[{"count":5,"href":"https:\/\/www.milosnicylasu.olsztyn.pl\/index.php?rest_route=\/wp\/v2\/posts\/8954\/revisions"}],"predecessor-version":[{"id":8962,"href":"https:\/\/www.milosnicylasu.olsztyn.pl\/index.php?rest_route=\/wp\/v2\/posts\/8954\/revisions\/8962"}],"wp:attachment":[{"href":"https:\/\/www.milosnicylasu.olsztyn.pl\/index.php?rest_route=%2Fwp%2Fv2%2Fmedia&parent=8954"}],"wp:term":[{"taxonomy":"category","embeddable":true,"href":"https:\/\/www.milosnicylasu.olsztyn.pl\/index.php?rest_route=%2Fwp%2Fv2%2Fcategories&post=8954"},{"taxonomy":"post_tag","embeddable":true,"href":"https:\/\/www.milosnicylasu.olsztyn.pl\/index.php?rest_route=%2Fwp%2Fv2%2Ftags&post=8954"}],"curies":[{"name":"wp","href":"https:\/\/api.w.org\/{rel}","templated":true}]}}