{"id":8966,"date":"2024-11-04T10:00:07","date_gmt":"2024-11-04T09:00:07","guid":{"rendered":"https:\/\/www.milosnicylasu.olsztyn.pl\/?p=8966"},"modified":"2024-11-04T10:01:13","modified_gmt":"2024-11-04T09:01:13","slug":"spotkamy-sie-6-listopada2024-roku","status":"publish","type":"post","link":"https:\/\/www.milosnicylasu.olsztyn.pl\/?p=8966","title":{"rendered":"Spotkamy si\u0119 6 listopada2024 roku"},"content":{"rendered":"<p><a href=\"https:\/\/www.milosnicylasu.olsztyn.pl\/wp-content\/uploads\/2023\/10\/DSCN6821-www.jpg\" data-rel=\"lightbox-image-0\" data-magnific_type=\"image\" data-rl_title=\"\" data-rl_caption=\"\" title=\"\"><img loading=\"lazy\" decoding=\"async\" class=\"size-medium wp-image-8246 alignleft\" src=\"https:\/\/www.milosnicylasu.olsztyn.pl\/wp-content\/uploads\/2023\/10\/DSCN6821-www-300x225.jpg\" alt=\"\" width=\"300\" height=\"225\" srcset=\"https:\/\/www.milosnicylasu.olsztyn.pl\/wp-content\/uploads\/2023\/10\/DSCN6821-www-300x225.jpg 300w, https:\/\/www.milosnicylasu.olsztyn.pl\/wp-content\/uploads\/2023\/10\/DSCN6821-www-768x576.jpg 768w, https:\/\/www.milosnicylasu.olsztyn.pl\/wp-content\/uploads\/2023\/10\/DSCN6821-www.jpg 1024w\" sizes=\"auto, (max-width: 300px) 100vw, 300px\" \/><\/a>6 listopada 2024r. o godzinie 15.00 odb\u0119dzie si\u0119 kolejne ciekawe spotkanie w ramach \u201eCzwartkowych spotka\u0144 ekologicznych&#8221; w Regionalnej Dyrekcji Las\u00f3w Pa\u0144stwowych w Olsztynie. Wyk\u0142ad poprowadzi pracownik Nadle\u015bnictwa Kudypy\u00a0 \u2013 niespodzianka,\u00a0 warto przyj\u015b\u0107. Serdecznie zapraszamy!<\/p>\n<p>W cz\u0119\u015bci organizacyjnej b\u0119d\u0105 omawiane sprawy dotycz\u0105ce organizacji obchod\u00f3w 106 rocznicy Odzyskania Niepodleg\u0142o\u015bci, kt\u00f3re w naszym Kole\u00a0 odb\u0119dzie si\u0119 9 listopada 2024 roku. Przypominamy, \u017ce wpisowe na to \u015awi\u0119to wynosi 10,0 z\u0142. Osoby, kt\u00f3re nie ui\u015bci\u0142y op\u0142aty a chc\u0105 uczestniczy\u0107, b\u0119d\u0105 mog\u0142y wp\u0142aci\u0107\u00a0 jeszcze 6 listopada.<\/p>\n<p>I jeszcze jedna wa\u017cna sprawa &#8211; prosimy\u00a0 o propozycje do planu pracy na 2025 rok. Mo\u017ce w ramach naszych czwartkowych spotka\u0144\u00a0 cz\u0142onkowie, kt\u00f3rzy sp\u0119dzali czas urlop\u00f3w w ciekawych miejscach zechc\u0105 przekaza\u0107 swoje wra\u017cenia innym? By\u0142oby mi\u0142o, a nawet bardzo mi\u0142o !<\/p>\n<p>Do zobaczenia w czwartek.<\/p>\n","protected":false},"excerpt":{"rendered":"<p>6 listopada 2024r. o godzinie 15.00 odb\u0119dzie si\u0119 kolejne ciekawe spotkanie w ramach \u201eCzwartkowych spotka\u0144 ekologicznych&#8221; w Regionalnej Dyrekcji Las\u00f3w Pa\u0144stwowych w Olsztynie. Wyk\u0142ad poprowadzi pracownik Nadle\u015bnictwa Kudypy\u00a0 \u2013 niespodzianka,\u00a0 warto przyj\u015b\u0107. Serdecznie zapraszamy! W cz\u0119\u015bci organizacyjnej b\u0119d\u0105 omawiane sprawy dotycz\u0105ce organizacji obchod\u00f3w 106 rocznicy Odzyskania Niepodleg\u0142o\u015bci, kt\u00f3re w naszym Kole\u00a0 odb\u0119dzie si\u0119 9 listopada [&hellip;]<\/p>\n","protected":false},"author":2,"featured_media":0,"comment_status":"open","ping_status":"open","sticky":false,"template":"","format":"standard","meta":{"footnotes":""},"categories":[1,17,3],"tags":[],"class_list":["post-8966","post","type-post","status-publish","format-standard","hentry","category-bez-kategorii","category-edukacja-w-terenie","category-zebrania"],"_links":{"self":[{"href":"https:\/\/www.milosnicylasu.olsztyn.pl\/index.php?rest_route=\/wp\/v2\/posts\/8966","targetHints":{"allow":["GET"]}}],"collection":[{"href":"https:\/\/www.milosnicylasu.olsztyn.pl\/index.php?rest_route=\/wp\/v2\/posts"}],"about":[{"href":"https:\/\/www.milosnicylasu.olsztyn.pl\/index.php?rest_route=\/wp\/v2\/types\/post"}],"author":[{"embeddable":true,"href":"https:\/\/www.milosnicylasu.olsztyn.pl\/index.php?rest_route=\/wp\/v2\/users\/2"}],"replies":[{"embeddable":true,"href":"https:\/\/www.milosnicylasu.olsztyn.pl\/index.php?rest_route=%2Fwp%2Fv2%2Fcomments&post=8966"}],"version-history":[{"count":1,"href":"https:\/\/www.milosnicylasu.olsztyn.pl\/index.php?rest_route=\/wp\/v2\/posts\/8966\/revisions"}],"predecessor-version":[{"id":8967,"href":"https:\/\/www.milosnicylasu.olsztyn.pl\/index.php?rest_route=\/wp\/v2\/posts\/8966\/revisions\/8967"}],"wp:attachment":[{"href":"https:\/\/www.milosnicylasu.olsztyn.pl\/index.php?rest_route=%2Fwp%2Fv2%2Fmedia&parent=8966"}],"wp:term":[{"taxonomy":"category","embeddable":true,"href":"https:\/\/www.milosnicylasu.olsztyn.pl\/index.php?rest_route=%2Fwp%2Fv2%2Fcategories&post=8966"},{"taxonomy":"post_tag","embeddable":true,"href":"https:\/\/www.milosnicylasu.olsztyn.pl\/index.php?rest_route=%2Fwp%2Fv2%2Ftags&post=8966"}],"curies":[{"name":"wp","href":"https:\/\/api.w.org\/{rel}","templated":true}]}}