{"id":8991,"date":"2024-11-11T20:08:42","date_gmt":"2024-11-11T19:08:42","guid":{"rendered":"https:\/\/www.milosnicylasu.olsztyn.pl\/?p=8991"},"modified":"2024-11-12T16:00:59","modified_gmt":"2024-11-12T15:00:59","slug":"106-rocznicy-odzyskania-niepodleglosci","status":"publish","type":"post","link":"https:\/\/www.milosnicylasu.olsztyn.pl\/?p=8991","title":{"rendered":"106 Rocznica Odzyskania Niepodleg\u0142o\u015bci"},"content":{"rendered":"<p><a href=\"https:\/\/www.milosnicylasu.olsztyn.pl\/wp-content\/uploads\/2024\/11\/PB090389-www.jpg\" data-rel=\"lightbox-image-0\" data-magnific_type=\"image\" data-rl_title=\"\" data-rl_caption=\"\" title=\"\"><img loading=\"lazy\" decoding=\"async\" class=\"size-medium wp-image-9003 alignleft\" src=\"https:\/\/www.milosnicylasu.olsztyn.pl\/wp-content\/uploads\/2024\/11\/PB090389-www-300x225.jpg\" alt=\"\" width=\"300\" height=\"225\" srcset=\"https:\/\/www.milosnicylasu.olsztyn.pl\/wp-content\/uploads\/2024\/11\/PB090389-www-300x225.jpg 300w, https:\/\/www.milosnicylasu.olsztyn.pl\/wp-content\/uploads\/2024\/11\/PB090389-www-768x576.jpg 768w, https:\/\/www.milosnicylasu.olsztyn.pl\/wp-content\/uploads\/2024\/11\/PB090389-www.jpg 1024w\" sizes=\"auto, (max-width: 300px) 100vw, 300px\" \/><\/a><\/p>\n<h2>Narodowe \u015awi\u0119to Niepodleg\u0142o\u015bci.<\/h2>\n<h2>11 listopada to symboliczna data<\/h2>\n<p>11 listopada 1918 roku w Compi\u00e8gne podpisano rozejm pomi\u0119dzy pa\u0144stwami Ententy i Cesarstwem Niemieckim, kt\u00f3ry oficjalnie ko\u0144czy\u0142 I Wojn\u0119 \u015awiatow\u0105. <strong>Na mocy tego porozumienia Polska po 123 latach zabor\u00f3w powr\u00f3ci\u0142a na map\u0119, odzyskuj\u0105c niepodleg\u0142o\u015b\u0107<\/strong>. Tego dnia do Warszawy powr\u00f3ci\u0142 r\u00f3wnie\u017c marsza\u0142ek J\u00f3zef Pi\u0142sudski, kt\u00f3remu Rada Regencyjna przekaza\u0142a w\u0142adz\u0119 wojskow\u0105 oraz zwierzchnictwo nad polskim wojskiem.<\/p>\n<p>Z okazji 106 Rocznicy Odzyskania Niepodleg\u0142o\u015bci,\u00a0 9 listopada 2024 roku odby\u0142o si\u0119 spotkanie Ko\u0142a Mi\u0142o\u015bnik\u00f3w Lasu i Militari\u00f3w LOK przy Akademii Trzeciego Wieku w Olsztynie w Le\u015bnictwie Stary Dw\u00f3r, Nadle\u015bnictwa Kudypy.<\/p>\n<p>Na pocz\u0105tku spotkania Prezes Ko\u0142a Anatol Leszczy\u0144ski wr\u0119czy\u0142 legitymacj\u0119 cz\u0142onkowsk\u0105<strong> Danucie \u00a0Piotrowicz. Cieszymy si\u0119, \u017ce nasze szeregi rosn\u0105. Mamy nadziej\u0119, \u017ce\u00a0 nowa kole\u017canka b\u0119dzie dobrze czu\u0142a si\u0119 w naszym gronie mi\u0142o\u015bnik\u00f3w lasu.<\/strong><\/p>\n<p><a href=\"https:\/\/www.milosnicylasu.olsztyn.pl\/wp-content\/uploads\/2024\/11\/PB090391-www.jpg\" data-rel=\"lightbox-image-1\" data-magnific_type=\"image\" data-rl_title=\"\" data-rl_caption=\"\" title=\"\"><img loading=\"lazy\" decoding=\"async\" class=\"size-medium wp-image-8995 aligncenter\" src=\"https:\/\/www.milosnicylasu.olsztyn.pl\/wp-content\/uploads\/2024\/11\/PB090391-www-300x225.jpg\" alt=\"\" width=\"300\" height=\"225\" srcset=\"https:\/\/www.milosnicylasu.olsztyn.pl\/wp-content\/uploads\/2024\/11\/PB090391-www-300x225.jpg 300w, https:\/\/www.milosnicylasu.olsztyn.pl\/wp-content\/uploads\/2024\/11\/PB090391-www-768x576.jpg 768w, https:\/\/www.milosnicylasu.olsztyn.pl\/wp-content\/uploads\/2024\/11\/PB090391-www.jpg 1024w\" sizes=\"auto, (max-width: 300px) 100vw, 300px\" \/><\/a><\/p>\n<p><strong>\u00a0Nast\u0119pnie \u00a0poinformowa\u0142, \u017ce z okazji wielkiego narodowego \u015awi\u0119ta przyznane zosta\u0142y medale i odznaczenia i tak:<\/strong><\/p>\n<ul>\n<li><strong>Dyrektor Biura Warmi\u0144sko \u2013 Mazurskiej Organizacji Wojew\u00f3dzkiej Ligi Obrony Kraju w <\/strong><strong>Olsztynie przyzna\u0142 srebrn\u0105 Odznak\u0119 Sprawno\u015bci Obronnej<\/strong><strong>:<a href=\"https:\/\/www.milosnicylasu.olsztyn.pl\/wp-content\/uploads\/2024\/11\/DSCN7486www-1.jpg\" data-rel=\"lightbox-image-2\" data-magnific_type=\"image\" data-rl_title=\"\" data-rl_caption=\"\" title=\"\"><img loading=\"lazy\" decoding=\"async\" class=\"size-medium wp-image-9013 alignleft\" src=\"https:\/\/www.milosnicylasu.olsztyn.pl\/wp-content\/uploads\/2024\/11\/DSCN7486www-1-300x225.jpg\" alt=\"\" width=\"300\" height=\"225\" srcset=\"https:\/\/www.milosnicylasu.olsztyn.pl\/wp-content\/uploads\/2024\/11\/DSCN7486www-1-300x225.jpg 300w, https:\/\/www.milosnicylasu.olsztyn.pl\/wp-content\/uploads\/2024\/11\/DSCN7486www-1-768x576.jpg 768w, https:\/\/www.milosnicylasu.olsztyn.pl\/wp-content\/uploads\/2024\/11\/DSCN7486www-1.jpg 1024w\" sizes=\"auto, (max-width: 300px) 100vw, 300px\" \/><\/a><\/strong><\/li>\n<\/ul>\n<ol>\n<li>El\u017cbiecie Rejniak<\/li>\n<li>Teresie Mielczarskiej<\/li>\n<li>Jakubowi Ciura<\/li>\n<\/ol>\n<ul>\n<li><strong>P\u00f3\u0142nocno \u2013 Wschodni Zarz\u0105d Regionalny Ligi Obrony Kraju w Olsztynie za du\u017cy wk\u0142ad pracy i wspieranie dzia\u0142alno\u015bci statutowej Ko\u0142a, wyr\u00f3\u017cni\u0142<\/strong><\/li>\n<\/ul>\n<p><strong>Srebrn\u0105 odznak\u0105 \u201eZas\u0142u\u017cony Dzia\u0142acz Ligi Obrony Kraju\u201d<\/strong><\/p>\n<ol>\n<li>Ew\u0119 Zaj\u0105c<\/li>\n<li>Piotra Mioduszewskiego<\/li>\n<li>Mieszka Godlewskiego<\/li>\n<li>Zenona Piotrowicza<\/li>\n<li>Wojciecha Kozio\u0142<\/li>\n<\/ol>\n<p>&nbsp;<\/p>\n<ul>\n<li><strong><a href=\"https:\/\/www.milosnicylasu.olsztyn.pl\/wp-content\/uploads\/2024\/11\/DSCN7495-www.jpg\" data-rel=\"lightbox-image-3\" data-magnific_type=\"image\" data-rl_title=\"\" data-rl_caption=\"\" title=\"\"><img loading=\"lazy\" decoding=\"async\" class=\"size-medium wp-image-8997 alignleft\" src=\"https:\/\/www.milosnicylasu.olsztyn.pl\/wp-content\/uploads\/2024\/11\/DSCN7495-www-300x225.jpg\" alt=\"\" width=\"300\" height=\"225\" srcset=\"https:\/\/www.milosnicylasu.olsztyn.pl\/wp-content\/uploads\/2024\/11\/DSCN7495-www-300x225.jpg 300w, https:\/\/www.milosnicylasu.olsztyn.pl\/wp-content\/uploads\/2024\/11\/DSCN7495-www-768x576.jpg 768w, https:\/\/www.milosnicylasu.olsztyn.pl\/wp-content\/uploads\/2024\/11\/DSCN7495-www.jpg 1024w\" sizes=\"auto, (max-width: 300px) 100vw, 300px\" \/><\/a>Za okazan\u0105 pomoc i wspieranie w realizacji planu pracy Ko\u0142a, Kapitu\u0142a Odznak i Medali \u2013 nada\u0142a nast\u0119puj\u0105cym osobom: <\/strong><\/li>\n<\/ul>\n<p><strong>Medal Pami\u0105tkowy z okazji 106 rocznicy Odzyskania Niepodleg\u0142o\u015bci<\/strong>.<\/p>\n<ol>\n<li>Adamowi Czajkowskiemu<\/li>\n<li>Tomaszowi Pampuchowi<\/li>\n<li>Adamowi Owsiejko<\/li>\n<li>Zofii Krai\u0144skiej<\/li>\n<li>Paulinie Rutkowskiej<\/li>\n<li>Markowi Dzier\u017cyk<\/li>\n<li>Adamowi Siemakowiczowi<\/li>\n<li>Mariuszowi Dawidowicz<\/li>\n<li>Jaros\u0142awowi Turek<\/li>\n<\/ol>\n<ul>\n<li><strong>Za d\u0142ugoletni\u0105 dzia\u0142alno\u015b\u0107 na rzecz Ligi Obrony Kraju wsparcie w realizacji statutowych dzia\u0142a\u0144 Ko\u0142a. Prezes Ligi Obrony Kraju Na podstawie Uchwa\u0142y Rady Krajowej Ligi Obrony Kraju Nr 18 \/ 2023 z dnia 15.12.2023r.<\/strong><\/li>\n<\/ul>\n<p><a href=\"https:\/\/www.milosnicylasu.olsztyn.pl\/wp-content\/uploads\/2024\/11\/PB090393-www.jpg\" data-rel=\"lightbox-image-4\" data-magnific_type=\"image\" data-rl_title=\"\" data-rl_caption=\"\" title=\"\"><img loading=\"lazy\" decoding=\"async\" class=\"size-medium wp-image-8996 alignright\" src=\"https:\/\/www.milosnicylasu.olsztyn.pl\/wp-content\/uploads\/2024\/11\/PB090393-www-300x225.jpg\" alt=\"\" width=\"300\" height=\"225\" srcset=\"https:\/\/www.milosnicylasu.olsztyn.pl\/wp-content\/uploads\/2024\/11\/PB090393-www-300x225.jpg 300w, https:\/\/www.milosnicylasu.olsztyn.pl\/wp-content\/uploads\/2024\/11\/PB090393-www-768x576.jpg 768w, https:\/\/www.milosnicylasu.olsztyn.pl\/wp-content\/uploads\/2024\/11\/PB090393-www.jpg 1024w\" sizes=\"auto, (max-width: 300px) 100vw, 300px\" \/><\/a><\/p>\n<p>&nbsp;<\/p>\n<p><strong>\u00a0<\/strong><strong>Nadaje Medal 80- lecia Ligi Obrony Kraju \u201eZa Zas\u0142ugi\u201d<\/strong><\/p>\n<ol>\n<li>Mariannie Bonis\u0142awskiej<\/li>\n<li>Miros\u0142awowi Borsuk<\/li>\n<li>Kamilowi Dubczyk<\/li>\n<li>Wojciechowi D\u0105browskiemu<\/li>\n<li>Wies\u0142awie Filipek<\/li>\n<li>Janowi Filipek<\/li>\n<li>J\u00f3zefowi Gazda<\/li>\n<li>Marii Igli\u0144skiej<\/li>\n<li>Stefanii Jarczyk<\/li>\n<li>Antoniemu Jarczyk<\/li>\n<li>Tomaszowi Kicowskiemu<\/li>\n<li>Grzegorzowi Kluczek<\/li>\n<li>Micha\u0142owi K\u0142\u0119bukowskiemu<\/li>\n<li>Krystynie Leszczy\u0144skiej<\/li>\n<li>Adamowi Siemakowicz<\/li>\n<li>Dariuszowi Sobotka<\/li>\n<li>Anatolowi Leszczy\u0144skiemu<\/li>\n<\/ol>\n<p><strong>Podpisa\u0142 Prezes Ligi Obrony Kraju p\u0142k. Jerzy Salamucha.<\/strong><\/p>\n<p><a href=\"https:\/\/www.milosnicylasu.olsztyn.pl\/wp-content\/uploads\/2024\/11\/PB090401-www.jpg\" data-rel=\"lightbox-image-5\" data-magnific_type=\"image\" data-rl_title=\"\" data-rl_caption=\"\" title=\"\"><img loading=\"lazy\" decoding=\"async\" class=\"size-medium wp-image-8998 alignleft\" src=\"https:\/\/www.milosnicylasu.olsztyn.pl\/wp-content\/uploads\/2024\/11\/PB090401-www-300x225.jpg\" alt=\"\" width=\"300\" height=\"225\" srcset=\"https:\/\/www.milosnicylasu.olsztyn.pl\/wp-content\/uploads\/2024\/11\/PB090401-www-300x225.jpg 300w, https:\/\/www.milosnicylasu.olsztyn.pl\/wp-content\/uploads\/2024\/11\/PB090401-www-768x576.jpg 768w, https:\/\/www.milosnicylasu.olsztyn.pl\/wp-content\/uploads\/2024\/11\/PB090401-www.jpg 1024w\" sizes=\"auto, (max-width: 300px) 100vw, 300px\" \/><\/a><\/p>\n<p><strong>Po uroczystym wr\u0119czeniu medali i odznacze\u0144 odby\u0142 si\u0119 konkurs pie\u015bni patriotycznych, kt\u00f3ry zorganizowa\u0142a i by\u0142a g\u0142\u00f3wnym dyrygentem <\/strong><strong>Rysia K\u0142\u0119bukowska.<\/strong><\/p>\n<p><a href=\"https:\/\/www.milosnicylasu.olsztyn.pl\/wp-content\/uploads\/2024\/11\/PB090399-www.jpg\" data-rel=\"lightbox-image-6\" data-magnific_type=\"image\" data-rl_title=\"\" data-rl_caption=\"\" title=\"\"><img loading=\"lazy\" decoding=\"async\" class=\"size-medium wp-image-8999 alignleft\" src=\"https:\/\/www.milosnicylasu.olsztyn.pl\/wp-content\/uploads\/2024\/11\/PB090399-www-300x225.jpg\" alt=\"\" width=\"300\" height=\"225\" srcset=\"https:\/\/www.milosnicylasu.olsztyn.pl\/wp-content\/uploads\/2024\/11\/PB090399-www-300x225.jpg 300w, https:\/\/www.milosnicylasu.olsztyn.pl\/wp-content\/uploads\/2024\/11\/PB090399-www-768x576.jpg 768w, https:\/\/www.milosnicylasu.olsztyn.pl\/wp-content\/uploads\/2024\/11\/PB090399-www.jpg 1024w\" sizes=\"auto, (max-width: 300px) 100vw, 300px\" \/><\/a><\/p>\n<p>W konkurencji juniorzy udzia\u0142 bra\u0142y: Zuzia D\u0105browska, Ola Brzeska, Bartosz Pampuch<\/p>\n<p>W konkurencji doro\u015bli:<\/p>\n<p><a href=\"https:\/\/www.milosnicylasu.olsztyn.pl\/wp-content\/uploads\/2024\/11\/PB090403-www.jpg\" data-rel=\"lightbox-image-7\" data-magnific_type=\"image\" data-rl_title=\"\" data-rl_caption=\"\" title=\"\"><img loading=\"lazy\" decoding=\"async\" class=\"size-medium wp-image-9000 aligncenter\" src=\"https:\/\/www.milosnicylasu.olsztyn.pl\/wp-content\/uploads\/2024\/11\/PB090403-www-300x225.jpg\" alt=\"\" width=\"300\" height=\"225\" srcset=\"https:\/\/www.milosnicylasu.olsztyn.pl\/wp-content\/uploads\/2024\/11\/PB090403-www-300x225.jpg 300w, https:\/\/www.milosnicylasu.olsztyn.pl\/wp-content\/uploads\/2024\/11\/PB090403-www-768x576.jpg 768w, https:\/\/www.milosnicylasu.olsztyn.pl\/wp-content\/uploads\/2024\/11\/PB090403-www.jpg 1024w\" sizes=\"auto, (max-width: 300px) 100vw, 300px\" \/><\/a><\/p>\n<p>Maria Igli\u0144ska, Teresa Mielczarska, Dorota Ta\u0144ska, Wies\u0142awa Filipek, Basia Bruzgo, Ela Piwo\u0144ska, Marianna Bonis\u0142awska, Marylka Soral \u2013 \u015amietana<\/p>\n<p><a href=\"https:\/\/www.milosnicylasu.olsztyn.pl\/wp-content\/uploads\/2024\/11\/PB090404-www.jpg\" data-rel=\"lightbox-image-8\" data-magnific_type=\"image\" data-rl_title=\"\" data-rl_caption=\"\" title=\"\"><img loading=\"lazy\" decoding=\"async\" class=\"size-medium wp-image-9001 alignleft\" src=\"https:\/\/www.milosnicylasu.olsztyn.pl\/wp-content\/uploads\/2024\/11\/PB090404-www-300x225.jpg\" alt=\"\" width=\"300\" height=\"225\" srcset=\"https:\/\/www.milosnicylasu.olsztyn.pl\/wp-content\/uploads\/2024\/11\/PB090404-www-300x225.jpg 300w, https:\/\/www.milosnicylasu.olsztyn.pl\/wp-content\/uploads\/2024\/11\/PB090404-www-768x576.jpg 768w, https:\/\/www.milosnicylasu.olsztyn.pl\/wp-content\/uploads\/2024\/11\/PB090404-www.jpg 1024w\" sizes=\"auto, (max-width: 300px) 100vw, 300px\" \/><\/a><\/p>\n<p><strong>Uczestnikom tego konkursu wr\u0119czone zosta\u0142y z\u0142ote medale pami\u0105tkowe z Okazji 106 Rocznicy Odzyskania Niepodleg\u0142o\u015bci, a od zebranych otrzymali ogromne brawa.<\/strong><\/p>\n<p>Nast\u0119pnie wsp\u00f3lnie za\u015bpiewali\u015bmy\u00a0 kilka znanych piosenek, korzystaj\u0105c z wydrukowanych \u015bpiewnik\u00f3w. Na zako\u0144czenie spotkania \u00a0odby\u0142 si\u0119 le\u015bny pocz\u0119stunek. By\u0142y ciasteczka, cukierki, przy ognisku pieczono kie\u0142baski.<a href=\"https:\/\/www.milosnicylasu.olsztyn.pl\/wp-content\/uploads\/2024\/11\/DSCN7520-www.jpg\" data-rel=\"lightbox-image-9\" data-magnific_type=\"image\" data-rl_title=\"\" data-rl_caption=\"\" title=\"\"><img loading=\"lazy\" decoding=\"async\" class=\"alignnone size-medium wp-image-9004\" src=\"https:\/\/www.milosnicylasu.olsztyn.pl\/wp-content\/uploads\/2024\/11\/DSCN7520-www-300x225.jpg\" alt=\"\" width=\"300\" height=\"225\" srcset=\"https:\/\/www.milosnicylasu.olsztyn.pl\/wp-content\/uploads\/2024\/11\/DSCN7520-www-300x225.jpg 300w, https:\/\/www.milosnicylasu.olsztyn.pl\/wp-content\/uploads\/2024\/11\/DSCN7520-www-768x576.jpg 768w, https:\/\/www.milosnicylasu.olsztyn.pl\/wp-content\/uploads\/2024\/11\/DSCN7520-www.jpg 1024w\" sizes=\"auto, (max-width: 300px) 100vw, 300px\" \/><\/a><\/p>\n<p><a href=\"https:\/\/www.milosnicylasu.olsztyn.pl\/wp-content\/uploads\/2024\/11\/PB090406-www.jpg\" data-rel=\"lightbox-image-10\" data-magnific_type=\"image\" data-rl_title=\"\" data-rl_caption=\"\" title=\"\"><img loading=\"lazy\" decoding=\"async\" class=\"size-medium wp-image-9002 alignleft\" src=\"https:\/\/www.milosnicylasu.olsztyn.pl\/wp-content\/uploads\/2024\/11\/PB090406-www-300x225.jpg\" alt=\"\" width=\"300\" height=\"225\" srcset=\"https:\/\/www.milosnicylasu.olsztyn.pl\/wp-content\/uploads\/2024\/11\/PB090406-www-300x225.jpg 300w, https:\/\/www.milosnicylasu.olsztyn.pl\/wp-content\/uploads\/2024\/11\/PB090406-www-768x576.jpg 768w, https:\/\/www.milosnicylasu.olsztyn.pl\/wp-content\/uploads\/2024\/11\/PB090406-www.jpg 1024w\" sizes=\"auto, (max-width: 300px) 100vw, 300px\" \/><\/a><\/p>\n<p><strong>Stra\u017cnicy ogniska: Antoni Jarczyk i J\u00f3zek Gazda r\u00f3wnie\u017c zostali wyr\u00f3\u017cnieni medalami pami\u0105tkowymi z okazji 106 rocznicy Odzyskania Niepodleg\u0142o\u015bci. <a href=\"https:\/\/www.milosnicylasu.olsztyn.pl\/wp-content\/uploads\/2024\/11\/DSCN7525-www.jpg\" data-rel=\"lightbox-image-11\" data-magnific_type=\"image\" data-rl_title=\"\" data-rl_caption=\"\" title=\"\"><img loading=\"lazy\" decoding=\"async\" class=\"size-medium wp-image-9016 alignright\" src=\"https:\/\/www.milosnicylasu.olsztyn.pl\/wp-content\/uploads\/2024\/11\/DSCN7525-www-300x225.jpg\" alt=\"\" width=\"300\" height=\"225\" srcset=\"https:\/\/www.milosnicylasu.olsztyn.pl\/wp-content\/uploads\/2024\/11\/DSCN7525-www-300x225.jpg 300w, https:\/\/www.milosnicylasu.olsztyn.pl\/wp-content\/uploads\/2024\/11\/DSCN7525-www-768x576.jpg 768w, https:\/\/www.milosnicylasu.olsztyn.pl\/wp-content\/uploads\/2024\/11\/DSCN7525-www.jpg 1024w\" sizes=\"auto, (max-width: 300px) 100vw, 300px\" \/><\/a><\/strong><\/p>\n<p>Wszystkim odznaczonym gratulujemy. Nadle\u015bnictwom Kudypy i Myszyniec serdecznie dzi\u0119kujemy za wsparcie i pomoc. Dzi\u0119kujemy \u00a0zaproszonym go\u015bciom \u00a0za udzia\u0142 \u00a0i wsp\u00f3lne \u015bpiewanie.<a href=\"https:\/\/www.milosnicylasu.olsztyn.pl\/wp-content\/uploads\/2024\/11\/DSCN7533-www.jpg\" data-rel=\"lightbox-image-12\" data-magnific_type=\"image\" data-rl_title=\"\" data-rl_caption=\"\" title=\"\"><img loading=\"lazy\" decoding=\"async\" class=\"size-medium wp-image-9010 aligncenter\" src=\"https:\/\/www.milosnicylasu.olsztyn.pl\/wp-content\/uploads\/2024\/11\/DSCN7533-www-300x225.jpg\" alt=\"\" width=\"300\" height=\"225\" srcset=\"https:\/\/www.milosnicylasu.olsztyn.pl\/wp-content\/uploads\/2024\/11\/DSCN7533-www-300x225.jpg 300w, https:\/\/www.milosnicylasu.olsztyn.pl\/wp-content\/uploads\/2024\/11\/DSCN7533-www-768x576.jpg 768w, https:\/\/www.milosnicylasu.olsztyn.pl\/wp-content\/uploads\/2024\/11\/DSCN7533-www.jpg 1024w\" sizes=\"auto, (max-width: 300px) 100vw, 300px\" \/><\/a><\/p>\n<p>zdj\u0119cia i tekst: Krystyna i Anatol Leszczy\u0144scy<\/p>\n<p>&nbsp;<\/p>\n","protected":false},"excerpt":{"rendered":"<p>Narodowe \u015awi\u0119to Niepodleg\u0142o\u015bci. 11 listopada to symboliczna data 11 listopada 1918 roku w Compi\u00e8gne podpisano rozejm pomi\u0119dzy pa\u0144stwami Ententy i Cesarstwem Niemieckim, kt\u00f3ry oficjalnie ko\u0144czy\u0142 I Wojn\u0119 \u015awiatow\u0105. Na mocy tego porozumienia Polska po 123 latach zabor\u00f3w powr\u00f3ci\u0142a na map\u0119, odzyskuj\u0105c niepodleg\u0142o\u015b\u0107. Tego dnia do Warszawy powr\u00f3ci\u0142 r\u00f3wnie\u017c marsza\u0142ek J\u00f3zef Pi\u0142sudski, kt\u00f3remu Rada Regencyjna przekaza\u0142a [&hellip;]<\/p>\n","protected":false},"author":2,"featured_media":0,"comment_status":"open","ping_status":"open","sticky":false,"template":"","format":"standard","meta":{"footnotes":""},"categories":[1,9,17,15,19,6],"tags":[],"class_list":["post-8991","post","type-post","status-publish","format-standard","hentry","category-bez-kategorii","category-ciekawostki","category-edukacja-w-terenie","category-komkurs","category-nasze-zdjecia","category-odznaczenia"],"_links":{"self":[{"href":"https:\/\/www.milosnicylasu.olsztyn.pl\/index.php?rest_route=\/wp\/v2\/posts\/8991","targetHints":{"allow":["GET"]}}],"collection":[{"href":"https:\/\/www.milosnicylasu.olsztyn.pl\/index.php?rest_route=\/wp\/v2\/posts"}],"about":[{"href":"https:\/\/www.milosnicylasu.olsztyn.pl\/index.php?rest_route=\/wp\/v2\/types\/post"}],"author":[{"embeddable":true,"href":"https:\/\/www.milosnicylasu.olsztyn.pl\/index.php?rest_route=\/wp\/v2\/users\/2"}],"replies":[{"embeddable":true,"href":"https:\/\/www.milosnicylasu.olsztyn.pl\/index.php?rest_route=%2Fwp%2Fv2%2Fcomments&post=8991"}],"version-history":[{"count":14,"href":"https:\/\/www.milosnicylasu.olsztyn.pl\/index.php?rest_route=\/wp\/v2\/posts\/8991\/revisions"}],"predecessor-version":[{"id":9019,"href":"https:\/\/www.milosnicylasu.olsztyn.pl\/index.php?rest_route=\/wp\/v2\/posts\/8991\/revisions\/9019"}],"wp:attachment":[{"href":"https:\/\/www.milosnicylasu.olsztyn.pl\/index.php?rest_route=%2Fwp%2Fv2%2Fmedia&parent=8991"}],"wp:term":[{"taxonomy":"category","embeddable":true,"href":"https:\/\/www.milosnicylasu.olsztyn.pl\/index.php?rest_route=%2Fwp%2Fv2%2Fcategories&post=8991"},{"taxonomy":"post_tag","embeddable":true,"href":"https:\/\/www.milosnicylasu.olsztyn.pl\/index.php?rest_route=%2Fwp%2Fv2%2Ftags&post=8991"}],"curies":[{"name":"wp","href":"https:\/\/api.w.org\/{rel}","templated":true}]}}