{"id":9020,"date":"2024-11-14T07:27:12","date_gmt":"2024-11-14T06:27:12","guid":{"rendered":"https:\/\/www.milosnicylasu.olsztyn.pl\/?p=9020"},"modified":"2024-11-14T07:27:12","modified_gmt":"2024-11-14T06:27:12","slug":"bitwa-pod-kaniowem","status":"publish","type":"post","link":"https:\/\/www.milosnicylasu.olsztyn.pl\/?p=9020","title":{"rendered":"Bitwa pod Kaniowem"},"content":{"rendered":"<p><strong>Przegl\u0105daj\u0105c strony internetowe przed \u015awi\u0119tem Niepodleg\u0142o\u015bci znalaz\u0142am artyku\u0142 Pani Aleksandry Zaprutko &#8211; Janickiej. Ciekawe? Poczytajcie.<\/strong><\/p>\n<p>11 listopada jest dla Polak\u00f3w szczeg\u00f3ln\u0105 dat\u0105. Tego dnia oficjalnie obchodzona jest rocznica odzyskania przez kraj niepodleg\u0142o\u015bci. Cho\u0107 sta\u0142o si\u0119 to w 1918 roku, Narodowe \u015awi\u0119to Niepodleg\u0142o\u015bci w tym terminie zosta\u0142o ustanowione dopiero w 1937 roku.<\/p>\n<p><strong>Dzisiaj 11 listopada obchodzimy 106 rocznic\u0119 odzyskania przez nasz\u0105 Ojczyzn\u0119 niepodleg\u0142o\u015bci po 123 latach niewoli austriackiej, pruskiej i rosyjskiej. Dzie\u0144 ten zosta\u0142 uznany za \u015bwi\u0119to pa\u0144stwowe ustaw\u0105 z 23 kwietnia 1937 r. o \u015awi\u0119cie Niepodleg\u0142o\u015bci, ale uroczyste obchody odbywa\u0142y si\u0119 ju\u017c wcze\u015bniej.<\/strong><\/p>\n<p><strong>Kluczowa bitwa, o kt\u00f3rej ma\u0142o kto s\u0142ysza\u0142. Polacy walczyli do ostatniego naboju, zabili 1500 wrog\u00f3w<\/strong><\/p>\n<p>Zbli\u017caj\u0105ce si\u0119 \u015awi\u0119to Niepodleg\u0142o\u015bci to czas, w kt\u00f3rym wspominamy najwa\u017cniejsze momenty w historii Polski, a jednym z takich symboli jest bitwa pod Kaniowem. 11 maja 1918 roku w rejonie miasteczka Kani\u00f3w w guberni kijowskiej, II Korpus Polski pod dow\u00f3dztwem genera\u0142a J\u00f3zefa Hallera stoczy\u0142 heroiczny b\u00f3j z niemieckimi okupantami, kt\u00f3rzy chcieli zmusi\u0107 Polak\u00f3w do kapitulacji. Mimo przewagi liczebnej i lepszego uzbrojenia Niemc\u00f3w polscy \u017co\u0142nierze walczyli do ostatniego naboju, zadaj\u0105c wrogowi dotkliwe straty. Bitwa mia\u0142a ogromne znaczenie dla przysz\u0142ej niepodleg\u0142o\u015bci Polski.<\/p>\n<p>\u017bo\u0142nierze, kt\u00f3rymi dowodzi\u0142 pu\u0142kownik J\u00f3zef Haller, stacjonowali w okolicach niewielkiego miasteczka Kani\u00f3w, w guberni kijowskiej. Zaledwie kilka miesi\u0119cy wcze\u015bniej zbuntowali si\u0119 przeciwko decyzji o zawarciu przez pa\u0144stwa centralne pokoju z Ukrain\u0105 i przekazaniu jej cz\u0119\u015bci ziem uwa\u017canych za polskie. Legioni\u015bci przebili si\u0119 na wsch\u00f3d, przedzieraj\u0105c si\u0119 pomi\u0119dzy wojskami Niemiec i Austro-W\u0119gier. Ostatecznie stali si\u0119 cz\u0119\u015bci\u0105 II Korpusu Polskiego.<\/p>\n<p>18 kwietnia polska Rada Regencyjna nakaza\u0142a \u017co\u0142nierzom II Korpusu, zbuntowanym przeciwko Austriakom, rozlokowa\u0107 si\u0119 niedaleko Kijowa. Obozuj\u0105cych tam Polak\u00f3w zacz\u0119\u0142y powoli otacza\u0107 niemieckie oddzia\u0142y. 6 maja <strong>dow\u00f3dztwo II Korpusu us\u0142ysza\u0142o od Niemc\u00f3w ultimatum<\/strong>. Genera\u0142 Franz Hermann Zierold za\u017c\u0105da\u0142, by polscy \u017co\u0142nierze z\u0142o\u017cyli bro\u0144 w ci\u0105gu trzech godzin. My\u015bla\u0142, \u017ce to wystarczy, by za\u0142atwi\u0107 ten &#8222;problem&#8221; bez jednego wystrza\u0142u. Myli\u0142 si\u0119.<\/p>\n<p><strong>Bitwa pod Kaniowem. Uderzyli na \u015bpi\u0105cych Polak\u00f3w <\/strong><\/p>\n<p>Oddzia\u0142y dowodzone przez Hallera, zamiast sk\u0142ada\u0107 bro\u0144, zacz\u0119\u0142y gor\u0105czkowe przygotowania do obrony. Genera\u0142 Zierold wycofa\u0142 swoje ultimatum i wezwa\u0142 na miejsce posi\u0142ki.<\/p>\n<p><strong>W nocy z 10 na 11 maja Niemcy uderzyli na Polak\u00f3w<\/strong>, dos\u0142ownie rozbijaj\u0105c w puch szwadron u\u0142an\u00f3w stacjonuj\u0105cy w jednej z okolicznych miejscowo\u015bci. Jedyny ocala\u0142y \u017co\u0142nierz, mimo ran zdo\u0142a\u0142 umkn\u0105\u0107 i zaalarmowa\u0107 dow\u00f3dztwo. Walki nabiera\u0142y tempa. Cz\u0119\u015b\u0107 Polak\u00f3w zosta\u0142a zaskoczona we \u015bnie, jednak inni zd\u0105\u017cyli si\u0119 poderwa\u0107 i odpowiedzie\u0107 nieprzyjacielowi.<\/p>\n<p><strong>Dwa szwadrony u\u0142an\u00f3w, siek\u0105c szablami, przeprowadzi\u0142y brawurow\u0105 szar\u017c\u0119<\/strong>, trac\u0105c zaledwie jednego zabitego i pi\u0119ciu rannych. Kawalerzy\u015bci zasiali prawdziwe spustoszenie w szeregach zaatakowanego oddzia\u0142u, zdobyli ckm i inn\u0105 bro\u0144 oraz wzi\u0119li do niewoli 50 ludzi.<\/p>\n<p>Do wybuchu II wojny \u015bwiatowej na pami\u0105tk\u0119 tego sukcesu jeden z pu\u0142k\u00f3w polskiej kawalerii nosi\u0142 nazw\u0119<strong> u\u0142an\u00f3w kaniowskich<\/strong> i obchodzi\u0142 swoje \u015bwi\u0119to 11 maja.<\/p>\n<p><strong>My\u015bleli, \u017ce legioni\u015bci nie stawi\u0105 oporu <\/strong><\/p>\n<p>Niemcy nie spodziewali si\u0119 r\u00f3wnie zaciek\u0142ego oporu ze strony polskich \u017co\u0142nierzy. Tymczasem II Korpus nie zamierza\u0142 ust\u0119powa\u0107 ani na krok.<strong> Pozycji polskich broni\u0142o osiem tysi\u0119cy \u017co\u0142nierzy, kt\u00f3rzy niestrudzenie stawiali op\u00f3r 12 tys. nacieraj\u0105cych Niemc\u00f3w.<\/strong><\/p>\n<p>Wieczorem polskie dow\u00f3dztwo przyst\u0105pi\u0142o do obrony pozycyjnej w formacji czworoboku. Kilka godzin p\u00f3\u017aniej zaskoczeni postaw\u0105 Polak\u00f3w Niemcy zaproponowali zawieszenie broni i rokowania. Nie wiedzieli, \u017ce <strong>II Korpus i tak by\u0142by zmuszony do przyj\u0119cia ich warunk\u00f3w \u2014 Polakom sko\u0144czy\u0142a si\u0119 amunicja. <\/strong><\/p>\n<p>W my\u015bl ustale\u0144 \u017co\u0142nierze Hallera mieli z\u0142o\u017cy\u0107 bro\u0144 i wr\u00f3ci\u0107 do Polski nie jako je\u0144cy, a w celu demobilizacji lub wcielenia do innych polskich oddzia\u0142\u00f3w. Ich uzbrojenie mia\u0142o za\u015b zosta\u0107 przekazane wojsku polskiemu. <strong>Niemcy nie dotrzymali ustale\u0144. <\/strong>Po tym, jak Polacy z\u0142o\u017cyli bro\u0144, zostali ograbieni i wys\u0142ani do oboz\u00f3w jenieckich.<\/p>\n<p>Po ca\u0142ym dniu zaci\u0119tej bitwy polskie straty nie przekroczy\u0142y tysi\u0105ca zabitych i rannych. Niemcy, kt\u00f3rzy stracili 1500 \u017co\u0142nierzy, zdo\u0142ali wzi\u0105\u0107 do niewoli ponad trzy tys. polskich \u017co\u0142nierzy i 250 cz\u0142onk\u00f3w korpusu oficerskiego.<\/p>\n<p>Co z reszt\u0105 II Korpusu? <strong>Haller wraz z trzema tys. \u017co\u0142nierzy zbieg\u0142 i unikn\u0105\u0142 niewoli<\/strong>. Nast\u0119pnie przedar\u0142 si\u0119 do Francji, gdzie zaj\u0105\u0142 si\u0119 tworzeniem s\u0142ynnej B\u0142\u0119kitnej Armii.<\/p>\n<p><strong>Ogromne znaczenie dla odzyskania niepodleg\u0142o\u015bci <\/strong><\/p>\n<p>Z punktu widzenia strategicznego by\u0142a to jedna z najwa\u017cniejszych polskich bitew I wojny \u015bwiatowej. <strong>B\u00f3j pod Kaniowem, w chwili najwi\u0119kszych zwyci\u0119stw Niemc\u00f3w na zachodzie i wschodzie, mia\u0142 ogromne znaczenie polityczne i moralne dla ca\u0142ego narodu polskiego<\/strong>, jako protest or\u0119\u017cny przeciw przemocy okupant\u00f3w, jedynej pod\u00f3wczas, niezale\u017cnej Polskiej Si\u0142y Zbrojnej.<\/p>\n<p>Co prawda Polacy przegrali, jednak walczyli do ko\u0144ca i m\u0119\u017cnie stawiali czo\u0142a przewa\u017caj\u0105cym si\u0142om wroga. <strong>Cz\u0119\u015b\u0107 z nich zdo\u0142a\u0142a si\u0119 wyrwa\u0107 z r\u0105k nieprzyjaciela i kontynuowa\u0107 walk\u0119<\/strong>. By\u0142o to niezwykle wa\u017cne z punktu widzenia propagandowego i pozwoli\u0142o na znaczne podniesienie morale w narodzie.<\/p>\n<p><strong>Dzi\u0119ki tej bitwie kraje Ententy w ko\u0144cu dostrzeg\u0142y w Polakach sojusznika<\/strong> i u\u015bwiadomi\u0142y sobie, \u017ce jednym ze skutk\u00f3w wojny b\u0119dzie powstanie niepodleg\u0142ego pa\u0144stwa polskiego. Wobec przychylnej postawy Francji, Wielkiej Brytanii i USA <strong>mo\u017cliwe by\u0142o stworzenie doskonale uzbrojonej i wyszkolonej B\u0142\u0119kitnej Armii<\/strong>, kt\u00f3ra nie tylko wspaniale reprezentowa\u0142a polskie starania o odzyskanie niepodleg\u0142o\u015bci, ale odegra\u0142a te\u017c wielk\u0105 rol\u0119 w odparciu bolszewik\u00f3w w 1920 r.<\/p>\n<p><em>\u00a0<\/em><\/p>\n","protected":false},"excerpt":{"rendered":"<p>Przegl\u0105daj\u0105c strony internetowe przed \u015awi\u0119tem Niepodleg\u0142o\u015bci znalaz\u0142am artyku\u0142 Pani Aleksandry Zaprutko &#8211; Janickiej. Ciekawe? Poczytajcie. 11 listopada jest dla Polak\u00f3w szczeg\u00f3ln\u0105 dat\u0105. Tego dnia oficjalnie obchodzona jest rocznica odzyskania przez kraj niepodleg\u0142o\u015bci. Cho\u0107 sta\u0142o si\u0119 to w 1918 roku, Narodowe \u015awi\u0119to Niepodleg\u0142o\u015bci w tym terminie zosta\u0142o ustanowione dopiero w 1937 roku. Dzisiaj 11 listopada obchodzimy [&hellip;]<\/p>\n","protected":false},"author":2,"featured_media":0,"comment_status":"open","ping_status":"open","sticky":false,"template":"","format":"standard","meta":{"footnotes":""},"categories":[1,9],"tags":[],"class_list":["post-9020","post","type-post","status-publish","format-standard","hentry","category-bez-kategorii","category-ciekawostki"],"_links":{"self":[{"href":"https:\/\/www.milosnicylasu.olsztyn.pl\/index.php?rest_route=\/wp\/v2\/posts\/9020","targetHints":{"allow":["GET"]}}],"collection":[{"href":"https:\/\/www.milosnicylasu.olsztyn.pl\/index.php?rest_route=\/wp\/v2\/posts"}],"about":[{"href":"https:\/\/www.milosnicylasu.olsztyn.pl\/index.php?rest_route=\/wp\/v2\/types\/post"}],"author":[{"embeddable":true,"href":"https:\/\/www.milosnicylasu.olsztyn.pl\/index.php?rest_route=\/wp\/v2\/users\/2"}],"replies":[{"embeddable":true,"href":"https:\/\/www.milosnicylasu.olsztyn.pl\/index.php?rest_route=%2Fwp%2Fv2%2Fcomments&post=9020"}],"version-history":[{"count":2,"href":"https:\/\/www.milosnicylasu.olsztyn.pl\/index.php?rest_route=\/wp\/v2\/posts\/9020\/revisions"}],"predecessor-version":[{"id":9022,"href":"https:\/\/www.milosnicylasu.olsztyn.pl\/index.php?rest_route=\/wp\/v2\/posts\/9020\/revisions\/9022"}],"wp:attachment":[{"href":"https:\/\/www.milosnicylasu.olsztyn.pl\/index.php?rest_route=%2Fwp%2Fv2%2Fmedia&parent=9020"}],"wp:term":[{"taxonomy":"category","embeddable":true,"href":"https:\/\/www.milosnicylasu.olsztyn.pl\/index.php?rest_route=%2Fwp%2Fv2%2Fcategories&post=9020"},{"taxonomy":"post_tag","embeddable":true,"href":"https:\/\/www.milosnicylasu.olsztyn.pl\/index.php?rest_route=%2Fwp%2Fv2%2Ftags&post=9020"}],"curies":[{"name":"wp","href":"https:\/\/api.w.org\/{rel}","templated":true}]}}