{"id":9027,"date":"2024-11-24T19:03:58","date_gmt":"2024-11-24T18:03:58","guid":{"rendered":"https:\/\/www.milosnicylasu.olsztyn.pl\/?p=9027"},"modified":"2024-12-05T19:56:22","modified_gmt":"2024-12-05T18:56:22","slug":"9027","status":"publish","type":"post","link":"https:\/\/www.milosnicylasu.olsztyn.pl\/?p=9027","title":{"rendered":"Sobotni rajd 23 listopada 2024 roku"},"content":{"rendered":"<p><strong>Jak zwykle, w ka\u017cd\u0105 sobot\u0119,\u00a0 23 listopada 2024r.cz\u0142onkowie Ko\u0142a Mi\u0142o\u015bnik\u00f3w Lasu i Militari\u00f3w LOK przy ATW w Olsztynie odbyli rajd po \u201eWojtkowym lesie\u201d. Pogoda dopisa\u0142a, jak r\u00f3wnie\u017c humory. Podczas rajdu\u00a0 nasze kole\u017canki Krystyna Tarankiewicz, Marianna Bonis\u0142awska, Bo\u017cena Jakubek okaza\u0142y si\u0119 mistrzyniami w zbieraniu grzyb\u00f3w.<a href=\"https:\/\/www.milosnicylasu.olsztyn.pl\/wp-content\/uploads\/2024\/11\/DSCN7562-www.jpg\" data-rel=\"lightbox-image-0\" data-magnific_type=\"image\" data-rl_title=\"\" data-rl_caption=\"\" title=\"\"><img loading=\"lazy\" decoding=\"async\" class=\"size-medium wp-image-9028 alignleft\" src=\"https:\/\/www.milosnicylasu.olsztyn.pl\/wp-content\/uploads\/2024\/11\/DSCN7562-www-300x225.jpg\" alt=\"\" width=\"300\" height=\"225\" srcset=\"https:\/\/www.milosnicylasu.olsztyn.pl\/wp-content\/uploads\/2024\/11\/DSCN7562-www-300x225.jpg 300w, https:\/\/www.milosnicylasu.olsztyn.pl\/wp-content\/uploads\/2024\/11\/DSCN7562-www-768x576.jpg 768w, https:\/\/www.milosnicylasu.olsztyn.pl\/wp-content\/uploads\/2024\/11\/DSCN7562-www.jpg 1024w\" sizes=\"auto, (max-width: 300px) 100vw, 300px\" \/><\/a><\/strong><\/p>\n<p><strong>O le\u015bne ognisko zadbali Antoni Jarczyk z J\u00f3zkiem Gazd\u0105, mogli\u015bmy upiec kie\u0142baski i troch\u0119 si\u0119 ogrza\u0107.<a href=\"https:\/\/www.milosnicylasu.olsztyn.pl\/wp-content\/uploads\/2024\/11\/DSCN7559-www.jpg\" data-rel=\"lightbox-image-1\" data-magnific_type=\"image\" data-rl_title=\"\" data-rl_caption=\"\" title=\"\"><img loading=\"lazy\" decoding=\"async\" class=\"size-medium wp-image-9029 aligncenter\" src=\"https:\/\/www.milosnicylasu.olsztyn.pl\/wp-content\/uploads\/2024\/11\/DSCN7559-www-300x225.jpg\" alt=\"\" width=\"300\" height=\"225\" srcset=\"https:\/\/www.milosnicylasu.olsztyn.pl\/wp-content\/uploads\/2024\/11\/DSCN7559-www-300x225.jpg 300w, https:\/\/www.milosnicylasu.olsztyn.pl\/wp-content\/uploads\/2024\/11\/DSCN7559-www-768x576.jpg 768w, https:\/\/www.milosnicylasu.olsztyn.pl\/wp-content\/uploads\/2024\/11\/DSCN7559-www.jpg 1024w\" sizes=\"auto, (max-width: 300px) 100vw, 300px\" \/><\/a><\/strong><\/p>\n<p><strong><a href=\"https:\/\/www.milosnicylasu.olsztyn.pl\/wp-content\/uploads\/2024\/11\/DSCN7563-www.jpg\" data-rel=\"lightbox-image-2\" data-magnific_type=\"image\" data-rl_title=\"\" data-rl_caption=\"\" title=\"\"><img loading=\"lazy\" decoding=\"async\" class=\"size-medium wp-image-9030 alignleft\" src=\"https:\/\/www.milosnicylasu.olsztyn.pl\/wp-content\/uploads\/2024\/11\/DSCN7563-www-300x225.jpg\" alt=\"\" width=\"300\" height=\"225\" srcset=\"https:\/\/www.milosnicylasu.olsztyn.pl\/wp-content\/uploads\/2024\/11\/DSCN7563-www-300x225.jpg 300w, https:\/\/www.milosnicylasu.olsztyn.pl\/wp-content\/uploads\/2024\/11\/DSCN7563-www-768x576.jpg 768w, https:\/\/www.milosnicylasu.olsztyn.pl\/wp-content\/uploads\/2024\/11\/DSCN7563-www.jpg 1024w\" sizes=\"auto, (max-width: 300px) 100vw, 300px\" \/><\/a>Prezes Ko\u0142a Anatol Leszczy\u0144ski\u00a0 przygotowa\u0142 i przeprowadzi\u0142 konkurs z wiedzy o Puszczy Romi\u0144skiej. Uczestnicy rajdu ch\u0119tnie i wyczerpuj\u0105co odpowiadali na pytania. Najwi\u0119ksz\u0105 wiedz\u0105 wykazali si\u0119\u00a0 J\u00f3zek Gazda, Stefania Jarczyk, Marianna Bonis\u0142awska i Bo\u017cena Jakubek. Gratulujemy zwyci\u0119zcom. Upominki b\u0119d\u0105 wr\u0119czone podczas zebrania w dniu 05 grudnia br. Fundatorem\u00a0 nagr\u00f3d jest Nadle\u015bnictwo w Go\u0142dapi. Serdecznie dzi\u0119kujemy.<\/strong><\/p>\n<p><strong>Nadle\u015bnictwo Go\u0142dap to przede wszystkim historyczny kompleks le\u015bny Puszczy Rominckiej.<\/strong><\/p>\n<p><strong>Administrowana polska cz\u0119\u015b\u0107 Puszczy obejmuje oko\u0142o 15,5 tys. hektar\u00f3w. Pozosta\u0142e, oko\u0142o 23 tys. hektar\u00f3w, znajduje si\u0119 po stronie rosyjskiej.<\/strong><\/p>\n<p><strong>Lasy Nadle\u015bnictwa Go\u0142dap wyr\u00f3\u017cniaj\u0105 si\u0119 du\u017cym udzia\u0142em \u015bwierka, kt\u00f3ry jest gatunkiem panuj\u0105cym na blisko pi\u0119ciu tysi\u0105cach hektar\u00f3w. Na wielu kolejnych tysi\u0105cach hektar\u00f3w wsp\u00f3\u0142tworzy zr\u00f3\u017cnicowane zbiorowiska le\u015bne. Bardzo du\u017cy jest te\u017c udzia\u0142 d\u0119bu, kt\u00f3re panuje na ponad 2.6 tys. hektar\u00f3w. Sosna, b\u0119d\u0105ca ,,kr\u00f3low\u0105 polskich las\u00f3w &#8222;, tu zajmuje zaledwie nieca\u0142e 20 % powierzchni. Liczne tereny podmok\u0142e i bagienne wp\u0142yn\u0119\u0142y na du\u017cy udzia\u0142 brzozy i olszy.<\/strong><\/p>\n<p><strong>Co ciekawe w Puszczy Romi\u0144skiej od wiosny 2021 roku mo\u017cna spotka\u0107 \u017cubry. To jedne z niewielu ostoi wolno \u017cyj\u0105cych \u017cubr\u00f3w w kraju.<\/strong><\/p>\n<p><strong>Nowe stado liczy \u0142\u0105cznie osiem osobnik\u00f3w: dwa byki i sze\u015b\u0107 kr\u00f3w w r\u00f3\u017cnym wieku. Cz\u0119\u015b\u0107 zwierz\u0105t zosta\u0142a przesiedlona z Puszczy Boreckiej, a cz\u0119\u015b\u0107 z Puszczy Knyszy\u0144skiej. Po kilkutygodniowym pobycie w zagrodzie adaptacyjnej stado zosta\u0142o wypuszczone na wolno\u015b\u0107.<\/strong><\/p>\n<p><strong>Kilka kr\u00f3w wyposa\u017cono w obro\u017ce telemetryczne, kt\u00f3re umo\u017cliwiaj\u0105 \u015bledzenie dr\u00f3g ich przemieszczania si\u0119.<\/strong><\/p>\n<p><strong>\u017bubr to najwi\u0119kszy ssak l\u0105dowy w Europie \u2013 mo\u017ce wa\u017cy\u0107 ponad ton\u0119. \u017byje \u015brednio 20-25 lat. Latem krowy wraz z ciel\u0119tami tworz\u0105 grupy, do kt\u00f3rych okresowo do\u0142\u0105czaj\u0105 byki \u2013 takie stada licz\u0105 \u015brednio 13 osobnik\u00f3w. Byki przez wi\u0119ksz\u0105 cz\u0119\u015b\u0107 roku s\u0105 samotnikami, rzadziej tworz\u0105 grupy kawalerskie licz\u0105ce po kilka osobnik\u00f3w.<\/strong><\/p>\n<p><strong>Kr\u00f3l puszczy ma niez\u0142y apetyt \u2013 w ci\u0105gu doby potrafi spo\u017cy\u0107 60 kg po\u017cywienia. Preferuje trawy i ro\u015bliny zielne. Zim\u0105, gdy \u015bnieg utrudnia zdobywanie pokarmu, \u017cubry s\u0105 dokarmiane burakami, sianokiszonk\u0105 i sianem.<\/strong><\/p>\n<p><strong>Wg danych z Redakcji Ksi\u0119gi Rodowodowej \u017bubr\u00f3w &#8211; 31 grudnia 2021 roku w Polsce \u017cy\u0142o 2429 \u017cubr\u00f3w. W hodowlach zamkni\u0119tych &#8211; 206 \u017cubr\u00f3w, w stadach wolnych &#8211; 2223 \u017cubry.<\/strong><\/p>\n","protected":false},"excerpt":{"rendered":"<p>Jak zwykle, w ka\u017cd\u0105 sobot\u0119,\u00a0 23 listopada 2024r.cz\u0142onkowie Ko\u0142a Mi\u0142o\u015bnik\u00f3w Lasu i Militari\u00f3w LOK przy ATW w Olsztynie odbyli rajd po \u201eWojtkowym lesie\u201d. Pogoda dopisa\u0142a, jak r\u00f3wnie\u017c humory. Podczas rajdu\u00a0 nasze kole\u017canki Krystyna Tarankiewicz, Marianna Bonis\u0142awska, Bo\u017cena Jakubek okaza\u0142y si\u0119 mistrzyniami w zbieraniu grzyb\u00f3w. O le\u015bne ognisko zadbali Antoni Jarczyk z J\u00f3zkiem Gazd\u0105, mogli\u015bmy upiec [&hellip;]<\/p>\n","protected":false},"author":2,"featured_media":0,"comment_status":"open","ping_status":"open","sticky":false,"template":"","format":"standard","meta":{"footnotes":""},"categories":[1,9,17,2],"tags":[],"class_list":["post-9027","post","type-post","status-publish","format-standard","hentry","category-bez-kategorii","category-ciekawostki","category-edukacja-w-terenie","category-rajdy"],"_links":{"self":[{"href":"https:\/\/www.milosnicylasu.olsztyn.pl\/index.php?rest_route=\/wp\/v2\/posts\/9027","targetHints":{"allow":["GET"]}}],"collection":[{"href":"https:\/\/www.milosnicylasu.olsztyn.pl\/index.php?rest_route=\/wp\/v2\/posts"}],"about":[{"href":"https:\/\/www.milosnicylasu.olsztyn.pl\/index.php?rest_route=\/wp\/v2\/types\/post"}],"author":[{"embeddable":true,"href":"https:\/\/www.milosnicylasu.olsztyn.pl\/index.php?rest_route=\/wp\/v2\/users\/2"}],"replies":[{"embeddable":true,"href":"https:\/\/www.milosnicylasu.olsztyn.pl\/index.php?rest_route=%2Fwp%2Fv2%2Fcomments&post=9027"}],"version-history":[{"count":6,"href":"https:\/\/www.milosnicylasu.olsztyn.pl\/index.php?rest_route=\/wp\/v2\/posts\/9027\/revisions"}],"predecessor-version":[{"id":9054,"href":"https:\/\/www.milosnicylasu.olsztyn.pl\/index.php?rest_route=\/wp\/v2\/posts\/9027\/revisions\/9054"}],"wp:attachment":[{"href":"https:\/\/www.milosnicylasu.olsztyn.pl\/index.php?rest_route=%2Fwp%2Fv2%2Fmedia&parent=9027"}],"wp:term":[{"taxonomy":"category","embeddable":true,"href":"https:\/\/www.milosnicylasu.olsztyn.pl\/index.php?rest_route=%2Fwp%2Fv2%2Fcategories&post=9027"},{"taxonomy":"post_tag","embeddable":true,"href":"https:\/\/www.milosnicylasu.olsztyn.pl\/index.php?rest_route=%2Fwp%2Fv2%2Ftags&post=9027"}],"curies":[{"name":"wp","href":"https:\/\/api.w.org\/{rel}","templated":true}]}}