{"id":9036,"date":"2024-12-03T17:24:00","date_gmt":"2024-12-03T16:24:00","guid":{"rendered":"https:\/\/www.milosnicylasu.olsztyn.pl\/?p=9036"},"modified":"2024-12-03T17:48:00","modified_gmt":"2024-12-03T16:48:00","slug":"wesolo-i-tajemniczo","status":"publish","type":"post","link":"https:\/\/www.milosnicylasu.olsztyn.pl\/?p=9036","title":{"rendered":"Weso\u0142o i tajemniczo"},"content":{"rendered":"<p><strong>\u00a0<\/strong><\/p>\n<p><a href=\"https:\/\/www.milosnicylasu.olsztyn.pl\/wp-content\/uploads\/2024\/12\/PC030004-001-www.jpg\" data-rel=\"lightbox-image-0\" data-magnific_type=\"image\" data-rl_title=\"\" data-rl_caption=\"\" title=\"\"><img loading=\"lazy\" decoding=\"async\" class=\"size-medium wp-image-9037 alignleft\" src=\"https:\/\/www.milosnicylasu.olsztyn.pl\/wp-content\/uploads\/2024\/12\/PC030004-001-www-300x225.jpg\" alt=\"\" width=\"300\" height=\"225\" srcset=\"https:\/\/www.milosnicylasu.olsztyn.pl\/wp-content\/uploads\/2024\/12\/PC030004-001-www-300x225.jpg 300w, https:\/\/www.milosnicylasu.olsztyn.pl\/wp-content\/uploads\/2024\/12\/PC030004-001-www-768x576.jpg 768w, https:\/\/www.milosnicylasu.olsztyn.pl\/wp-content\/uploads\/2024\/12\/PC030004-001-www.jpg 1024w\" sizes=\"auto, (max-width: 300px) 100vw, 300px\" \/><\/a><\/p>\n<p><strong>Cz\u0142onkowie Ko\u0142a Mi\u0142o\u015bnik\u00f3w Lasu i Militari\u00f3w LOK przy ATW\u00a0\u00a0 w Olsztynie spotkali si\u0119 w sobot\u0119 30 listopada 2024 roku, na andrzejkach w Nadle\u015bnictwie Kudypy, w Le\u015bnictwie Stary Olsztyn.<\/strong><\/p>\n<p><a href=\"https:\/\/www.milosnicylasu.olsztyn.pl\/wp-content\/uploads\/2024\/12\/PB300020-www.jpg\" data-rel=\"lightbox-image-1\" data-magnific_type=\"image\" data-rl_title=\"\" data-rl_caption=\"\" title=\"\"><img loading=\"lazy\" decoding=\"async\" class=\"size-medium wp-image-9048 alignright\" src=\"https:\/\/www.milosnicylasu.olsztyn.pl\/wp-content\/uploads\/2024\/12\/PB300020-www-300x225.jpg\" alt=\"\" width=\"300\" height=\"225\" srcset=\"https:\/\/www.milosnicylasu.olsztyn.pl\/wp-content\/uploads\/2024\/12\/PB300020-www-300x225.jpg 300w, https:\/\/www.milosnicylasu.olsztyn.pl\/wp-content\/uploads\/2024\/12\/PB300020-www-768x576.jpg 768w, https:\/\/www.milosnicylasu.olsztyn.pl\/wp-content\/uploads\/2024\/12\/PB300020-www.jpg 1024w\" sizes=\"auto, (max-width: 300px) 100vw, 300px\" \/><\/a><\/p>\n<p><strong>Ludzie zawsze mieli potrzeb\u0119 uciec troch\u0119 od smutnej rzeczywisto\u015bci. W polskiej tradycji wierzono, \u017ce \u015bwi\u0119to Andrzeja otwiera czas szczeg\u00f3lnej energii, sprzyjaj\u0105cej przepowiedniom i kontaktom z nieznanym, np. z duchami, kt\u00f3re pomog\u0105 spojrze\u0107 w przysz\u0142o\u015b\u0107.<\/strong><\/p>\n<p><a href=\"https:\/\/www.milosnicylasu.olsztyn.pl\/wp-content\/uploads\/2024\/12\/PB300017-www.jpg\" data-rel=\"lightbox-image-2\" data-magnific_type=\"image\" data-rl_title=\"\" data-rl_caption=\"\" title=\"\"><img loading=\"lazy\" decoding=\"async\" class=\"size-medium wp-image-9043 alignright\" src=\"https:\/\/www.milosnicylasu.olsztyn.pl\/wp-content\/uploads\/2024\/12\/PB300017-www-300x225.jpg\" alt=\"\" width=\"300\" height=\"225\" srcset=\"https:\/\/www.milosnicylasu.olsztyn.pl\/wp-content\/uploads\/2024\/12\/PB300017-www-300x225.jpg 300w, https:\/\/www.milosnicylasu.olsztyn.pl\/wp-content\/uploads\/2024\/12\/PB300017-www-768x576.jpg 768w, https:\/\/www.milosnicylasu.olsztyn.pl\/wp-content\/uploads\/2024\/12\/PB300017-www.jpg 1024w\" sizes=\"auto, (max-width: 300px) 100vw, 300px\" \/><\/a><\/p>\n<p><a href=\"https:\/\/www.milosnicylasu.olsztyn.pl\/wp-content\/uploads\/2024\/12\/PB300011-www.jpg\" data-rel=\"lightbox-image-3\" data-magnific_type=\"image\" data-rl_title=\"\" data-rl_caption=\"\" title=\"\"><img loading=\"lazy\" decoding=\"async\" class=\"size-medium wp-image-9039 aligncenter\" src=\"https:\/\/www.milosnicylasu.olsztyn.pl\/wp-content\/uploads\/2024\/12\/PB300011-www-300x225.jpg\" alt=\"\" width=\"300\" height=\"225\" srcset=\"https:\/\/www.milosnicylasu.olsztyn.pl\/wp-content\/uploads\/2024\/12\/PB300011-www-300x225.jpg 300w, https:\/\/www.milosnicylasu.olsztyn.pl\/wp-content\/uploads\/2024\/12\/PB300011-www-768x576.jpg 768w, https:\/\/www.milosnicylasu.olsztyn.pl\/wp-content\/uploads\/2024\/12\/PB300011-www.jpg 1024w\" sizes=\"auto, (max-width: 300px) 100vw, 300px\" \/><\/a><\/p>\n<p><strong>\u00a0Czy uda\u0142o nam si\u0119 do\u015bwiadczy\u0107 takich spotka\u0144 ? To si\u0119 dopiero oka\u017ce, bo przecie\u017c wr\u00f3\u017cyli\u015bmy co b\u0119dzie w przysz\u0142o\u015bci\u2026\u2026\u2026Najpopularniejsz\u0105 wr\u00f3\u017cb\u0105 andrzejkow\u0105 jest lanie wosku. Dzi\u0119ki Wiesi i Jasiowi Filipek, ka\u017cdy z uczestnik\u00f3w sobotniego spotkania m\u00f3g\u0142 sobie powr\u00f3\u017cy\u0107. Co niekt\u00f3rzy nawet dwa razy. <\/strong><\/p>\n<p><a href=\"https:\/\/www.milosnicylasu.olsztyn.pl\/wp-content\/uploads\/2024\/12\/PB300022-www.jpg\" data-rel=\"lightbox-image-4\" data-magnific_type=\"image\" data-rl_title=\"\" data-rl_caption=\"\" title=\"\"><img loading=\"lazy\" decoding=\"async\" class=\"size-medium wp-image-9040 alignleft\" src=\"https:\/\/www.milosnicylasu.olsztyn.pl\/wp-content\/uploads\/2024\/12\/PB300022-www-300x225.jpg\" alt=\"\" width=\"300\" height=\"225\" srcset=\"https:\/\/www.milosnicylasu.olsztyn.pl\/wp-content\/uploads\/2024\/12\/PB300022-www-300x225.jpg 300w, https:\/\/www.milosnicylasu.olsztyn.pl\/wp-content\/uploads\/2024\/12\/PB300022-www-768x576.jpg 768w, https:\/\/www.milosnicylasu.olsztyn.pl\/wp-content\/uploads\/2024\/12\/PB300022-www.jpg 1024w\" sizes=\"auto, (max-width: 300px) 100vw, 300px\" \/><\/a><\/p>\n<p><strong>Ze stopionej \u015bwiecy przelewanej przez dziurk\u0119 od klucza w misce z wod\u0105, \u00a0powstaj\u0105 rozmaite kszta\u0142ty maj\u0105ce r\u00f3\u017cne symbole. Znaczenie symboli zale\u017cy od wyobra\u017ani i interpretacji kszta\u0142t\u00f3w, a tak\u017ce od poczucia humoru os\u00f3b bior\u0105cych udzia\u0142 w zabawie. Od dawna wiadomo, \u017ce ludzie kochaj\u0105cy las maj\u0105 jedno i drugie : wyobra\u017ani\u0119 i lubi\u0105 si\u0119 po\u015bmia\u0107, ale tyle u\u015bmiechu, zabawy to ju\u017c dawno nie by\u0142o na sobotnim spotkaniu.<\/strong><\/p>\n<p><a href=\"https:\/\/www.milosnicylasu.olsztyn.pl\/wp-content\/uploads\/2024\/12\/PB300018-www.jpg\" data-rel=\"lightbox-image-5\" data-magnific_type=\"image\" data-rl_title=\"\" data-rl_caption=\"\" title=\"\"><img loading=\"lazy\" decoding=\"async\" class=\"size-medium wp-image-9041 alignright\" src=\"https:\/\/www.milosnicylasu.olsztyn.pl\/wp-content\/uploads\/2024\/12\/PB300018-www-300x225.jpg\" alt=\"\" width=\"300\" height=\"225\" srcset=\"https:\/\/www.milosnicylasu.olsztyn.pl\/wp-content\/uploads\/2024\/12\/PB300018-www-300x225.jpg 300w, https:\/\/www.milosnicylasu.olsztyn.pl\/wp-content\/uploads\/2024\/12\/PB300018-www-768x576.jpg 768w, https:\/\/www.milosnicylasu.olsztyn.pl\/wp-content\/uploads\/2024\/12\/PB300018-www.jpg 1024w\" sizes=\"auto, (max-width: 300px) 100vw, 300px\" \/><\/a><\/p>\n<p><a href=\"https:\/\/www.milosnicylasu.olsztyn.pl\/wp-content\/uploads\/2024\/12\/PB300029-www.jpg\" data-rel=\"lightbox-image-6\" data-magnific_type=\"image\" data-rl_title=\"\" data-rl_caption=\"\" title=\"\"><img loading=\"lazy\" decoding=\"async\" class=\"size-medium wp-image-9042\" src=\"https:\/\/www.milosnicylasu.olsztyn.pl\/wp-content\/uploads\/2024\/12\/PB300029-www-300x225.jpg\" alt=\"\" width=\"300\" height=\"225\" srcset=\"https:\/\/www.milosnicylasu.olsztyn.pl\/wp-content\/uploads\/2024\/12\/PB300029-www-300x225.jpg 300w, https:\/\/www.milosnicylasu.olsztyn.pl\/wp-content\/uploads\/2024\/12\/PB300029-www-768x576.jpg 768w, https:\/\/www.milosnicylasu.olsztyn.pl\/wp-content\/uploads\/2024\/12\/PB300029-www.jpg 1024w\" sizes=\"auto, (max-width: 300px) 100vw, 300px\" \/><\/a><\/p>\n<p><strong>Wa\u017cnym elementem andrzejkowej imprezy by\u0142 konkurs andrzejkowy, kt\u00f3ry przygotowa\u0142 Anatol Leszczy\u0144ski. W trakcie konkursu uczestnicy mogli wykaza\u0107 si\u0119 wiedz\u0105 zwi\u0105zana z tym \u015bwi\u0119tem. No i kto by\u0142 najlepiej przygotowany?<\/strong><\/p>\n<p><strong>\u00a0I miejsce Maria Igli\u0144ska, II miejsce Teresa Mielczarska, III miejsce Ewa Za\u0142\u0119cka.<\/strong><\/p>\n<p><strong>\u00a0Wiesia Filipek, Rysia K\u0142\u0119bukowska, Bo\u017cena Jakubek \u2013 poza podium, ale otrzymaj\u0105 drobne upominki &#8211; pocieszanki<\/strong><\/p>\n<p><strong>Wr\u0119czenie nagr\u00f3d odb\u0119dzie si\u0119 podczas grudniowego zebrania w dniu 05.12.2024.<\/strong><\/p>\n<p><strong>\u00a0Nale\u017cy zaznaczy\u0107, \u017ce ca\u0142a impreza mia\u0142a miejsce pod wiat\u0105 w \u201eWojtkowym Lesie\u201d, bo gospodarzem tego terenu\u00a0 i wielkim naszym sprzymierze\u0144cem jest le\u015bniczy Wojtek D\u0105browski. Dzi\u0119ki Niemu i naszym Kolegom J\u00f3zkowi Gazda i Antoniemu Jarczykowi ogrzewali\u015bmy si\u0119 przy ognisku, piekli\u015bmy kie\u0142baski, wr\u00f3\u017cyli\u015bmy i by\u0142o bardzo, bardzo weso\u0142o.<\/strong><\/p>\n<p><strong>\u00a0I by\u0142o nas du\u017co!<\/strong><\/p>\n<p><strong>Do zobaczenia w Regionalnej Dyrekcji Las\u00f3w Pa\u0144stwowych \u00a0w czwartek 5 grudnia 2024 roku o godzinie 15.00<\/strong><\/p>\n<p>&nbsp;<\/p>\n<p>&nbsp;<\/p>\n<p>&nbsp;<\/p>\n","protected":false},"excerpt":{"rendered":"<p>\u00a0 Cz\u0142onkowie Ko\u0142a Mi\u0142o\u015bnik\u00f3w Lasu i Militari\u00f3w LOK przy ATW\u00a0\u00a0 w Olsztynie spotkali si\u0119 w sobot\u0119 30 listopada 2024 roku, na andrzejkach w Nadle\u015bnictwie Kudypy, w Le\u015bnictwie Stary Olsztyn. Ludzie zawsze mieli potrzeb\u0119 uciec troch\u0119 od smutnej rzeczywisto\u015bci. W polskiej tradycji wierzono, \u017ce \u015bwi\u0119to Andrzeja otwiera czas szczeg\u00f3lnej energii, sprzyjaj\u0105cej przepowiedniom i kontaktom z nieznanym, [&hellip;]<\/p>\n","protected":false},"author":2,"featured_media":0,"comment_status":"open","ping_status":"open","sticky":false,"template":"","format":"standard","meta":{"footnotes":""},"categories":[1,9,17,15],"tags":[],"class_list":["post-9036","post","type-post","status-publish","format-standard","hentry","category-bez-kategorii","category-ciekawostki","category-edukacja-w-terenie","category-komkurs"],"_links":{"self":[{"href":"https:\/\/www.milosnicylasu.olsztyn.pl\/index.php?rest_route=\/wp\/v2\/posts\/9036","targetHints":{"allow":["GET"]}}],"collection":[{"href":"https:\/\/www.milosnicylasu.olsztyn.pl\/index.php?rest_route=\/wp\/v2\/posts"}],"about":[{"href":"https:\/\/www.milosnicylasu.olsztyn.pl\/index.php?rest_route=\/wp\/v2\/types\/post"}],"author":[{"embeddable":true,"href":"https:\/\/www.milosnicylasu.olsztyn.pl\/index.php?rest_route=\/wp\/v2\/users\/2"}],"replies":[{"embeddable":true,"href":"https:\/\/www.milosnicylasu.olsztyn.pl\/index.php?rest_route=%2Fwp%2Fv2%2Fcomments&post=9036"}],"version-history":[{"count":5,"href":"https:\/\/www.milosnicylasu.olsztyn.pl\/index.php?rest_route=\/wp\/v2\/posts\/9036\/revisions"}],"predecessor-version":[{"id":9051,"href":"https:\/\/www.milosnicylasu.olsztyn.pl\/index.php?rest_route=\/wp\/v2\/posts\/9036\/revisions\/9051"}],"wp:attachment":[{"href":"https:\/\/www.milosnicylasu.olsztyn.pl\/index.php?rest_route=%2Fwp%2Fv2%2Fmedia&parent=9036"}],"wp:term":[{"taxonomy":"category","embeddable":true,"href":"https:\/\/www.milosnicylasu.olsztyn.pl\/index.php?rest_route=%2Fwp%2Fv2%2Fcategories&post=9036"},{"taxonomy":"post_tag","embeddable":true,"href":"https:\/\/www.milosnicylasu.olsztyn.pl\/index.php?rest_route=%2Fwp%2Fv2%2Ftags&post=9036"}],"curies":[{"name":"wp","href":"https:\/\/api.w.org\/{rel}","templated":true}]}}