{"id":9055,"date":"2024-12-06T22:20:00","date_gmt":"2024-12-06T21:20:00","guid":{"rendered":"https:\/\/www.milosnicylasu.olsztyn.pl\/?p=9055"},"modified":"2024-12-07T07:33:56","modified_gmt":"2024-12-07T06:33:56","slug":"spotkanie","status":"publish","type":"post","link":"https:\/\/www.milosnicylasu.olsztyn.pl\/?p=9055","title":{"rendered":"Spotkanie 5 grudnia 2024"},"content":{"rendered":"<p><a href=\"https:\/\/www.milosnicylasu.olsztyn.pl\/wp-content\/uploads\/2024\/12\/PC050018-www.jpg\" data-rel=\"lightbox-image-0\" data-magnific_type=\"image\" data-rl_title=\"\" data-rl_caption=\"\" title=\"\"><img loading=\"lazy\" decoding=\"async\" class=\"size-medium wp-image-9056 alignleft\" src=\"https:\/\/www.milosnicylasu.olsztyn.pl\/wp-content\/uploads\/2024\/12\/PC050018-www-300x225.jpg\" alt=\"\" width=\"300\" height=\"225\" srcset=\"https:\/\/www.milosnicylasu.olsztyn.pl\/wp-content\/uploads\/2024\/12\/PC050018-www-300x225.jpg 300w, https:\/\/www.milosnicylasu.olsztyn.pl\/wp-content\/uploads\/2024\/12\/PC050018-www-768x576.jpg 768w, https:\/\/www.milosnicylasu.olsztyn.pl\/wp-content\/uploads\/2024\/12\/PC050018-www.jpg 1024w\" sizes=\"auto, (max-width: 300px) 100vw, 300px\" \/><\/a><\/p>\n<p><a href=\"https:\/\/www.milosnicylasu.olsztyn.pl\/wp-content\/uploads\/2024\/12\/PC050023-www.jpg\" data-rel=\"lightbox-image-1\" data-magnific_type=\"image\" data-rl_title=\"\" data-rl_caption=\"\" title=\"\"><img loading=\"lazy\" decoding=\"async\" class=\"size-medium wp-image-9057 alignright\" src=\"https:\/\/www.milosnicylasu.olsztyn.pl\/wp-content\/uploads\/2024\/12\/PC050023-www-300x225.jpg\" alt=\"\" width=\"300\" height=\"225\" srcset=\"https:\/\/www.milosnicylasu.olsztyn.pl\/wp-content\/uploads\/2024\/12\/PC050023-www-300x225.jpg 300w, https:\/\/www.milosnicylasu.olsztyn.pl\/wp-content\/uploads\/2024\/12\/PC050023-www-768x576.jpg 768w, https:\/\/www.milosnicylasu.olsztyn.pl\/wp-content\/uploads\/2024\/12\/PC050023-www.jpg 1024w\" sizes=\"auto, (max-width: 300px) 100vw, 300px\" \/><\/a><\/p>\n<p>5 listopada 2024 roku w Regionalnej Dyrekcji Las\u00f3w Pa\u0144stwowych w Olsztynie odby\u0142o si\u0119 kolejne czwartkowe spotkanie\u00a0 cz\u0142onk\u00f3w Ko\u0142a Mi\u0142o\u015bnik\u00f3w Lasu i Militari\u00f3w LOK przy ATW w Olsztynie.<\/p>\n<p><a href=\"https:\/\/www.milosnicylasu.olsztyn.pl\/wp-content\/uploads\/2024\/12\/PC050021-www.jpg\" data-rel=\"lightbox-image-2\" data-magnific_type=\"image\" data-rl_title=\"\" data-rl_caption=\"\" title=\"\"><img loading=\"lazy\" decoding=\"async\" class=\"size-medium wp-image-9058 aligncenter\" src=\"https:\/\/www.milosnicylasu.olsztyn.pl\/wp-content\/uploads\/2024\/12\/PC050021-www-300x225.jpg\" alt=\"\" width=\"300\" height=\"225\" srcset=\"https:\/\/www.milosnicylasu.olsztyn.pl\/wp-content\/uploads\/2024\/12\/PC050021-www-300x225.jpg 300w, https:\/\/www.milosnicylasu.olsztyn.pl\/wp-content\/uploads\/2024\/12\/PC050021-www-768x576.jpg 768w, https:\/\/www.milosnicylasu.olsztyn.pl\/wp-content\/uploads\/2024\/12\/PC050021-www.jpg 1024w\" sizes=\"auto, (max-width: 300px) 100vw, 300px\" \/><\/a><\/p>\n<p>Tym razem odwiedzi\u0142 nas Pan Piotr Sambor, starszy specjalista s\u0142u\u017cby le\u015bnej z Nadle\u015bnictwa Kudypy.\u00a0 Opowiedzia\u0142 nam o swojej pracy ale te\u017c o swoich pasjach &#8211; \u0142owiectwie i rze\u017abiarstwie. Co wa\u017cne, odnie\u015bli\u015bmy wra\u017cenie, \u017ce\u00a0 Pan Piotr swoj\u0105 prac\u0119 traktuje te\u017c jak hobby, kt\u00f3re kocha. Rozumiemy to doskonale &#8211; te\u017c kochamy las, przyrod\u0119&#8230;..przecie\u017c ju\u017c szesnasty rok\u00a0 dzia\u0142amy jako &#8222;mi\u0142o\u015bnicy lasu&#8221;. Tak, kochamy las i podziwiamy le\u015bnik\u00f3w- za ich trudn\u0105 prac\u0119, ale te\u017c r\u00f3\u017cnorodne zainteresowania.<\/p>\n<p><a href=\"https:\/\/www.milosnicylasu.olsztyn.pl\/wp-content\/uploads\/2024\/12\/PC050012-001-www.jpg\" data-rel=\"lightbox-image-3\" data-magnific_type=\"image\" data-rl_title=\"\" data-rl_caption=\"\" title=\"\"><img loading=\"lazy\" decoding=\"async\" class=\"size-medium wp-image-9059 alignleft\" src=\"https:\/\/www.milosnicylasu.olsztyn.pl\/wp-content\/uploads\/2024\/12\/PC050012-001-www-300x225.jpg\" alt=\"\" width=\"300\" height=\"225\" srcset=\"https:\/\/www.milosnicylasu.olsztyn.pl\/wp-content\/uploads\/2024\/12\/PC050012-001-www-300x225.jpg 300w, https:\/\/www.milosnicylasu.olsztyn.pl\/wp-content\/uploads\/2024\/12\/PC050012-001-www-768x576.jpg 768w, https:\/\/www.milosnicylasu.olsztyn.pl\/wp-content\/uploads\/2024\/12\/PC050012-001-www.jpg 1024w\" sizes=\"auto, (max-width: 300px) 100vw, 300px\" \/><\/a><\/p>\n<p>&nbsp;<\/p>\n<p>Tradycyjnie, przed grudniowym zebraniem, kole\u017canki\u00a0 Wiesia Filipek, Jasia Kluczek, Bo\u017cenka B\u0142aszczuk i Krysia Leszczy\u0144ska,\u00a0 w holu Dyrekcji zorganizowa\u0142y wystaw\u0119 r\u0119kodzie\u0142a. By\u0142o kolorowo, \u015bwi\u0105tecznie bo\u017conarodzeniowo.<\/p>\n<p>Z okazji zbli\u017caj\u0105cego si\u0119 Dnia \u015awi\u0119tego Miko\u0142aja prezes Ko\u0142a Anatol Leszczy\u0144ski, podczas czwartkowego spotkania obdarowa\u0142 cz\u0142onk\u00f3w naszej organizacji\u00a0\u00a0 pi\u0119knymi bombkami, a 6 grudnia z\u0142o\u017cy\u0142 \u017cyczenia naszym przyjacio\u0142om, kt\u00f3rzy wspomagaj\u0105\u00a0 nas w planowej realizacji dzia\u0142alno\u015bci Ko\u0142a.<\/p>\n<p>Mi\u0142ym punktem by\u0142o wr\u0119czenie przez prezesa nagr\u00f3d osobom, kt\u00f3re zwyci\u0119\u017cy\u0142y w konkursach i uroczyste podzi\u0119kowanie Wiesi i Jasiowi\u00a0 i Filipek za zorganizowanie zabawy &#8222;lanie wosku&#8221; w czasie andrzejkowej imprezy.<\/p>\n<p>Dzi\u0119kujemy serdeczne Panu Piotrowi Sambor za ciekawe spotkanie, liczymy na wi\u0119cej&#8230;&#8230;..<\/p>\n<p><a href=\"https:\/\/www.milosnicylasu.olsztyn.pl\/wp-content\/uploads\/2024\/12\/DSCN7546-www.jpg\" data-rel=\"lightbox-image-4\" data-magnific_type=\"image\" data-rl_title=\"\" data-rl_caption=\"\" title=\"\"><br \/>\n<img loading=\"lazy\" decoding=\"async\" class=\"size-medium wp-image-9060 alignleft\" src=\"https:\/\/www.milosnicylasu.olsztyn.pl\/wp-content\/uploads\/2024\/12\/DSCN7546-www-300x225.jpg\" alt=\"\" width=\"300\" height=\"225\" srcset=\"https:\/\/www.milosnicylasu.olsztyn.pl\/wp-content\/uploads\/2024\/12\/DSCN7546-www-300x225.jpg 300w, https:\/\/www.milosnicylasu.olsztyn.pl\/wp-content\/uploads\/2024\/12\/DSCN7546-www-768x576.jpg 768w, https:\/\/www.milosnicylasu.olsztyn.pl\/wp-content\/uploads\/2024\/12\/DSCN7546-www.jpg 1024w\" sizes=\"auto, (max-width: 300px) 100vw, 300px\" \/><\/a><a href=\"https:\/\/www.milosnicylasu.olsztyn.pl\/wp-content\/uploads\/2024\/12\/DSCN7551-www.jpg\" data-rel=\"lightbox-image-5\" data-magnific_type=\"image\" data-rl_title=\"\" data-rl_caption=\"\" title=\"\"><img loading=\"lazy\" decoding=\"async\" class=\"size-medium wp-image-9061 alignright\" src=\"https:\/\/www.milosnicylasu.olsztyn.pl\/wp-content\/uploads\/2024\/12\/DSCN7551-www-300x225.jpg\" alt=\"\" width=\"300\" height=\"225\" srcset=\"https:\/\/www.milosnicylasu.olsztyn.pl\/wp-content\/uploads\/2024\/12\/DSCN7551-www-300x225.jpg 300w, https:\/\/www.milosnicylasu.olsztyn.pl\/wp-content\/uploads\/2024\/12\/DSCN7551-www-768x576.jpg 768w, https:\/\/www.milosnicylasu.olsztyn.pl\/wp-content\/uploads\/2024\/12\/DSCN7551-www.jpg 1024w\" sizes=\"auto, (max-width: 300px) 100vw, 300px\" \/><\/a><\/p>\n","protected":false},"excerpt":{"rendered":"<p>5 listopada 2024 roku w Regionalnej Dyrekcji Las\u00f3w Pa\u0144stwowych w Olsztynie odby\u0142o si\u0119 kolejne czwartkowe spotkanie\u00a0 cz\u0142onk\u00f3w Ko\u0142a Mi\u0142o\u015bnik\u00f3w Lasu i Militari\u00f3w LOK przy ATW w Olsztynie. Tym razem odwiedzi\u0142 nas Pan Piotr Sambor, starszy specjalista s\u0142u\u017cby le\u015bnej z Nadle\u015bnictwa Kudypy.\u00a0 Opowiedzia\u0142 nam o swojej pracy ale te\u017c o swoich pasjach &#8211; \u0142owiectwie i rze\u017abiarstwie. [&hellip;]<\/p>\n","protected":false},"author":2,"featured_media":0,"comment_status":"open","ping_status":"open","sticky":false,"template":"","format":"standard","meta":{"footnotes":""},"categories":[1,9,15,4,14,3],"tags":[],"class_list":["post-9055","post","type-post","status-publish","format-standard","hentry","category-bez-kategorii","category-ciekawostki","category-komkurs","category-wystawy","category-zabawy","category-zebrania"],"_links":{"self":[{"href":"https:\/\/www.milosnicylasu.olsztyn.pl\/index.php?rest_route=\/wp\/v2\/posts\/9055","targetHints":{"allow":["GET"]}}],"collection":[{"href":"https:\/\/www.milosnicylasu.olsztyn.pl\/index.php?rest_route=\/wp\/v2\/posts"}],"about":[{"href":"https:\/\/www.milosnicylasu.olsztyn.pl\/index.php?rest_route=\/wp\/v2\/types\/post"}],"author":[{"embeddable":true,"href":"https:\/\/www.milosnicylasu.olsztyn.pl\/index.php?rest_route=\/wp\/v2\/users\/2"}],"replies":[{"embeddable":true,"href":"https:\/\/www.milosnicylasu.olsztyn.pl\/index.php?rest_route=%2Fwp%2Fv2%2Fcomments&post=9055"}],"version-history":[{"count":3,"href":"https:\/\/www.milosnicylasu.olsztyn.pl\/index.php?rest_route=\/wp\/v2\/posts\/9055\/revisions"}],"predecessor-version":[{"id":9064,"href":"https:\/\/www.milosnicylasu.olsztyn.pl\/index.php?rest_route=\/wp\/v2\/posts\/9055\/revisions\/9064"}],"wp:attachment":[{"href":"https:\/\/www.milosnicylasu.olsztyn.pl\/index.php?rest_route=%2Fwp%2Fv2%2Fmedia&parent=9055"}],"wp:term":[{"taxonomy":"category","embeddable":true,"href":"https:\/\/www.milosnicylasu.olsztyn.pl\/index.php?rest_route=%2Fwp%2Fv2%2Fcategories&post=9055"},{"taxonomy":"post_tag","embeddable":true,"href":"https:\/\/www.milosnicylasu.olsztyn.pl\/index.php?rest_route=%2Fwp%2Fv2%2Ftags&post=9055"}],"curies":[{"name":"wp","href":"https:\/\/api.w.org\/{rel}","templated":true}]}}