{"id":9066,"date":"2024-12-12T04:30:34","date_gmt":"2024-12-12T03:30:34","guid":{"rendered":"https:\/\/www.milosnicylasu.olsztyn.pl\/?p=9066"},"modified":"2024-12-12T04:37:05","modified_gmt":"2024-12-12T03:37:05","slug":"ubieranie-lesnej-choinki-5","status":"publish","type":"post","link":"https:\/\/www.milosnicylasu.olsztyn.pl\/?p=9066","title":{"rendered":"Ubieranie le\u015bnej choinki"},"content":{"rendered":"<p>Zapraszamy cz\u0142onk\u00f3w i sympatyk\u00f3w Ko\u0142a Mi\u0142o\u015bnik\u00f3w Lasu i Militari\u00f3w LOK przy ATW w Olsztynie 14 grudnia 2024 roku na ubieranie le\u015bnej choinki. Spotkamy si\u0119 o godzinie 10.00 na przystanku ko\u0144cowym autobus\u00f3w w Kortowie. Nast\u0119pnie przejdziemy ok.2 km pod wiat\u0119 w Wojtkowym Lesie -Le\u015bnictwo Stary Dw\u00f3r. A tam tradycyjnie spotkamy si\u0119 z Miko\u0142ajem, kt\u00f3ry&#8230;.. by\u0107 mo\u017cne&#8230;.. Mile widziane miko\u0142ajkowe elementy w ubraniu uczestnik\u00f3w sobotniej imprezy. Choinka, tradycyjnie ubierana b\u0119dzie marchewkami, jab\u0142uszkami, ciasteczkami &#8211; czyli b\u0119d\u0105 to niespodzianki dla le\u015bnych zwierz\u0105tek.<\/p>\n<p>Zdj\u0119cie z ubieg\u0142orocznej imprezy<\/p>\n<p><a href=\"https:\/\/www.milosnicylasu.olsztyn.pl\/wp-content\/uploads\/2023\/12\/PC160020-www.jpg\" data-rel=\"lightbox-image-0\" data-magnific_type=\"image\" data-rl_title=\"\" data-rl_caption=\"\" title=\"\"><img loading=\"lazy\" decoding=\"async\" class=\"size-medium wp-image-8407\" src=\"https:\/\/www.milosnicylasu.olsztyn.pl\/wp-content\/uploads\/2023\/12\/PC160020-www-300x225.jpg\" alt=\"\" width=\"300\" height=\"225\" srcset=\"https:\/\/www.milosnicylasu.olsztyn.pl\/wp-content\/uploads\/2023\/12\/PC160020-www-300x225.jpg 300w, https:\/\/www.milosnicylasu.olsztyn.pl\/wp-content\/uploads\/2023\/12\/PC160020-www-768x576.jpg 768w, https:\/\/www.milosnicylasu.olsztyn.pl\/wp-content\/uploads\/2023\/12\/PC160020-www.jpg 1024w\" sizes=\"auto, (max-width: 300px) 100vw, 300px\" \/><\/a><\/p>\n","protected":false},"excerpt":{"rendered":"<p>Zapraszamy cz\u0142onk\u00f3w i sympatyk\u00f3w Ko\u0142a Mi\u0142o\u015bnik\u00f3w Lasu i Militari\u00f3w LOK przy ATW w Olsztynie 14 grudnia 2024 roku na ubieranie le\u015bnej choinki. Spotkamy si\u0119 o godzinie 10.00 na przystanku ko\u0144cowym autobus\u00f3w w Kortowie. Nast\u0119pnie przejdziemy ok.2 km pod wiat\u0119 w Wojtkowym Lesie -Le\u015bnictwo Stary Dw\u00f3r. A tam tradycyjnie spotkamy si\u0119 z Miko\u0142ajem, kt\u00f3ry&#8230;.. by\u0107 mo\u017cne&#8230;.. [&hellip;]<\/p>\n","protected":false},"author":2,"featured_media":0,"comment_status":"open","ping_status":"open","sticky":false,"template":"","format":"standard","meta":{"footnotes":""},"categories":[1,9,17,2],"tags":[],"class_list":["post-9066","post","type-post","status-publish","format-standard","hentry","category-bez-kategorii","category-ciekawostki","category-edukacja-w-terenie","category-rajdy"],"_links":{"self":[{"href":"https:\/\/www.milosnicylasu.olsztyn.pl\/index.php?rest_route=\/wp\/v2\/posts\/9066","targetHints":{"allow":["GET"]}}],"collection":[{"href":"https:\/\/www.milosnicylasu.olsztyn.pl\/index.php?rest_route=\/wp\/v2\/posts"}],"about":[{"href":"https:\/\/www.milosnicylasu.olsztyn.pl\/index.php?rest_route=\/wp\/v2\/types\/post"}],"author":[{"embeddable":true,"href":"https:\/\/www.milosnicylasu.olsztyn.pl\/index.php?rest_route=\/wp\/v2\/users\/2"}],"replies":[{"embeddable":true,"href":"https:\/\/www.milosnicylasu.olsztyn.pl\/index.php?rest_route=%2Fwp%2Fv2%2Fcomments&post=9066"}],"version-history":[{"count":4,"href":"https:\/\/www.milosnicylasu.olsztyn.pl\/index.php?rest_route=\/wp\/v2\/posts\/9066\/revisions"}],"predecessor-version":[{"id":9070,"href":"https:\/\/www.milosnicylasu.olsztyn.pl\/index.php?rest_route=\/wp\/v2\/posts\/9066\/revisions\/9070"}],"wp:attachment":[{"href":"https:\/\/www.milosnicylasu.olsztyn.pl\/index.php?rest_route=%2Fwp%2Fv2%2Fmedia&parent=9066"}],"wp:term":[{"taxonomy":"category","embeddable":true,"href":"https:\/\/www.milosnicylasu.olsztyn.pl\/index.php?rest_route=%2Fwp%2Fv2%2Fcategories&post=9066"},{"taxonomy":"post_tag","embeddable":true,"href":"https:\/\/www.milosnicylasu.olsztyn.pl\/index.php?rest_route=%2Fwp%2Fv2%2Ftags&post=9066"}],"curies":[{"name":"wp","href":"https:\/\/api.w.org\/{rel}","templated":true}]}}