{"id":9071,"date":"2024-12-12T05:25:24","date_gmt":"2024-12-12T04:25:24","guid":{"rendered":"https:\/\/www.milosnicylasu.olsztyn.pl\/?p=9071"},"modified":"2024-12-12T05:39:15","modified_gmt":"2024-12-12T04:39:15","slug":"nasza-wiewiorka","status":"publish","type":"post","link":"https:\/\/www.milosnicylasu.olsztyn.pl\/?p=9071","title":{"rendered":"&#8222;Nasza&#8221; wiewi\u00f3rka"},"content":{"rendered":"<p><a href=\"https:\/\/www.milosnicylasu.olsztyn.pl\/wp-content\/uploads\/2024\/12\/PC080023-www-1.jpg\" data-rel=\"lightbox-image-0\" data-magnific_type=\"image\" data-rl_title=\"\" data-rl_caption=\"\" title=\"\"><img loading=\"lazy\" decoding=\"async\" class=\"size-medium wp-image-9076 alignleft\" src=\"https:\/\/www.milosnicylasu.olsztyn.pl\/wp-content\/uploads\/2024\/12\/PC080023-www-1-300x225.jpg\" alt=\"\" width=\"300\" height=\"225\" srcset=\"https:\/\/www.milosnicylasu.olsztyn.pl\/wp-content\/uploads\/2024\/12\/PC080023-www-1-300x225.jpg 300w, https:\/\/www.milosnicylasu.olsztyn.pl\/wp-content\/uploads\/2024\/12\/PC080023-www-1-768x576.jpg 768w, https:\/\/www.milosnicylasu.olsztyn.pl\/wp-content\/uploads\/2024\/12\/PC080023-www-1.jpg 1024w\" sizes=\"auto, (max-width: 300px) 100vw, 300px\" \/><\/a><\/p>\n<p>&#8222;Czy nasza&#8221;, to mo\u017ce troch\u0119. Mieszka gdzie\u015b w drzewie nad rzek\u0105 Wad\u0105g i cz\u0119sto nas odwiedza. Obserwujemy j\u0105 na dzia\u0142ce, najcz\u0119\u015bciej przy karmniku, sk\u0105d wybiera orzeszki, kt\u00f3re p\u00f3\u017aniej znajdujemy w r\u00f3\u017cnych miejscach. Podziwiamy j\u0105, jak zwinnie przeskakuje ga\u0142\u0119zie, drzewa nad rzek\u0105.<\/p>\n<p><a href=\"https:\/\/www.milosnicylasu.olsztyn.pl\/wp-content\/uploads\/2024\/12\/PC080003-www.jpg\" data-rel=\"lightbox-image-1\" data-magnific_type=\"image\" data-rl_title=\"\" data-rl_caption=\"\" title=\"\"><img loading=\"lazy\" decoding=\"async\" class=\"size-medium wp-image-9080 alignright\" src=\"https:\/\/www.milosnicylasu.olsztyn.pl\/wp-content\/uploads\/2024\/12\/PC080003-www-300x225.jpg\" alt=\"\" width=\"300\" height=\"225\" srcset=\"https:\/\/www.milosnicylasu.olsztyn.pl\/wp-content\/uploads\/2024\/12\/PC080003-www-300x225.jpg 300w, https:\/\/www.milosnicylasu.olsztyn.pl\/wp-content\/uploads\/2024\/12\/PC080003-www-768x576.jpg 768w, https:\/\/www.milosnicylasu.olsztyn.pl\/wp-content\/uploads\/2024\/12\/PC080003-www.jpg 1024w\" sizes=\"auto, (max-width: 300px) 100vw, 300px\" \/><\/a><\/p>\n<p>Tu\u0142\u00f3w wraz z g\u0142ow\u0105 wiewi\u00f3rki pospolitej osi\u0105gaj\u0105 \u0142\u0105cznie d\u0142ugo\u015b\u0107 20\u201324 cm, ogona 17\u201320 cm, przy masie cia\u0142a 200\u2013300 gram\u00f3w. Zwierz\u0119 charakteryzuje si\u0119 ubarwieniem zmiennym. Spotykane s\u0105 dwie odmiany: jedna z cz\u0119\u015bci\u0105 grzbietow\u0105 wybarwion\u0105 na rudo, szarymi bokami i bia\u0142\u0105 cz\u0119\u015bci\u0105 brzuszn\u0105, a druga o grzbiecie czarnobrunatnym i bia\u0142ej cz\u0119\u015bci brzusznej, a bokach cieniowanych. Mo\u017cliwe s\u0105 tak\u017ce wybarwienia po\u015brednie. Wspomniane wersje kolorystyczne mog\u0105 wyst\u0119powa\u0107 r\u00f3wnolegle u rodze\u0144stwa z jednego miotu. Jesieni\u0105 wiewi\u00f3rki zmieniaj\u0105 futro na bardziej g\u0119ste i wybarwione w szarym odcieniu. Kolejna zmiana futra nast\u0119puje wiosn\u0105. Ogon pokryty jest w\u0142osem rozmieszczonym w dw\u00f3ch pasmach. Wiewi\u00f3rka ma d\u0142ugie uszy zako\u0144czone kitkami. w przednich \u0142apach ma tylko cztery palce.<\/p>\n<p>Po\u017cywienie wiewi\u00f3rki pospolitej stanowi\u0105 nasiona (w tym z szyszek,, \u017co\u0142\u0119dzie i orzechy) i p\u0105czki drzew, grzyby, owoce , ale tak\u017ce owady , jaja i piskl\u0119ta.<\/p>\n<p>Obserwowano je r\u00f3wnie\u017c przy zdrapywaniu kory drzew iglastych i spijaniu \u017cywicy. Przeci\u0119tnie zim\u0105 spo\u017cywaj\u0105 oko\u0142o 35 g pokarmu\/dzie\u0144, wiosn\u0105 oko\u0142o 80 g\/dzie\u0144<\/p>\n<p>Jesieni\u0105 gromadz\u0105 zapasy \u017cywno\u015bci. Na wiewi\u00f3rki poluj\u0105 kuny i ptaki drapie\u017cne.<\/p>\n<p><a href=\"https:\/\/www.milosnicylasu.olsztyn.pl\/wp-content\/uploads\/2024\/12\/PC080029-www.jpg\" data-rel=\"lightbox-image-2\" data-magnific_type=\"image\" data-rl_title=\"\" data-rl_caption=\"\" title=\"\"><img loading=\"lazy\" decoding=\"async\" class=\"size-medium wp-image-9077 alignright\" src=\"https:\/\/www.milosnicylasu.olsztyn.pl\/wp-content\/uploads\/2024\/12\/PC080029-www-300x225.jpg\" alt=\"\" width=\"300\" height=\"225\" srcset=\"https:\/\/www.milosnicylasu.olsztyn.pl\/wp-content\/uploads\/2024\/12\/PC080029-www-300x225.jpg 300w, https:\/\/www.milosnicylasu.olsztyn.pl\/wp-content\/uploads\/2024\/12\/PC080029-www-768x576.jpg 768w, https:\/\/www.milosnicylasu.olsztyn.pl\/wp-content\/uploads\/2024\/12\/PC080029-www.jpg 1024w\" sizes=\"auto, (max-width: 300px) 100vw, 300px\" \/><\/a><\/p>\n<p>Wiewi\u00f3rka pospolita zamieszkuje dziuple, kt\u00f3re utyka porostami i mchami, lub gniazda ptak\u00f3w, dobudowuj\u0105c zadaszenie lub sama buduje gniazda z ga\u0142\u0119zi. Gniazda te buduje w koronach drzew, zwykle w rozwidleniu ga\u0142\u0119zi. Buduje je z trawy i drobnych ga\u0142\u0105zek i wy\u015bciela mchami. Jest aktywna w dzie\u0144, najbardziej rano i po po\u0142udniu<sup id=\"cite_ref-adw_9-2\" class=\"reference\"><a href=\"https:\/\/pl.wikipedia.org\/wiki\/Wiewi%C3%B3rka_pospolita#cite_note-adw-9\">]<\/a><\/sup>. Wiedzie samotne \u017cycie, rzadko \u0142\u0105czy si\u0119 w pary. Nie zapada w sen zimowy, ale mo\u017ce ogranicza\u0107 opuszczanie gniazda<sup id=\"cite_ref-ssaki_4-6\" class=\"reference\"><\/sup>.<\/p>\n<p>Ci\u0105\u017ca trwa 38\u201339 dni. Samica rodzi w jednym miocie od 3 do 7<sup id=\"cite_ref-adw_9-5\" class=\"reference\"><\/sup> m\u0142odych. W ci\u0105gu roku wydaje zwykle od 1 do 3 miot\u00f3w \u2013 przewa\u017cnie w okresie mi\u0119dzy wczesn\u0105 wiosn\u0105 a latem. M\u0142ode rodz\u0105 si\u0119 \u015blepe i nagie. Po narodzinach wa\u017c\u0105 8\u201312 g, otwieraj\u0105 oczy po blisko 30 dniach \u017cycia. Usamodzielniaj\u0105 si\u0119 w wieku 10 tygodni. Wiewi\u00f3rki osi\u0105gaj\u0105 dojrza\u0142o\u015b\u0107 p\u0142ciow\u0105 w wieku jednego roku. S\u0105 cz\u0119stymi ofiarami drapie\u017cnik\u00f3w. Na wolno\u015bci \u017cyj\u0105 zwykle 2\u20134 lata, cho\u0107 mog\u0105 do\u017cywa\u0107 6\u20137 lat, a w niewoli jeszcze d\u0142u\u017cej.<\/p>\n<p>Wyst\u0119puje w Europie i Azji\u00a0 na terenach le\u015bnych. Jest pospolita na terenie ca\u0142ej Polski, g\u0142\u00f3wnie w parkach oraz lasach li\u015bciastych. Zamieszkuje r\u00f3wnie\u017c lasy iglaste<sup>.<\/sup><\/p>\n<p>W Polsce od 2011 r. podlega\u0142a ochronie \u015bcis\u0142ej, a od 2014 r. podlega ochronie cz\u0119\u015bciowej. Na Wyspach Brytyjskich oraz w p\u00f3\u0142nocnych W\u0142oszech wiewi\u00f3rka pospolita zagro\u017cona jest z powodu ekspansji wiewi\u00f3rki szarej inwazyjnego gatunku sprowadzonego z Ameryki P\u00f3\u0142nocnej. Wypiera on rodzimy takson konkuruj\u0105c o zasoby \u015brodowiska oraz roznosi \u015bmiertelny dla wiewi\u00f3rki pospolitej wirus <i>Squirrel poxvirus<\/i>.<\/p>\n","protected":false},"excerpt":{"rendered":"<p>&#8222;Czy nasza&#8221;, to mo\u017ce troch\u0119. Mieszka gdzie\u015b w drzewie nad rzek\u0105 Wad\u0105g i cz\u0119sto nas odwiedza. Obserwujemy j\u0105 na dzia\u0142ce, najcz\u0119\u015bciej przy karmniku, sk\u0105d wybiera orzeszki, kt\u00f3re p\u00f3\u017aniej znajdujemy w r\u00f3\u017cnych miejscach. Podziwiamy j\u0105, jak zwinnie przeskakuje ga\u0142\u0119zie, drzewa nad rzek\u0105. Tu\u0142\u00f3w wraz z g\u0142ow\u0105 wiewi\u00f3rki pospolitej osi\u0105gaj\u0105 \u0142\u0105cznie d\u0142ugo\u015b\u0107 20\u201324 cm, ogona 17\u201320 cm, [&hellip;]<\/p>\n","protected":false},"author":2,"featured_media":0,"comment_status":"open","ping_status":"open","sticky":false,"template":"","format":"standard","meta":{"footnotes":""},"categories":[1,9,17],"tags":[],"class_list":["post-9071","post","type-post","status-publish","format-standard","hentry","category-bez-kategorii","category-ciekawostki","category-edukacja-w-terenie"],"_links":{"self":[{"href":"https:\/\/www.milosnicylasu.olsztyn.pl\/index.php?rest_route=\/wp\/v2\/posts\/9071","targetHints":{"allow":["GET"]}}],"collection":[{"href":"https:\/\/www.milosnicylasu.olsztyn.pl\/index.php?rest_route=\/wp\/v2\/posts"}],"about":[{"href":"https:\/\/www.milosnicylasu.olsztyn.pl\/index.php?rest_route=\/wp\/v2\/types\/post"}],"author":[{"embeddable":true,"href":"https:\/\/www.milosnicylasu.olsztyn.pl\/index.php?rest_route=\/wp\/v2\/users\/2"}],"replies":[{"embeddable":true,"href":"https:\/\/www.milosnicylasu.olsztyn.pl\/index.php?rest_route=%2Fwp%2Fv2%2Fcomments&post=9071"}],"version-history":[{"count":7,"href":"https:\/\/www.milosnicylasu.olsztyn.pl\/index.php?rest_route=\/wp\/v2\/posts\/9071\/revisions"}],"predecessor-version":[{"id":9082,"href":"https:\/\/www.milosnicylasu.olsztyn.pl\/index.php?rest_route=\/wp\/v2\/posts\/9071\/revisions\/9082"}],"wp:attachment":[{"href":"https:\/\/www.milosnicylasu.olsztyn.pl\/index.php?rest_route=%2Fwp%2Fv2%2Fmedia&parent=9071"}],"wp:term":[{"taxonomy":"category","embeddable":true,"href":"https:\/\/www.milosnicylasu.olsztyn.pl\/index.php?rest_route=%2Fwp%2Fv2%2Fcategories&post=9071"},{"taxonomy":"post_tag","embeddable":true,"href":"https:\/\/www.milosnicylasu.olsztyn.pl\/index.php?rest_route=%2Fwp%2Fv2%2Ftags&post=9071"}],"curies":[{"name":"wp","href":"https:\/\/api.w.org\/{rel}","templated":true}]}}