{"id":9085,"date":"2024-12-14T07:15:15","date_gmt":"2024-12-14T06:15:15","guid":{"rendered":"https:\/\/www.milosnicylasu.olsztyn.pl\/?p=9085"},"modified":"2024-12-14T07:15:15","modified_gmt":"2024-12-14T06:15:15","slug":"zyczenia-8","status":"publish","type":"post","link":"https:\/\/www.milosnicylasu.olsztyn.pl\/?p=9085","title":{"rendered":"\u017byczenia"},"content":{"rendered":"<p><a href=\"https:\/\/www.milosnicylasu.olsztyn.pl\/wp-content\/uploads\/2024\/12\/PC050011-www.jpg\" data-rel=\"lightbox-image-0\" data-magnific_type=\"image\" data-rl_title=\"\" data-rl_caption=\"\" title=\"\"><img loading=\"lazy\" decoding=\"async\" class=\"size-medium wp-image-9086 alignleft\" src=\"https:\/\/www.milosnicylasu.olsztyn.pl\/wp-content\/uploads\/2024\/12\/PC050011-www-225x300.jpg\" alt=\"\" width=\"225\" height=\"300\" srcset=\"https:\/\/www.milosnicylasu.olsztyn.pl\/wp-content\/uploads\/2024\/12\/PC050011-www-225x300.jpg 225w, https:\/\/www.milosnicylasu.olsztyn.pl\/wp-content\/uploads\/2024\/12\/PC050011-www.jpg 768w\" sizes=\"auto, (max-width: 225px) 100vw, 225px\" \/><\/a><\/p>\n<p><strong>W oczekiwaniu na zbli\u017caj\u0105ce si\u0119 \u015awi\u0119ta Bo\u017cego Narodzenia i Nowy Rok pe\u0142ni nadziei spogl\u0105damy w przysz\u0142o\u015b\u0107. Sk\u0142adamy \u017cyczenia: zdrowia, pogody ducha, spe\u0142nienia wszystkich marze\u0144, zawodowej satysfakcji i wielu sukces\u00f3w.<\/strong><\/p>\n<p>&nbsp;<\/p>\n<p><strong>W imieniu Zarz\u0105du Ko\u0142a Mi\u0142o\u015bnik\u00f3w Las\u00f3w i Militari\u00f3w LOK przy ATW w Olsztynie<\/strong><\/p>\n<p><strong> prezes Ko\u0142a Anatol Leszczy\u0144ski<\/strong><\/p>\n","protected":false},"excerpt":{"rendered":"<p>W oczekiwaniu na zbli\u017caj\u0105ce si\u0119 \u015awi\u0119ta Bo\u017cego Narodzenia i Nowy Rok pe\u0142ni nadziei spogl\u0105damy w przysz\u0142o\u015b\u0107. Sk\u0142adamy \u017cyczenia: zdrowia, pogody ducha, spe\u0142nienia wszystkich marze\u0144, zawodowej satysfakcji i wielu sukces\u00f3w. &nbsp; W imieniu Zarz\u0105du Ko\u0142a Mi\u0142o\u015bnik\u00f3w Las\u00f3w i Militari\u00f3w LOK przy ATW w Olsztynie prezes Ko\u0142a Anatol Leszczy\u0144ski<\/p>\n","protected":false},"author":2,"featured_media":0,"comment_status":"open","ping_status":"open","sticky":false,"template":"","format":"standard","meta":{"footnotes":""},"categories":[1,9],"tags":[],"class_list":["post-9085","post","type-post","status-publish","format-standard","hentry","category-bez-kategorii","category-ciekawostki"],"_links":{"self":[{"href":"https:\/\/www.milosnicylasu.olsztyn.pl\/index.php?rest_route=\/wp\/v2\/posts\/9085","targetHints":{"allow":["GET"]}}],"collection":[{"href":"https:\/\/www.milosnicylasu.olsztyn.pl\/index.php?rest_route=\/wp\/v2\/posts"}],"about":[{"href":"https:\/\/www.milosnicylasu.olsztyn.pl\/index.php?rest_route=\/wp\/v2\/types\/post"}],"author":[{"embeddable":true,"href":"https:\/\/www.milosnicylasu.olsztyn.pl\/index.php?rest_route=\/wp\/v2\/users\/2"}],"replies":[{"embeddable":true,"href":"https:\/\/www.milosnicylasu.olsztyn.pl\/index.php?rest_route=%2Fwp%2Fv2%2Fcomments&post=9085"}],"version-history":[{"count":2,"href":"https:\/\/www.milosnicylasu.olsztyn.pl\/index.php?rest_route=\/wp\/v2\/posts\/9085\/revisions"}],"predecessor-version":[{"id":9088,"href":"https:\/\/www.milosnicylasu.olsztyn.pl\/index.php?rest_route=\/wp\/v2\/posts\/9085\/revisions\/9088"}],"wp:attachment":[{"href":"https:\/\/www.milosnicylasu.olsztyn.pl\/index.php?rest_route=%2Fwp%2Fv2%2Fmedia&parent=9085"}],"wp:term":[{"taxonomy":"category","embeddable":true,"href":"https:\/\/www.milosnicylasu.olsztyn.pl\/index.php?rest_route=%2Fwp%2Fv2%2Fcategories&post=9085"},{"taxonomy":"post_tag","embeddable":true,"href":"https:\/\/www.milosnicylasu.olsztyn.pl\/index.php?rest_route=%2Fwp%2Fv2%2Ftags&post=9085"}],"curies":[{"name":"wp","href":"https:\/\/api.w.org\/{rel}","templated":true}]}}