{"id":9116,"date":"2024-12-30T13:14:54","date_gmt":"2024-12-30T12:14:54","guid":{"rendered":"https:\/\/www.milosnicylasu.olsztyn.pl\/?p=9116"},"modified":"2024-12-30T13:14:54","modified_gmt":"2024-12-30T12:14:54","slug":"jak-pozegnalismy-2024-rok-w-lesie","status":"publish","type":"post","link":"https:\/\/www.milosnicylasu.olsztyn.pl\/?p=9116","title":{"rendered":"Jak po\u017cegnali\u015bmy 2024 rok w lesie"},"content":{"rendered":"<p><a href=\"https:\/\/www.milosnicylasu.olsztyn.pl\/wp-content\/uploads\/2024\/12\/DSCN7599-www.jpg\" data-rel=\"lightbox-image-0\" data-magnific_type=\"image\" data-rl_title=\"\" data-rl_caption=\"\" title=\"\"><img loading=\"lazy\" decoding=\"async\" class=\"size-medium wp-image-9117 alignleft\" src=\"https:\/\/www.milosnicylasu.olsztyn.pl\/wp-content\/uploads\/2024\/12\/DSCN7599-www-300x225.jpg\" alt=\"\" width=\"300\" height=\"225\" srcset=\"https:\/\/www.milosnicylasu.olsztyn.pl\/wp-content\/uploads\/2024\/12\/DSCN7599-www-300x225.jpg 300w, https:\/\/www.milosnicylasu.olsztyn.pl\/wp-content\/uploads\/2024\/12\/DSCN7599-www-768x576.jpg 768w, https:\/\/www.milosnicylasu.olsztyn.pl\/wp-content\/uploads\/2024\/12\/DSCN7599-www.jpg 1024w\" sizes=\"auto, (max-width: 300px) 100vw, 300px\" \/><\/a><\/p>\n<p><strong>Sylwester &#8211; tradycja<\/strong><\/p>\n<p>Wed\u0142ug wi\u0119kszo\u015bci \u017ar\u00f3de\u0142 <strong>sylwestrow\u0105 zabaw\u0119 zawdzi\u0119czamy proroctwu Sybilli<\/strong>, kt\u00f3ra na rok 1000 wyznaczy\u0142a koniec \u015bwiata. Na prze\u0142omie lat 999 i 1000 mia\u0142 obudzi\u0107 si\u0119 smok Lewiatan, by zniszczy\u0107 ludzko\u015b\u0107. U progu nowego milenium oczekiwano wi\u0119c apokalipsy, kt\u00f3r\u0105 opisa\u0142 tak\u017ce \u015bw. Jan. Gdy nie dosz\u0142o do katastrofy, wczesnym rankiem 1 stycznia 1000 roku, \u00f3wczesny papie\u017c Sylwester II pob\u0142ogos\u0142awi\u0142 Rzym i \u015bwiat. Ludzie wylegli natomiast na ulice, by \u015bwi\u0119towa\u0107, a ojciec \u015bwi\u0119ty zosta\u0142 uznany za bohatera.<\/p>\n<p><a href=\"https:\/\/www.milosnicylasu.olsztyn.pl\/wp-content\/uploads\/2024\/12\/DSCN7607-www.jpg\" data-rel=\"lightbox-image-1\" data-magnific_type=\"image\" data-rl_title=\"\" data-rl_caption=\"\" title=\"\"><img loading=\"lazy\" decoding=\"async\" class=\"size-medium wp-image-9118 alignright\" src=\"https:\/\/www.milosnicylasu.olsztyn.pl\/wp-content\/uploads\/2024\/12\/DSCN7607-www-300x225.jpg\" alt=\"\" width=\"300\" height=\"225\" srcset=\"https:\/\/www.milosnicylasu.olsztyn.pl\/wp-content\/uploads\/2024\/12\/DSCN7607-www-300x225.jpg 300w, https:\/\/www.milosnicylasu.olsztyn.pl\/wp-content\/uploads\/2024\/12\/DSCN7607-www-768x576.jpg 768w, https:\/\/www.milosnicylasu.olsztyn.pl\/wp-content\/uploads\/2024\/12\/DSCN7607-www.jpg 1024w\" sizes=\"auto, (max-width: 300px) 100vw, 300px\" \/><\/a>Cz\u0142onkowie Ko\u0142a Mi\u0142o\u015bnik\u00f3w Lasu i Militari\u00f3w LOK przy ATW w Olsztynie spotkali si\u0119, jak w ka\u017cd\u0105 sobot\u0119, 28 grudnia 2024 roku. Tym razem uroczy\u015bcie po\u017cegnali\u015bmy stary rok. By\u0142y \u017cyczenia, wielkie ognisko, piekli\u015bmy kie\u0142baski, cz\u0119stowali\u015bmy si\u0119 smako\u0142ykami przyniesionymi przez uczestnik\u00f3w imprezy&#8230;&#8230;no i wiele szampan\u00f3w, g\u0142\u00f3wnie tych bezalkoholowych, bo tym razem go\u015bcili\u015bmy kilkoro dzieci. A wi\u0119c tradycyjnie\u00a0 Zuzia i Stasio D\u0105browscy, ale te\u017c go\u015bcie z Francji &#8211; tr\u00f3jka wnuk\u00f3w Marianny Bonis\u0142awskiej, jej c\u00f3rka i zi\u0119\u0107. Mi\u0142o nam by\u0142o r\u00f3wnie\u017c go\u015bci\u0107 cz\u0142onk\u00f3w Ko\u0142a z Krakowa. <a href=\"https:\/\/www.milosnicylasu.olsztyn.pl\/wp-content\/uploads\/2024\/12\/DSCN7602-www.jpg\" data-rel=\"lightbox-image-2\" data-magnific_type=\"image\" data-rl_title=\"\" data-rl_caption=\"\" title=\"\"><img loading=\"lazy\" decoding=\"async\" class=\"size-medium wp-image-9119 alignleft\" src=\"https:\/\/www.milosnicylasu.olsztyn.pl\/wp-content\/uploads\/2024\/12\/DSCN7602-www-300x225.jpg\" alt=\"\" width=\"300\" height=\"225\" srcset=\"https:\/\/www.milosnicylasu.olsztyn.pl\/wp-content\/uploads\/2024\/12\/DSCN7602-www-300x225.jpg 300w, https:\/\/www.milosnicylasu.olsztyn.pl\/wp-content\/uploads\/2024\/12\/DSCN7602-www-768x576.jpg 768w, https:\/\/www.milosnicylasu.olsztyn.pl\/wp-content\/uploads\/2024\/12\/DSCN7602-www.jpg 1024w\" sizes=\"auto, (max-width: 300px) 100vw, 300px\" \/><\/a><\/p>\n<p>Mimo porannych obaw, pogoda dopisa\u0142a. Temperatura plusowa\u00a0 i nie pada\u0142o.<\/p>\n<p>Mo\u017ce impreza nietypowa jak na Sylwestra, ale wa\u017cne, \u017ce by\u0142o weso\u0142o.<a href=\"https:\/\/www.milosnicylasu.olsztyn.pl\/wp-content\/uploads\/2024\/12\/DSCN7612-www.jpg\" data-rel=\"lightbox-image-3\" data-magnific_type=\"image\" data-rl_title=\"\" data-rl_caption=\"\" title=\"\"><img loading=\"lazy\" decoding=\"async\" class=\"size-medium wp-image-9120 aligncenter\" src=\"https:\/\/www.milosnicylasu.olsztyn.pl\/wp-content\/uploads\/2024\/12\/DSCN7612-www-300x225.jpg\" alt=\"\" width=\"300\" height=\"225\" srcset=\"https:\/\/www.milosnicylasu.olsztyn.pl\/wp-content\/uploads\/2024\/12\/DSCN7612-www-300x225.jpg 300w, https:\/\/www.milosnicylasu.olsztyn.pl\/wp-content\/uploads\/2024\/12\/DSCN7612-www-768x576.jpg 768w, https:\/\/www.milosnicylasu.olsztyn.pl\/wp-content\/uploads\/2024\/12\/DSCN7612-www.jpg 1024w\" sizes=\"auto, (max-width: 300px) 100vw, 300px\" \/><\/a><\/p>\n<p><strong>Przestroga dla tych porz\u0105dnickich &#8211; wymiatanie biedy<\/strong><\/p>\n<p>Pami\u0119tamy, ze w sylwestra nie sprz\u0105tano, by nie wymie\u015b\u0107 szcz\u0119\u015bcia. Mo\u017cna to by\u0142o zrobi\u0107 przed \u015bwitem w Nowy Rok, zwyczaj ten nazywano wymiataniem biedy. \u015amieci wynoszono na drog\u0119, a ga\u0142\u0105zki \u015bwierkowe, kt\u00f3rych u\u017cywano do zamiatania, wk\u0142adano w p\u0142ot. Je\u017celi w domu by\u0142a panna na wydaniu, sprawdzano p\u00f3\u017aniej czy \u015bwierczyna zosta\u0142a zabrana przez ch\u0142opc\u00f3w. Gdy tak si\u0119 sta\u0142o, by\u0142 to znak, \u017ce jeszcze tym roku mo\u017cna szykowa\u0107 si\u0119 na \u015blub.<\/p>\n","protected":false},"excerpt":{"rendered":"<p>Sylwester &#8211; tradycja Wed\u0142ug wi\u0119kszo\u015bci \u017ar\u00f3de\u0142 sylwestrow\u0105 zabaw\u0119 zawdzi\u0119czamy proroctwu Sybilli, kt\u00f3ra na rok 1000 wyznaczy\u0142a koniec \u015bwiata. Na prze\u0142omie lat 999 i 1000 mia\u0142 obudzi\u0107 si\u0119 smok Lewiatan, by zniszczy\u0107 ludzko\u015b\u0107. U progu nowego milenium oczekiwano wi\u0119c apokalipsy, kt\u00f3r\u0105 opisa\u0142 tak\u017ce \u015bw. Jan. Gdy nie dosz\u0142o do katastrofy, wczesnym rankiem 1 stycznia 1000 roku, [&hellip;]<\/p>\n","protected":false},"author":2,"featured_media":0,"comment_status":"open","ping_status":"open","sticky":false,"template":"","format":"standard","meta":{"footnotes":""},"categories":[1,9,17,2],"tags":[],"class_list":["post-9116","post","type-post","status-publish","format-standard","hentry","category-bez-kategorii","category-ciekawostki","category-edukacja-w-terenie","category-rajdy"],"_links":{"self":[{"href":"https:\/\/www.milosnicylasu.olsztyn.pl\/index.php?rest_route=\/wp\/v2\/posts\/9116","targetHints":{"allow":["GET"]}}],"collection":[{"href":"https:\/\/www.milosnicylasu.olsztyn.pl\/index.php?rest_route=\/wp\/v2\/posts"}],"about":[{"href":"https:\/\/www.milosnicylasu.olsztyn.pl\/index.php?rest_route=\/wp\/v2\/types\/post"}],"author":[{"embeddable":true,"href":"https:\/\/www.milosnicylasu.olsztyn.pl\/index.php?rest_route=\/wp\/v2\/users\/2"}],"replies":[{"embeddable":true,"href":"https:\/\/www.milosnicylasu.olsztyn.pl\/index.php?rest_route=%2Fwp%2Fv2%2Fcomments&post=9116"}],"version-history":[{"count":1,"href":"https:\/\/www.milosnicylasu.olsztyn.pl\/index.php?rest_route=\/wp\/v2\/posts\/9116\/revisions"}],"predecessor-version":[{"id":9121,"href":"https:\/\/www.milosnicylasu.olsztyn.pl\/index.php?rest_route=\/wp\/v2\/posts\/9116\/revisions\/9121"}],"wp:attachment":[{"href":"https:\/\/www.milosnicylasu.olsztyn.pl\/index.php?rest_route=%2Fwp%2Fv2%2Fmedia&parent=9116"}],"wp:term":[{"taxonomy":"category","embeddable":true,"href":"https:\/\/www.milosnicylasu.olsztyn.pl\/index.php?rest_route=%2Fwp%2Fv2%2Fcategories&post=9116"},{"taxonomy":"post_tag","embeddable":true,"href":"https:\/\/www.milosnicylasu.olsztyn.pl\/index.php?rest_route=%2Fwp%2Fv2%2Ftags&post=9116"}],"curies":[{"name":"wp","href":"https:\/\/api.w.org\/{rel}","templated":true}]}}