{"id":9122,"date":"2024-12-30T21:20:05","date_gmt":"2024-12-30T20:20:05","guid":{"rendered":"https:\/\/www.milosnicylasu.olsztyn.pl\/?p=9122"},"modified":"2024-12-30T21:23:11","modified_gmt":"2024-12-30T20:23:11","slug":"bobry-2","status":"publish","type":"post","link":"https:\/\/www.milosnicylasu.olsztyn.pl\/?p=9122","title":{"rendered":"Bobry"},"content":{"rendered":"<p><a href=\"https:\/\/www.milosnicylasu.olsztyn.pl\/wp-content\/uploads\/2024\/12\/DSCN7576-www.jpg\" data-rel=\"lightbox-image-0\" data-magnific_type=\"image\" data-rl_title=\"\" data-rl_caption=\"\" title=\"\"><img loading=\"lazy\" decoding=\"async\" class=\"size-medium wp-image-9123 alignleft\" src=\"https:\/\/www.milosnicylasu.olsztyn.pl\/wp-content\/uploads\/2024\/12\/DSCN7576-www-300x225.jpg\" alt=\"\" width=\"300\" height=\"225\" srcset=\"https:\/\/www.milosnicylasu.olsztyn.pl\/wp-content\/uploads\/2024\/12\/DSCN7576-www-300x225.jpg 300w, https:\/\/www.milosnicylasu.olsztyn.pl\/wp-content\/uploads\/2024\/12\/DSCN7576-www-768x576.jpg 768w, https:\/\/www.milosnicylasu.olsztyn.pl\/wp-content\/uploads\/2024\/12\/DSCN7576-www.jpg 1024w\" sizes=\"auto, (max-width: 300px) 100vw, 300px\" \/><\/a>\u00a0Zgodnie z informacj\u0105 Regionalnej Dyrekcji Ochrony \u015arodowiska w Olsztynie, na ponad 9,1 mln z\u0142 wyceniono szkody spowodowane w tym roku na Warmii i Mazurach przez zwierz\u0119ta gatunk\u00f3w chronionych. To o 860 tys. z\u0142 wi\u0119cej ni\u017c w 2023 r.<a href=\"https:\/\/www.milosnicylasu.olsztyn.pl\/wp-content\/uploads\/2024\/12\/DSCN7577-www.jpg\" data-rel=\"lightbox-image-1\" data-magnific_type=\"image\" data-rl_title=\"\" data-rl_caption=\"\" title=\"\"><img loading=\"lazy\" decoding=\"async\" class=\"size-medium wp-image-9124 alignright\" src=\"https:\/\/www.milosnicylasu.olsztyn.pl\/wp-content\/uploads\/2024\/12\/DSCN7577-www-300x225.jpg\" alt=\"\" width=\"300\" height=\"225\" srcset=\"https:\/\/www.milosnicylasu.olsztyn.pl\/wp-content\/uploads\/2024\/12\/DSCN7577-www-300x225.jpg 300w, https:\/\/www.milosnicylasu.olsztyn.pl\/wp-content\/uploads\/2024\/12\/DSCN7577-www-768x576.jpg 768w, https:\/\/www.milosnicylasu.olsztyn.pl\/wp-content\/uploads\/2024\/12\/DSCN7577-www.jpg 1024w\" sizes=\"auto, (max-width: 300px) 100vw, 300px\" \/><\/a><\/p>\n<p>Podobnie jak w latach ubieg\u0142ych najwi\u0119cej by\u0142o szk\u00f3d wyrz\u0105dzonych przez bobry. W tym roku zg\u0142oszono 716 takich szk\u00f3d, a suma oszacowanych odszkodowa\u0144 na koniec grudnia si\u0119ga niemal 8,3 mln z\u0142. To kwota wy\u017csza ni\u017c w poprzednich dw\u00f3ch latach, chocia\u017c liczba zg\u0142oszonych szk\u00f3d utrzymuje si\u0119 na podobnym poziomie.<a href=\"https:\/\/www.milosnicylasu.olsztyn.pl\/wp-content\/uploads\/2024\/12\/DSCN7578-www.jpg\" data-rel=\"lightbox-image-2\" data-magnific_type=\"image\" data-rl_title=\"\" data-rl_caption=\"\" title=\"\"><img loading=\"lazy\" decoding=\"async\" class=\"size-medium wp-image-9125 aligncenter\" src=\"https:\/\/www.milosnicylasu.olsztyn.pl\/wp-content\/uploads\/2024\/12\/DSCN7578-www-300x225.jpg\" alt=\"\" width=\"300\" height=\"225\" srcset=\"https:\/\/www.milosnicylasu.olsztyn.pl\/wp-content\/uploads\/2024\/12\/DSCN7578-www-300x225.jpg 300w, https:\/\/www.milosnicylasu.olsztyn.pl\/wp-content\/uploads\/2024\/12\/DSCN7578-www-768x576.jpg 768w, https:\/\/www.milosnicylasu.olsztyn.pl\/wp-content\/uploads\/2024\/12\/DSCN7578-www.jpg 1024w\" sizes=\"auto, (max-width: 300px) 100vw, 300px\" \/><\/a><\/p>\n<p>Szkody wyrz\u0105dzone przez bobry dotyczy\u0142y \u015bci\u0119tych i podtopionych drzew, zalanych u\u017cytk\u00f3w zielonych i upraw rolnych oraz staw\u00f3w rybnych uszkodzonych w wyniku kopania nor w groblach. Zdarzy\u0142y si\u0119 zalania piwnic wskutek podniesienia poziomu w\u00f3d gruntowych, co by\u0142o nast\u0119pstwem dzia\u0142alno\u015bci bobr\u00f3w. By\u0142y te\u017c przypadki zniszczenia publicznych dr\u00f3g w wyniku kopania nor i uszkodzenia sprz\u0119tu, kt\u00f3ry podczas prac rolnych wpad\u0142 w nor\u0119 bobrow\u0105.<a href=\"https:\/\/www.milosnicylasu.olsztyn.pl\/wp-content\/uploads\/2024\/12\/DSCN7584-www.jpg\" data-rel=\"lightbox-image-3\" data-magnific_type=\"image\" data-rl_title=\"\" data-rl_caption=\"\" title=\"\"><img loading=\"lazy\" decoding=\"async\" class=\"size-medium wp-image-9127 alignright\" src=\"https:\/\/www.milosnicylasu.olsztyn.pl\/wp-content\/uploads\/2024\/12\/DSCN7584-www-300x225.jpg\" alt=\"\" width=\"300\" height=\"225\" srcset=\"https:\/\/www.milosnicylasu.olsztyn.pl\/wp-content\/uploads\/2024\/12\/DSCN7584-www-300x225.jpg 300w, https:\/\/www.milosnicylasu.olsztyn.pl\/wp-content\/uploads\/2024\/12\/DSCN7584-www-768x576.jpg 768w, https:\/\/www.milosnicylasu.olsztyn.pl\/wp-content\/uploads\/2024\/12\/DSCN7584-www.jpg 1024w\" sizes=\"auto, (max-width: 300px) 100vw, 300px\" \/><\/a><a href=\"https:\/\/www.milosnicylasu.olsztyn.pl\/wp-content\/uploads\/2024\/12\/DSCN7580-www.jpg\" data-rel=\"lightbox-image-4\" data-magnific_type=\"image\" data-rl_title=\"\" data-rl_caption=\"\" title=\"\"><img loading=\"lazy\" decoding=\"async\" class=\"size-medium wp-image-9126 alignleft\" src=\"https:\/\/www.milosnicylasu.olsztyn.pl\/wp-content\/uploads\/2024\/12\/DSCN7580-www-300x225.jpg\" alt=\"\" width=\"300\" height=\"225\" srcset=\"https:\/\/www.milosnicylasu.olsztyn.pl\/wp-content\/uploads\/2024\/12\/DSCN7580-www-300x225.jpg 300w, https:\/\/www.milosnicylasu.olsztyn.pl\/wp-content\/uploads\/2024\/12\/DSCN7580-www-768x576.jpg 768w, https:\/\/www.milosnicylasu.olsztyn.pl\/wp-content\/uploads\/2024\/12\/DSCN7580-www.jpg 1024w\" sizes=\"auto, (max-width: 300px) 100vw, 300px\" \/><\/a><\/p>\n<p>Jak szacuj\u0105 s\u0142u\u017cby ochrony \u015brodowiska, w woj. warmi\u0144sko-mazurskim \u017cyje 18,5 tys. bobr\u00f3w. Mimo tak du\u017cej ich ilo\u015bci, ma\u0142o jest os\u00f3b, kt\u00f3re widzia\u0142y bobry.<\/p>\n<p>W czasie sobotnich rajd\u00f3w cz\u0142onkowie Ko\u0142a Mi\u0142o\u015bnik\u00f3w Lasu i Militari\u00f3w LOK przy ATW w Olsztynie widz\u0105 \u015blady ich pracy. Zdj\u0119cia zosta\u0142y zrobione 28 grudnia 20924 roku w Le\u015bnictwie Stary Dw\u00f3r Nadle\u015bnictwa Kudypy.<\/p>\n<p>Z innych zwierz\u0105t chronionych szacuje si\u0119,\u00a0 \u017ce w naszym wojew\u00f3dztwie \u017cyje 160 wilk\u00f3w, 140-150 \u017cubr\u00f3w i 15 rysi.<\/p>\n<p>informacje:\u00a0 z danych przekazanych PAP przez Pani\u0105 Justyn\u0119 Januszewicz rzeczniczk\u0119 RDO\u015a w Olsztynie<\/p>\n<p>zdj\u0119cia Krystyna Leszczy\u0144ska<\/p>\n<p>&nbsp;<\/p>\n<p>&nbsp;<\/p>\n<p>&nbsp;<\/p>\n<p>&nbsp;<\/p>\n","protected":false},"excerpt":{"rendered":"<p>\u00a0Zgodnie z informacj\u0105 Regionalnej Dyrekcji Ochrony \u015arodowiska w Olsztynie, na ponad 9,1 mln z\u0142 wyceniono szkody spowodowane w tym roku na Warmii i Mazurach przez zwierz\u0119ta gatunk\u00f3w chronionych. To o 860 tys. z\u0142 wi\u0119cej ni\u017c w 2023 r. Podobnie jak w latach ubieg\u0142ych najwi\u0119cej by\u0142o szk\u00f3d wyrz\u0105dzonych przez bobry. W tym roku zg\u0142oszono 716 takich [&hellip;]<\/p>\n","protected":false},"author":2,"featured_media":0,"comment_status":"open","ping_status":"open","sticky":false,"template":"","format":"standard","meta":{"footnotes":""},"categories":[9,17,2],"tags":[],"class_list":["post-9122","post","type-post","status-publish","format-standard","hentry","category-ciekawostki","category-edukacja-w-terenie","category-rajdy"],"_links":{"self":[{"href":"https:\/\/www.milosnicylasu.olsztyn.pl\/index.php?rest_route=\/wp\/v2\/posts\/9122","targetHints":{"allow":["GET"]}}],"collection":[{"href":"https:\/\/www.milosnicylasu.olsztyn.pl\/index.php?rest_route=\/wp\/v2\/posts"}],"about":[{"href":"https:\/\/www.milosnicylasu.olsztyn.pl\/index.php?rest_route=\/wp\/v2\/types\/post"}],"author":[{"embeddable":true,"href":"https:\/\/www.milosnicylasu.olsztyn.pl\/index.php?rest_route=\/wp\/v2\/users\/2"}],"replies":[{"embeddable":true,"href":"https:\/\/www.milosnicylasu.olsztyn.pl\/index.php?rest_route=%2Fwp%2Fv2%2Fcomments&post=9122"}],"version-history":[{"count":1,"href":"https:\/\/www.milosnicylasu.olsztyn.pl\/index.php?rest_route=\/wp\/v2\/posts\/9122\/revisions"}],"predecessor-version":[{"id":9128,"href":"https:\/\/www.milosnicylasu.olsztyn.pl\/index.php?rest_route=\/wp\/v2\/posts\/9122\/revisions\/9128"}],"wp:attachment":[{"href":"https:\/\/www.milosnicylasu.olsztyn.pl\/index.php?rest_route=%2Fwp%2Fv2%2Fmedia&parent=9122"}],"wp:term":[{"taxonomy":"category","embeddable":true,"href":"https:\/\/www.milosnicylasu.olsztyn.pl\/index.php?rest_route=%2Fwp%2Fv2%2Fcategories&post=9122"},{"taxonomy":"post_tag","embeddable":true,"href":"https:\/\/www.milosnicylasu.olsztyn.pl\/index.php?rest_route=%2Fwp%2Fv2%2Ftags&post=9122"}],"curies":[{"name":"wp","href":"https:\/\/api.w.org\/{rel}","templated":true}]}}