{"id":9131,"date":"2025-01-05T18:57:21","date_gmt":"2025-01-05T17:57:21","guid":{"rendered":"https:\/\/www.milosnicylasu.olsztyn.pl\/?p=9131"},"modified":"2025-01-05T18:58:03","modified_gmt":"2025-01-05T17:58:03","slug":"zapraszamy-na-rocznice-urodzin-klenczona","status":"publish","type":"post","link":"https:\/\/www.milosnicylasu.olsztyn.pl\/?p=9131","title":{"rendered":"Zapraszamy na rocznic\u0119 urodzin Klenczona"},"content":{"rendered":"<p><strong>WYJAZD NA ROCZNIC\u0118 URODZIN KLENCZONA W DN.11.01. 2025r.\/sobota\/<\/strong><\/p>\n<p>Spotkanie na dworcu PKP, zakup bilet\u00f3w do Szczytna i powrotny. Jedziemy poci\u0105giem IC Biebrza, wyjazd o godz. 9.45 w Szczytnie jeste\u015bmy o godz. 10.45,\u00a0 koszt biletu w jedn\u0105 stron\u0119 11,00z\u0142.\/emeryci\/ powr\u00f3t o godz. 14,35 lub kolejnym wed\u0142ug rozk\u0142adu znajduj\u0105cego si\u0119 w Szczytnie na dworcu PKP.<\/p>\n<p>Odpowiedni str\u00f3j w zale\u017cno\u015bci od pogody, do plecaka zabieramy kanapki, napoje do termosu, wygodne obuwie.<\/p>\n<p>Do spotkania na dworcu.<\/p>\n","protected":false},"excerpt":{"rendered":"<p>WYJAZD NA ROCZNIC\u0118 URODZIN KLENCZONA W DN.11.01. 2025r.\/sobota\/ Spotkanie na dworcu PKP, zakup bilet\u00f3w do Szczytna i powrotny. Jedziemy poci\u0105giem IC Biebrza, wyjazd o godz. 9.45 w Szczytnie jeste\u015bmy o godz. 10.45,\u00a0 koszt biletu w jedn\u0105 stron\u0119 11,00z\u0142.\/emeryci\/ powr\u00f3t o godz. 14,35 lub kolejnym wed\u0142ug rozk\u0142adu znajduj\u0105cego si\u0119 w Szczytnie na dworcu PKP. Odpowiedni str\u00f3j [&hellip;]<\/p>\n","protected":false},"author":2,"featured_media":0,"comment_status":"open","ping_status":"open","sticky":false,"template":"","format":"standard","meta":{"footnotes":""},"categories":[9,17,5],"tags":[],"class_list":["post-9131","post","type-post","status-publish","format-standard","hentry","category-ciekawostki","category-edukacja-w-terenie","category-wycieczki"],"_links":{"self":[{"href":"https:\/\/www.milosnicylasu.olsztyn.pl\/index.php?rest_route=\/wp\/v2\/posts\/9131","targetHints":{"allow":["GET"]}}],"collection":[{"href":"https:\/\/www.milosnicylasu.olsztyn.pl\/index.php?rest_route=\/wp\/v2\/posts"}],"about":[{"href":"https:\/\/www.milosnicylasu.olsztyn.pl\/index.php?rest_route=\/wp\/v2\/types\/post"}],"author":[{"embeddable":true,"href":"https:\/\/www.milosnicylasu.olsztyn.pl\/index.php?rest_route=\/wp\/v2\/users\/2"}],"replies":[{"embeddable":true,"href":"https:\/\/www.milosnicylasu.olsztyn.pl\/index.php?rest_route=%2Fwp%2Fv2%2Fcomments&post=9131"}],"version-history":[{"count":1,"href":"https:\/\/www.milosnicylasu.olsztyn.pl\/index.php?rest_route=\/wp\/v2\/posts\/9131\/revisions"}],"predecessor-version":[{"id":9132,"href":"https:\/\/www.milosnicylasu.olsztyn.pl\/index.php?rest_route=\/wp\/v2\/posts\/9131\/revisions\/9132"}],"wp:attachment":[{"href":"https:\/\/www.milosnicylasu.olsztyn.pl\/index.php?rest_route=%2Fwp%2Fv2%2Fmedia&parent=9131"}],"wp:term":[{"taxonomy":"category","embeddable":true,"href":"https:\/\/www.milosnicylasu.olsztyn.pl\/index.php?rest_route=%2Fwp%2Fv2%2Fcategories&post=9131"},{"taxonomy":"post_tag","embeddable":true,"href":"https:\/\/www.milosnicylasu.olsztyn.pl\/index.php?rest_route=%2Fwp%2Fv2%2Ftags&post=9131"}],"curies":[{"name":"wp","href":"https:\/\/api.w.org\/{rel}","templated":true}]}}