{"id":9145,"date":"2025-01-07T10:14:11","date_gmt":"2025-01-07T09:14:11","guid":{"rendered":"https:\/\/www.milosnicylasu.olsztyn.pl\/?p=9145"},"modified":"2025-01-07T10:14:37","modified_gmt":"2025-01-07T09:14:37","slug":"w-2025-roku-obchodzimy-60-lecie-zespolu-czerwone-gitary","status":"publish","type":"post","link":"https:\/\/www.milosnicylasu.olsztyn.pl\/?p=9145","title":{"rendered":"W 2025 roku obchodzimy 60-lecie zespo\u0142u Czerwone Gitary"},"content":{"rendered":"<p><strong>W 2025 roku obchodzimy 60-lecie zespo\u0142u Czerwone Gitary<\/strong><\/p>\n<p>3 stycznia 1965 r. w Gda\u0144sku powsta\u0142 zesp\u00f3\u0142 Czerwone Gitary, przez \u00f3wczesne media okre\u015blany mianem polskich Beatles\u00f3w. Przez kolejne sze\u015b\u0107 dekad ich piosenki by\u0142y sta\u0142ym elementem zabaw, festyn\u00f3w, dyskotek, prywatek i wesel. Zesp\u00f3\u0142 koncertuje do dzi\u015b.<\/p>\n<p>Pierwszy sk\u0142ad zespo\u0142u stanowili: Bernard Dornowski, <strong>Krzysztof Klenczon<\/strong>, Jerzy Kossela, Jerzy Skrzypczyk i Henryk Zomerski. W tym sk\u0142adzie nagrali pierwsz\u0105 p\u0142yt\u0119, na kt\u00f3rej znajdowa\u0142y si\u0119 cztery piosenki: &#8222;Bo ty si\u0119 boisz myszy&#8221;, &#8222;Taka jak Ty&#8221;, &#8222;Licz do stu&#8221; i &#8222;Pluszowe nied\u017awiadki&#8221;. W nagraniu go\u015bcinnie wzi\u0105\u0142 udzia\u0142 Seweryn Krajewski.<\/p>\n<p>Krzysztof Klenczon By\u0142 kompozytorem najwi\u0119kszych przeboj\u00f3w Czerwonych Gitar (obok Seweryna Krajewskiego): \u201eTaka jak ty\u201d, \u201e Bia\u0142y Krzy\u017c\u201d, \u201eJesie\u0144 idzie przez park\u201d, \u201eHistoria jednej znajomo\u015bci\u201d, \u201eNikt na \u015bwiecie nie wie\u201d, \u201eWr\u00f3\u0107my na jeziora\u201d, \u201eGdy kiedy\u015b zn\u00f3w zawo\u0142am ci\u0119\u201d, \u201eKwiaty we w\u0142osach\u201d i \u201ePowiedz stary gdzie\u015b ty by\u0142\u201d. W 1969 za \u201eBia\u0142y krzy\u017c\u201d otrzyma\u0142 Nagrod\u0119 Ministra Kultury i Sztuki na 7 Krajowym Festiwalu Piosenki Polskiej w Opolu.<\/p>\n<p>Cz\u0142onkowie Ko\u0142a Mi\u0142o\u015bnik\u00f3w Lasu i Militari\u00f3w LOK przy ATW w Olsztynie <strong>60-lecie zespo\u0142u Czerwone Gitary b\u0119d\u0105 obchodzili w Szczytnie, przy okazji wyjazdu z okazji rocznicy urodzin Krzysztofa Kl\u0119czona.<\/strong><\/p>\n<p>&nbsp;<\/p>\n<p>&nbsp;<\/p>\n","protected":false},"excerpt":{"rendered":"<p>W 2025 roku obchodzimy 60-lecie zespo\u0142u Czerwone Gitary 3 stycznia 1965 r. w Gda\u0144sku powsta\u0142 zesp\u00f3\u0142 Czerwone Gitary, przez \u00f3wczesne media okre\u015blany mianem polskich Beatles\u00f3w. Przez kolejne sze\u015b\u0107 dekad ich piosenki by\u0142y sta\u0142ym elementem zabaw, festyn\u00f3w, dyskotek, prywatek i wesel. Zesp\u00f3\u0142 koncertuje do dzi\u015b. Pierwszy sk\u0142ad zespo\u0142u stanowili: Bernard Dornowski, Krzysztof Klenczon, Jerzy Kossela, Jerzy [&hellip;]<\/p>\n","protected":false},"author":2,"featured_media":0,"comment_status":"open","ping_status":"open","sticky":false,"template":"","format":"standard","meta":{"footnotes":""},"categories":[1,9,17,15,5],"tags":[],"class_list":["post-9145","post","type-post","status-publish","format-standard","hentry","category-bez-kategorii","category-ciekawostki","category-edukacja-w-terenie","category-komkurs","category-wycieczki"],"_links":{"self":[{"href":"https:\/\/www.milosnicylasu.olsztyn.pl\/index.php?rest_route=\/wp\/v2\/posts\/9145","targetHints":{"allow":["GET"]}}],"collection":[{"href":"https:\/\/www.milosnicylasu.olsztyn.pl\/index.php?rest_route=\/wp\/v2\/posts"}],"about":[{"href":"https:\/\/www.milosnicylasu.olsztyn.pl\/index.php?rest_route=\/wp\/v2\/types\/post"}],"author":[{"embeddable":true,"href":"https:\/\/www.milosnicylasu.olsztyn.pl\/index.php?rest_route=\/wp\/v2\/users\/2"}],"replies":[{"embeddable":true,"href":"https:\/\/www.milosnicylasu.olsztyn.pl\/index.php?rest_route=%2Fwp%2Fv2%2Fcomments&post=9145"}],"version-history":[{"count":1,"href":"https:\/\/www.milosnicylasu.olsztyn.pl\/index.php?rest_route=\/wp\/v2\/posts\/9145\/revisions"}],"predecessor-version":[{"id":9146,"href":"https:\/\/www.milosnicylasu.olsztyn.pl\/index.php?rest_route=\/wp\/v2\/posts\/9145\/revisions\/9146"}],"wp:attachment":[{"href":"https:\/\/www.milosnicylasu.olsztyn.pl\/index.php?rest_route=%2Fwp%2Fv2%2Fmedia&parent=9145"}],"wp:term":[{"taxonomy":"category","embeddable":true,"href":"https:\/\/www.milosnicylasu.olsztyn.pl\/index.php?rest_route=%2Fwp%2Fv2%2Fcategories&post=9145"},{"taxonomy":"post_tag","embeddable":true,"href":"https:\/\/www.milosnicylasu.olsztyn.pl\/index.php?rest_route=%2Fwp%2Fv2%2Ftags&post=9145"}],"curies":[{"name":"wp","href":"https:\/\/api.w.org\/{rel}","templated":true}]}}