{"id":9172,"date":"2025-01-18T19:17:59","date_gmt":"2025-01-18T18:17:59","guid":{"rendered":"https:\/\/www.milosnicylasu.olsztyn.pl\/?p=9172"},"modified":"2025-01-18T19:17:59","modified_gmt":"2025-01-18T18:17:59","slug":"zimowe-zawody-strzeleckie-w-kole-milosnikow-lasu-i-militariow-lok-w-olsztynie","status":"publish","type":"post","link":"https:\/\/www.milosnicylasu.olsztyn.pl\/?p=9172","title":{"rendered":"&#8222;Zimowe zawody strzeleckie&#8221; w Kole Mi\u0142o\u015bnik\u00f3w Lasu i Militari\u00f3w LOK w Olsztynie"},"content":{"rendered":"<p><a href=\"https:\/\/www.milosnicylasu.olsztyn.pl\/wp-content\/uploads\/2025\/01\/DSCN7637-www.jpg\" data-rel=\"lightbox-image-0\" data-magnific_type=\"image\" data-rl_title=\"\" data-rl_caption=\"\" title=\"\"><img loading=\"lazy\" decoding=\"async\" class=\"size-medium wp-image-9173 alignleft\" src=\"https:\/\/www.milosnicylasu.olsztyn.pl\/wp-content\/uploads\/2025\/01\/DSCN7637-www-300x225.jpg\" alt=\"\" width=\"300\" height=\"225\" srcset=\"https:\/\/www.milosnicylasu.olsztyn.pl\/wp-content\/uploads\/2025\/01\/DSCN7637-www-300x225.jpg 300w, https:\/\/www.milosnicylasu.olsztyn.pl\/wp-content\/uploads\/2025\/01\/DSCN7637-www-768x576.jpg 768w, https:\/\/www.milosnicylasu.olsztyn.pl\/wp-content\/uploads\/2025\/01\/DSCN7637-www.jpg 1024w\" sizes=\"auto, (max-width: 300px) 100vw, 300px\" \/><\/a>\u00a0\u00a0\u00a0\u00a0\u00a0 Cz\u0142onkowie Ko\u0142a Mi\u0142o\u015bnik\u00f3w Lasu i Militari\u00f3w LOK przy ATW w Olsztynie 18 stycznia 2025 roku uczestniczyli w\u201d Zimowych zawodach strzeleckich z broni sportowej\u201d na strzelnicy Zarz\u0105du Wojew\u00f3dzkiego LOK w Olsztynie. Zawody odby\u0142y si\u0119 w trzech grupach: Najlepszymi strzelcami okazali si\u0119:<\/p>\n<p><strong><a href=\"https:\/\/www.milosnicylasu.olsztyn.pl\/wp-content\/uploads\/2025\/01\/DSCN7640-www.jpg\" data-rel=\"lightbox-image-1\" data-magnific_type=\"image\" data-rl_title=\"\" data-rl_caption=\"\" title=\"\"><img loading=\"lazy\" decoding=\"async\" class=\"size-medium wp-image-9174 alignright\" src=\"https:\/\/www.milosnicylasu.olsztyn.pl\/wp-content\/uploads\/2025\/01\/DSCN7640-www-300x225.jpg\" alt=\"\" width=\"300\" height=\"225\" srcset=\"https:\/\/www.milosnicylasu.olsztyn.pl\/wp-content\/uploads\/2025\/01\/DSCN7640-www-300x225.jpg 300w, https:\/\/www.milosnicylasu.olsztyn.pl\/wp-content\/uploads\/2025\/01\/DSCN7640-www-768x576.jpg 768w, https:\/\/www.milosnicylasu.olsztyn.pl\/wp-content\/uploads\/2025\/01\/DSCN7640-www.jpg 1024w\" sizes=\"auto, (max-width: 300px) 100vw, 300px\" \/><\/a>Konkurencja Panie\u00a0 <\/strong><\/p>\n<ul>\n<li>Z\u0142oty medal Ewa Za\u0142\u0119cka na 100 mo\u017cliwych uzyska\u0142a 97 punkt\u00f3w<\/li>\n<li>Srebrny medal Krystyna Leszczy\u0144ska 92 punkty<\/li>\n<li>Br\u0105zowy medal Teresa Mielczarska 74 punkty<\/li>\n<\/ul>\n<p><strong><a href=\"https:\/\/www.milosnicylasu.olsztyn.pl\/wp-content\/uploads\/2025\/01\/DSCN7643-www.jpg\" data-rel=\"lightbox-image-2\" data-magnific_type=\"image\" data-rl_title=\"\" data-rl_caption=\"\" title=\"\"><img loading=\"lazy\" decoding=\"async\" class=\"size-medium wp-image-9175 alignleft\" src=\"https:\/\/www.milosnicylasu.olsztyn.pl\/wp-content\/uploads\/2025\/01\/DSCN7643-www-300x225.jpg\" alt=\"\" width=\"300\" height=\"225\" srcset=\"https:\/\/www.milosnicylasu.olsztyn.pl\/wp-content\/uploads\/2025\/01\/DSCN7643-www-300x225.jpg 300w, https:\/\/www.milosnicylasu.olsztyn.pl\/wp-content\/uploads\/2025\/01\/DSCN7643-www-768x576.jpg 768w, https:\/\/www.milosnicylasu.olsztyn.pl\/wp-content\/uploads\/2025\/01\/DSCN7643-www.jpg 1024w\" sizes=\"auto, (max-width: 300px) 100vw, 300px\" \/><\/a>Konkurencja Panowie: <\/strong><\/p>\n<ul>\n<li>Z\u0142oty medal Jan Filipek 91 punkt\u00f3w<\/li>\n<li>Srebrny Medal Adam Siemakowicz 86 punkt\u00f3w<\/li>\n<li>Br\u0105zowy medal Henryk B\u0142aszczak 78 punkt\u00f3w<\/li>\n<\/ul>\n<p><strong>M\u0142odzie\u017c:<\/strong><\/p>\n<ul>\n<li>Z\u0142oty medal Pawe\u0142 J\u0119drzejewski 92 punkty<\/li>\n<li>Srebrny medal Szymon Radziejewicz 91 punkty<\/li>\n<\/ul>\n<p>Na zako\u0144czenie spotkania, podczas podsumowania zawod\u00f3w, kole\u017canka <strong>Ewa Za\u0142\u0119cka, kt\u00f3ra \u201ewystrzeli\u0142a\u201d najwi\u0119ksz\u0105 ilo\u015b\u0107 punkt\u00f3w otrzyma\u0142a plecak-nagrod\u0119 z r\u0105k fundatora Adama SIemakowicza.<a href=\"https:\/\/www.milosnicylasu.olsztyn.pl\/wp-content\/uploads\/2025\/01\/www.jpg\" data-rel=\"lightbox-image-3\" data-magnific_type=\"image\" data-rl_title=\"\" data-rl_caption=\"\" title=\"\"><img loading=\"lazy\" decoding=\"async\" class=\"size-medium wp-image-9176 alignright\" src=\"https:\/\/www.milosnicylasu.olsztyn.pl\/wp-content\/uploads\/2025\/01\/www-300x225.jpg\" alt=\"\" width=\"300\" height=\"225\" srcset=\"https:\/\/www.milosnicylasu.olsztyn.pl\/wp-content\/uploads\/2025\/01\/www-300x225.jpg 300w, https:\/\/www.milosnicylasu.olsztyn.pl\/wp-content\/uploads\/2025\/01\/www-768x576.jpg 768w, https:\/\/www.milosnicylasu.olsztyn.pl\/wp-content\/uploads\/2025\/01\/www.jpg 1024w\" sizes=\"auto, (max-width: 300px) 100vw, 300px\" \/><\/a><\/strong><\/p>\n<p>Kierownikiem zawod\u00f3w by\u0142 -Anatol Leszczy\u0144ski<\/p>\n<p>S\u0119dziami \u2013 prowadz\u0105cymi: Grzegorz Kluczek, J\u00f3zek Gazda<\/p>\n<p>Nadz\u00f3r nad zawodami z ramienia Zarz\u0105du Powiatowego Ligi Obrony Kraju sprawowa\u0142<\/p>\n<p>S\u0119dzia J\u00f3zef Klucz<\/p>\n<p>W imieniu organizator\u00f3w serdeczne gratulujemy zwyci\u0119zcom, a wszystkim uczestnikom dzi\u0119kujemy za udzia\u0142.<\/p>\n<p>&nbsp;<\/p>\n","protected":false},"excerpt":{"rendered":"<p>\u00a0\u00a0\u00a0\u00a0\u00a0 Cz\u0142onkowie Ko\u0142a Mi\u0142o\u015bnik\u00f3w Lasu i Militari\u00f3w LOK przy ATW w Olsztynie 18 stycznia 2025 roku uczestniczyli w\u201d Zimowych zawodach strzeleckich z broni sportowej\u201d na strzelnicy Zarz\u0105du Wojew\u00f3dzkiego LOK w Olsztynie. Zawody odby\u0142y si\u0119 w trzech grupach: Najlepszymi strzelcami okazali si\u0119: Konkurencja Panie\u00a0 Z\u0142oty medal Ewa Za\u0142\u0119cka na 100 mo\u017cliwych uzyska\u0142a 97 punkt\u00f3w Srebrny medal [&hellip;]<\/p>\n","protected":false},"author":2,"featured_media":0,"comment_status":"open","ping_status":"open","sticky":false,"template":"","format":"standard","meta":{"footnotes":""},"categories":[1,9,17,8],"tags":[],"class_list":["post-9172","post","type-post","status-publish","format-standard","hentry","category-bez-kategorii","category-ciekawostki","category-edukacja-w-terenie","category-zawody-strzeleckie"],"_links":{"self":[{"href":"https:\/\/www.milosnicylasu.olsztyn.pl\/index.php?rest_route=\/wp\/v2\/posts\/9172","targetHints":{"allow":["GET"]}}],"collection":[{"href":"https:\/\/www.milosnicylasu.olsztyn.pl\/index.php?rest_route=\/wp\/v2\/posts"}],"about":[{"href":"https:\/\/www.milosnicylasu.olsztyn.pl\/index.php?rest_route=\/wp\/v2\/types\/post"}],"author":[{"embeddable":true,"href":"https:\/\/www.milosnicylasu.olsztyn.pl\/index.php?rest_route=\/wp\/v2\/users\/2"}],"replies":[{"embeddable":true,"href":"https:\/\/www.milosnicylasu.olsztyn.pl\/index.php?rest_route=%2Fwp%2Fv2%2Fcomments&post=9172"}],"version-history":[{"count":1,"href":"https:\/\/www.milosnicylasu.olsztyn.pl\/index.php?rest_route=\/wp\/v2\/posts\/9172\/revisions"}],"predecessor-version":[{"id":9177,"href":"https:\/\/www.milosnicylasu.olsztyn.pl\/index.php?rest_route=\/wp\/v2\/posts\/9172\/revisions\/9177"}],"wp:attachment":[{"href":"https:\/\/www.milosnicylasu.olsztyn.pl\/index.php?rest_route=%2Fwp%2Fv2%2Fmedia&parent=9172"}],"wp:term":[{"taxonomy":"category","embeddable":true,"href":"https:\/\/www.milosnicylasu.olsztyn.pl\/index.php?rest_route=%2Fwp%2Fv2%2Fcategories&post=9172"},{"taxonomy":"post_tag","embeddable":true,"href":"https:\/\/www.milosnicylasu.olsztyn.pl\/index.php?rest_route=%2Fwp%2Fv2%2Ftags&post=9172"}],"curies":[{"name":"wp","href":"https:\/\/api.w.org\/{rel}","templated":true}]}}