{"id":918,"date":"2014-02-07T08:45:12","date_gmt":"2014-02-07T07:45:12","guid":{"rendered":"http:\/\/www.milosnicylasu.olsztyn.pl\/?p=918"},"modified":"2014-02-07T08:54:39","modified_gmt":"2014-02-07T07:54:39","slug":"warsztaty-kaletnicze-na-kolejnym-czwartku-ekologicznym","status":"publish","type":"post","link":"https:\/\/www.milosnicylasu.olsztyn.pl\/?p=918","title":{"rendered":"Warsztaty kaletnicze na kolejnym czwartku ekologicznym"},"content":{"rendered":"<p><a href=\"http:\/\/www.milosnicylasu.olsztyn.pl\/wp-content\/uploads\/2014\/02\/P2060001-www.jpg\" data-rel=\"lightbox-image-0\" data-magnific_type=\"image\" data-rl_title=\"\" data-rl_caption=\"\" title=\"\"><img loading=\"lazy\" decoding=\"async\" class=\"alignleft size-medium wp-image-919\" alt=\"P2060001-www\" src=\"http:\/\/www.milosnicylasu.olsztyn.pl\/wp-content\/uploads\/2014\/02\/P2060001-www-300x225.jpg\" width=\"300\" height=\"225\" srcset=\"https:\/\/www.milosnicylasu.olsztyn.pl\/wp-content\/uploads\/2014\/02\/P2060001-www-300x225.jpg 300w, https:\/\/www.milosnicylasu.olsztyn.pl\/wp-content\/uploads\/2014\/02\/P2060001-www-400x300.jpg 400w, https:\/\/www.milosnicylasu.olsztyn.pl\/wp-content\/uploads\/2014\/02\/P2060001-www.jpg 1024w\" sizes=\"auto, (max-width: 300px) 100vw, 300px\" \/><\/a>Bardzo ciekawie zapowiada\u0142o si\u0119 kolejne spotkanie Ko\u0142a w ramach czwartku ekologicznego w Regionalnej Dyrekcji Las\u00f3w Pa\u0144stwowych w Olsztynie. Ale to co mogli\u015bmy us\u0142ysze\u0107, zobaczy\u0107 i nauczy\u0107 si\u0119, przeros\u0142o nasze naj\u015bmielsze oczekiwania. Pan Adam Ge\u0142don, kt\u00f3ry spotka\u0142 si\u0119 z nami ju\u017c czwarty raz, 6 lutego przybli\u017cy\u0142 nam sztuk\u0119 kaletnicz\u0105, teoretycznie i praktycznie.<a href=\"http:\/\/www.milosnicylasu.olsztyn.pl\/wp-content\/uploads\/2014\/02\/P2060015-www.jpg\" data-rel=\"lightbox-image-1\" data-magnific_type=\"image\" data-rl_title=\"\" data-rl_caption=\"\" title=\"\"><img loading=\"lazy\" decoding=\"async\" class=\"size-medium wp-image-920 alignright\" alt=\"P2060015-www\" src=\"http:\/\/www.milosnicylasu.olsztyn.pl\/wp-content\/uploads\/2014\/02\/P2060015-www-300x225.jpg\" width=\"300\" height=\"225\" srcset=\"https:\/\/www.milosnicylasu.olsztyn.pl\/wp-content\/uploads\/2014\/02\/P2060015-www-300x225.jpg 300w, https:\/\/www.milosnicylasu.olsztyn.pl\/wp-content\/uploads\/2014\/02\/P2060015-www-400x300.jpg 400w, https:\/\/www.milosnicylasu.olsztyn.pl\/wp-content\/uploads\/2014\/02\/P2060015-www.jpg 1024w\" sizes=\"auto, (max-width: 300px) 100vw, 300px\" \/><\/a><\/p>\n<p><a href=\"http:\/\/www.milosnicylasu.olsztyn.pl\/wp-content\/uploads\/2014\/02\/P2060015-www.jpg\" data-rel=\"lightbox-image-2\" data-magnific_type=\"image\" data-rl_title=\"\" data-rl_caption=\"\" title=\"\">\u00a0<\/a><\/p>\n<p>Ka\u017cdy z uczestnik\u00f3w spotkania, a by\u0142o nas tym \u00a0razem ponad 70 os\u00f3b, m\u00f3g\u0142 w\u0142asnor\u0119cznie wykona\u0107 swoje ma\u0142e dzie\u0142o sztuki kaletniczej &#8211; breloczki ze sk\u00f3ry.<a href=\"http:\/\/www.milosnicylasu.olsztyn.pl\/wp-content\/uploads\/2014\/02\/P2060023-www.jpg\" data-rel=\"lightbox-image-3\" data-magnific_type=\"image\" data-rl_title=\"\" data-rl_caption=\"\" title=\"\"><img loading=\"lazy\" decoding=\"async\" class=\"alignleft size-medium wp-image-922\" alt=\"P2060023-www\" src=\"http:\/\/www.milosnicylasu.olsztyn.pl\/wp-content\/uploads\/2014\/02\/P2060023-www-300x225.jpg\" width=\"300\" height=\"225\" srcset=\"https:\/\/www.milosnicylasu.olsztyn.pl\/wp-content\/uploads\/2014\/02\/P2060023-www-300x225.jpg 300w, https:\/\/www.milosnicylasu.olsztyn.pl\/wp-content\/uploads\/2014\/02\/P2060023-www-400x300.jpg 400w, https:\/\/www.milosnicylasu.olsztyn.pl\/wp-content\/uploads\/2014\/02\/P2060023-www.jpg 1024w\" sizes=\"auto, (max-width: 300px) 100vw, 300px\" \/><\/a><\/p>\n<p>&nbsp;<\/p>\n<p>&nbsp;<\/p>\n<p>Podziwiamy Pana Adama &#8211;\u00a0 ma tak wiele pasji, kt\u00f3re z wielk\u0105 \u017cyczliwo\u015bci\u0105 przekazuje innym. Mamy nadziej\u0119, \u017ce jeszcze nas zaskoczy.<\/p>\n<p>&nbsp;<\/p>\n<p>W trakcie zebrania uczestnicy konkurs\u00f3w,\u00a0przeprowadzonych na le\u015bnych rajdach odebrali nagrody ksi\u0105\u017ckowe.<a href=\"http:\/\/www.milosnicylasu.olsztyn.pl\/wp-content\/uploads\/2014\/02\/P2060028-www.jpg\" data-rel=\"lightbox-image-4\" data-magnific_type=\"image\" data-rl_title=\"\" data-rl_caption=\"\" title=\"\"><img loading=\"lazy\" decoding=\"async\" class=\"size-medium wp-image-921 alignright\" alt=\"P2060028-www\" src=\"http:\/\/www.milosnicylasu.olsztyn.pl\/wp-content\/uploads\/2014\/02\/P2060028-www-300x225.jpg\" width=\"300\" height=\"225\" srcset=\"https:\/\/www.milosnicylasu.olsztyn.pl\/wp-content\/uploads\/2014\/02\/P2060028-www-300x225.jpg 300w, https:\/\/www.milosnicylasu.olsztyn.pl\/wp-content\/uploads\/2014\/02\/P2060028-www-400x300.jpg 400w, https:\/\/www.milosnicylasu.olsztyn.pl\/wp-content\/uploads\/2014\/02\/P2060028-www.jpg 1024w\" sizes=\"auto, (max-width: 300px) 100vw, 300px\" \/><\/a><\/p>\n<p>&nbsp;<\/p>\n<p>Micha\u0142 i Rysia K\u0142\u0119bukowscy, kt\u00f3rzy s\u0105 organizatorami imprezy 15 lutego zapisywali ch\u0119tnych, a Helenka Fiedoruk przyjmowa\u0142a wp\u0142aty \/ 35 z\u0142\/ na wyjazd edukacyjny do Nadle\u015bnictwa Sychowo, kt\u00f3ry odb\u0119dzie si\u0119 22 lutego.\u00a0 I na ten wyjazd jest jeszcze kilka miejsc &#8211; zapraszamy. Niestety, na kulig &#8211;\u00a015 lutego\u00a0\u00a0&#8211; jest ju\u017c komplet.<\/p>\n<p>Wr\u0119czono trzem nowym osobom legitymacje cz\u0142onkowskie LOK &#8211; cieszymy si\u0119, \u017ce poszerza si\u0119 grono ludzi, kt\u00f3rzy kochaj\u0105 las, przyrod\u0119,\u00a0 a mo\u017ce przede wszystkim, lubi\u0105 si\u0119 nawzajem, darz\u0105 si\u0119 \u017cyczliwo\u015bci\u0105, lubi\u0105 sp\u0119dza\u0107 z sob\u0105 czas.\u00a0Zapraszamy do nas. Las jest du\u017cy, a sala w RDLP w Olsztynie, w kt\u00f3rej si\u0119 spotykamy, pomie\u015bci te\u017c jeszcze troch\u0119 os\u00f3b.<\/p>\n","protected":false},"excerpt":{"rendered":"<p>Bardzo ciekawie zapowiada\u0142o si\u0119 kolejne spotkanie Ko\u0142a w ramach czwartku ekologicznego w Regionalnej Dyrekcji Las\u00f3w Pa\u0144stwowych w Olsztynie. Ale to co mogli\u015bmy us\u0142ysze\u0107, zobaczy\u0107 i nauczy\u0107 si\u0119, przeros\u0142o nasze naj\u015bmielsze oczekiwania. Pan Adam Ge\u0142don, kt\u00f3ry spotka\u0142 si\u0119 z nami ju\u017c czwarty raz, 6 lutego przybli\u017cy\u0142 nam sztuk\u0119 kaletnicz\u0105, teoretycznie i praktycznie. \u00a0 Ka\u017cdy z uczestnik\u00f3w [&hellip;]<\/p>\n","protected":false},"author":1,"featured_media":0,"comment_status":"open","ping_status":"open","sticky":false,"template":"","format":"standard","meta":{"footnotes":""},"categories":[1,9,3],"tags":[],"class_list":["post-918","post","type-post","status-publish","format-standard","hentry","category-bez-kategorii","category-ciekawostki","category-zebrania"],"_links":{"self":[{"href":"https:\/\/www.milosnicylasu.olsztyn.pl\/index.php?rest_route=\/wp\/v2\/posts\/918","targetHints":{"allow":["GET"]}}],"collection":[{"href":"https:\/\/www.milosnicylasu.olsztyn.pl\/index.php?rest_route=\/wp\/v2\/posts"}],"about":[{"href":"https:\/\/www.milosnicylasu.olsztyn.pl\/index.php?rest_route=\/wp\/v2\/types\/post"}],"author":[{"embeddable":true,"href":"https:\/\/www.milosnicylasu.olsztyn.pl\/index.php?rest_route=\/wp\/v2\/users\/1"}],"replies":[{"embeddable":true,"href":"https:\/\/www.milosnicylasu.olsztyn.pl\/index.php?rest_route=%2Fwp%2Fv2%2Fcomments&post=918"}],"version-history":[{"count":3,"href":"https:\/\/www.milosnicylasu.olsztyn.pl\/index.php?rest_route=\/wp\/v2\/posts\/918\/revisions"}],"predecessor-version":[{"id":926,"href":"https:\/\/www.milosnicylasu.olsztyn.pl\/index.php?rest_route=\/wp\/v2\/posts\/918\/revisions\/926"}],"wp:attachment":[{"href":"https:\/\/www.milosnicylasu.olsztyn.pl\/index.php?rest_route=%2Fwp%2Fv2%2Fmedia&parent=918"}],"wp:term":[{"taxonomy":"category","embeddable":true,"href":"https:\/\/www.milosnicylasu.olsztyn.pl\/index.php?rest_route=%2Fwp%2Fv2%2Fcategories&post=918"},{"taxonomy":"post_tag","embeddable":true,"href":"https:\/\/www.milosnicylasu.olsztyn.pl\/index.php?rest_route=%2Fwp%2Fv2%2Ftags&post=918"}],"curies":[{"name":"wp","href":"https:\/\/api.w.org\/{rel}","templated":true}]}}