{"id":9189,"date":"2025-01-23T18:37:15","date_gmt":"2025-01-23T17:37:15","guid":{"rendered":"https:\/\/www.milosnicylasu.olsztyn.pl\/?p=9189"},"modified":"2025-01-23T18:53:41","modified_gmt":"2025-01-23T17:53:41","slug":"konkurs-dla-dzieci-i-mlodziezy-szkolnej-pod-haslem-moj-las","status":"publish","type":"post","link":"https:\/\/www.milosnicylasu.olsztyn.pl\/?p=9189","title":{"rendered":"Konkurs dla dzieci i m\u0142odzie\u017cy szkolnej pod has\u0142em &#8222;M\u00f3j Las&#8221;"},"content":{"rendered":"<p><a href=\"https:\/\/www.milosnicylasu.olsztyn.pl\/wp-content\/uploads\/2025\/01\/DSCN7664-WWW.jpg\" data-rel=\"lightbox-image-0\" data-magnific_type=\"image\" data-rl_title=\"\" data-rl_caption=\"\" title=\"\"><img loading=\"lazy\" decoding=\"async\" class=\"size-medium wp-image-9190 alignleft\" src=\"https:\/\/www.milosnicylasu.olsztyn.pl\/wp-content\/uploads\/2025\/01\/DSCN7664-WWW-300x225.jpg\" alt=\"\" width=\"300\" height=\"225\" srcset=\"https:\/\/www.milosnicylasu.olsztyn.pl\/wp-content\/uploads\/2025\/01\/DSCN7664-WWW-300x225.jpg 300w, https:\/\/www.milosnicylasu.olsztyn.pl\/wp-content\/uploads\/2025\/01\/DSCN7664-WWW-768x576.jpg 768w, https:\/\/www.milosnicylasu.olsztyn.pl\/wp-content\/uploads\/2025\/01\/DSCN7664-WWW.jpg 1024w\" sizes=\"auto, (max-width: 300px) 100vw, 300px\" \/><\/a>B<strong>ardzo ciekawe wydarzenie organizowane\u00a0 po raz XXXVIII przez Lig\u0119 Ochrony Przyrody &#8211; konkurs dla dzieci i m\u0142odzie\u017cy szkolnej pod has\u0142em &#8222;M\u00f3j Las&#8221;. <a href=\"https:\/\/www.milosnicylasu.olsztyn.pl\/wp-content\/uploads\/2025\/01\/DSCN7668-www.jpg\" data-rel=\"lightbox-image-1\" data-magnific_type=\"image\" data-rl_title=\"\" data-rl_caption=\"\" title=\"\"><img loading=\"lazy\" decoding=\"async\" class=\"size-medium wp-image-9193 alignright\" src=\"https:\/\/www.milosnicylasu.olsztyn.pl\/wp-content\/uploads\/2025\/01\/DSCN7668-www-300x225.jpg\" alt=\"\" width=\"300\" height=\"225\" srcset=\"https:\/\/www.milosnicylasu.olsztyn.pl\/wp-content\/uploads\/2025\/01\/DSCN7668-www-300x225.jpg 300w, https:\/\/www.milosnicylasu.olsztyn.pl\/wp-content\/uploads\/2025\/01\/DSCN7668-www-768x576.jpg 768w, https:\/\/www.milosnicylasu.olsztyn.pl\/wp-content\/uploads\/2025\/01\/DSCN7668-www.jpg 1024w\" sizes=\"auto, (max-width: 300px) 100vw, 300px\" \/><\/a><\/strong><\/p>\n<p><strong>21 stycznia 2025 roku\u00a0 w RDLP w Olsztynie odby\u0142o si\u0119 spotkanie S\u0105du Konkursowego, w czasie kt\u00f3rego oceniano prace nades\u0142ane przez dzieci i m\u0142odzie\u017c szkoln\u0105\u00a0 z terenu wojew\u00f3dztwa warmi\u0144sko-mazurskiego na I etap szczebla regionalnego w\/w konkursu. Podziwiali\u015bmy wen\u0119 tw\u00f3rcz\u0105, pomys\u0142owo\u015b\u0107 ale i olbrzymi\u0105 wiedz\u0119 m\u0142odego pokolenia. Trudno by\u0142o wybra\u0107 prace, kt\u00f3re b\u0119d\u0105 przes\u0142ane do dalszego etapu konkursu w Warszawie oraz\u00a0 nagrodzone na szczeblu wojew\u00f3dzkim. W posiedzeniu udzia\u0142 wzi\u0119\u0142o 12 os\u00f3b, kt\u00f3re czasem mia\u0142y r\u00f3\u017cne zdania. Ostatecznie jednak uzgodniono stanowiska. Mamy nadziej\u0119, \u017ce wybrane prace znajd\u0105 uznanie w Warszawie.<a href=\"https:\/\/www.milosnicylasu.olsztyn.pl\/wp-content\/uploads\/2025\/01\/DSCN7666-www.jpg\" data-rel=\"lightbox-image-2\" data-magnific_type=\"image\" data-rl_title=\"\" data-rl_caption=\"\" title=\"\"><img loading=\"lazy\" decoding=\"async\" class=\"size-medium wp-image-9191 alignright\" src=\"https:\/\/www.milosnicylasu.olsztyn.pl\/wp-content\/uploads\/2025\/01\/DSCN7666-www-300x225.jpg\" alt=\"\" width=\"300\" height=\"225\" srcset=\"https:\/\/www.milosnicylasu.olsztyn.pl\/wp-content\/uploads\/2025\/01\/DSCN7666-www-300x225.jpg 300w, https:\/\/www.milosnicylasu.olsztyn.pl\/wp-content\/uploads\/2025\/01\/DSCN7666-www-768x576.jpg 768w, https:\/\/www.milosnicylasu.olsztyn.pl\/wp-content\/uploads\/2025\/01\/DSCN7666-www.jpg 1024w\" sizes=\"auto, (max-width: 300px) 100vw, 300px\" \/><\/a><\/strong><\/p>\n<p><strong>Trudno przedstawi\u0107 opracowania przygotowane przez m\u0142odzie\u017c. To s\u0105 prawdziwe albumy z ilustracjami , z du\u017c\u0105 cz\u0119\u015bci\u0105 opisow\u0105, ale za\u0142\u0105cz\u0119 kilka prac przes\u0142anych w ramach grupy klas 1-3, pod tytu\u0142em &#8222;Las noc\u0105&#8221;. <\/strong><\/p>\n<p><strong>W pracach Komisji wzi\u0119\u0142a udzia\u0142 Krystyna Leszczy\u0144ska &#8211; cz\u0142onek zarz\u0105du Ko\u0142a Mi\u0142o\u015bnik\u00f3w Lasu i Militari\u00f3w LOK przy ATW w Olsztynie, odpowiedzialna za prowadzenie strony internetowej Ko\u0142a.<\/strong><\/p>\n<p><strong>milosnicylas@olsztyn.pl<\/strong><\/p>\n<p><a href=\"https:\/\/www.milosnicylasu.olsztyn.pl\/wp-content\/uploads\/2025\/01\/DSCN7665-www.jpg\" data-rel=\"lightbox-image-3\" data-magnific_type=\"image\" data-rl_title=\"\" data-rl_caption=\"\" title=\"\"><img loading=\"lazy\" decoding=\"async\" class=\"size-medium wp-image-9192 alignleft\" src=\"https:\/\/www.milosnicylasu.olsztyn.pl\/wp-content\/uploads\/2025\/01\/DSCN7665-www-300x225.jpg\" alt=\"\" width=\"300\" height=\"225\" srcset=\"https:\/\/www.milosnicylasu.olsztyn.pl\/wp-content\/uploads\/2025\/01\/DSCN7665-www-300x225.jpg 300w, https:\/\/www.milosnicylasu.olsztyn.pl\/wp-content\/uploads\/2025\/01\/DSCN7665-www-768x576.jpg 768w, https:\/\/www.milosnicylasu.olsztyn.pl\/wp-content\/uploads\/2025\/01\/DSCN7665-www.jpg 1024w\" sizes=\"auto, (max-width: 300px) 100vw, 300px\" \/><\/a><a href=\"https:\/\/www.milosnicylasu.olsztyn.pl\/wp-content\/uploads\/2025\/01\/DSCN7663.jpg\" data-rel=\"lightbox-image-4\" data-magnific_type=\"image\" data-rl_title=\"\" data-rl_caption=\"\" title=\"\"><img loading=\"lazy\" decoding=\"async\" class=\"size-medium wp-image-9194 aligncenter\" src=\"https:\/\/www.milosnicylasu.olsztyn.pl\/wp-content\/uploads\/2025\/01\/DSCN7663-300x225.jpg\" alt=\"\" width=\"300\" height=\"225\" srcset=\"https:\/\/www.milosnicylasu.olsztyn.pl\/wp-content\/uploads\/2025\/01\/DSCN7663-300x225.jpg 300w, https:\/\/www.milosnicylasu.olsztyn.pl\/wp-content\/uploads\/2025\/01\/DSCN7663-1024x768.jpg 1024w, https:\/\/www.milosnicylasu.olsztyn.pl\/wp-content\/uploads\/2025\/01\/DSCN7663-768x576.jpg 768w, https:\/\/www.milosnicylasu.olsztyn.pl\/wp-content\/uploads\/2025\/01\/DSCN7663-1536x1152.jpg 1536w, https:\/\/www.milosnicylasu.olsztyn.pl\/wp-content\/uploads\/2025\/01\/DSCN7663.jpg 1600w\" sizes=\"auto, (max-width: 300px) 100vw, 300px\" \/><\/a><\/p>\n","protected":false},"excerpt":{"rendered":"<p>Bardzo ciekawe wydarzenie organizowane\u00a0 po raz XXXVIII przez Lig\u0119 Ochrony Przyrody &#8211; konkurs dla dzieci i m\u0142odzie\u017cy szkolnej pod has\u0142em &#8222;M\u00f3j Las&#8221;. 21 stycznia 2025 roku\u00a0 w RDLP w Olsztynie odby\u0142o si\u0119 spotkanie S\u0105du Konkursowego, w czasie kt\u00f3rego oceniano prace nades\u0142ane przez dzieci i m\u0142odzie\u017c szkoln\u0105\u00a0 z terenu wojew\u00f3dztwa warmi\u0144sko-mazurskiego na I etap szczebla regionalnego [&hellip;]<\/p>\n","protected":false},"author":2,"featured_media":0,"comment_status":"open","ping_status":"open","sticky":false,"template":"","format":"standard","meta":{"footnotes":""},"categories":[9,17,11],"tags":[],"class_list":["post-9189","post","type-post","status-publish","format-standard","hentry","category-ciekawostki","category-edukacja-w-terenie","category-spotkania-artystyczne"],"_links":{"self":[{"href":"https:\/\/www.milosnicylasu.olsztyn.pl\/index.php?rest_route=\/wp\/v2\/posts\/9189","targetHints":{"allow":["GET"]}}],"collection":[{"href":"https:\/\/www.milosnicylasu.olsztyn.pl\/index.php?rest_route=\/wp\/v2\/posts"}],"about":[{"href":"https:\/\/www.milosnicylasu.olsztyn.pl\/index.php?rest_route=\/wp\/v2\/types\/post"}],"author":[{"embeddable":true,"href":"https:\/\/www.milosnicylasu.olsztyn.pl\/index.php?rest_route=\/wp\/v2\/users\/2"}],"replies":[{"embeddable":true,"href":"https:\/\/www.milosnicylasu.olsztyn.pl\/index.php?rest_route=%2Fwp%2Fv2%2Fcomments&post=9189"}],"version-history":[{"count":3,"href":"https:\/\/www.milosnicylasu.olsztyn.pl\/index.php?rest_route=\/wp\/v2\/posts\/9189\/revisions"}],"predecessor-version":[{"id":9197,"href":"https:\/\/www.milosnicylasu.olsztyn.pl\/index.php?rest_route=\/wp\/v2\/posts\/9189\/revisions\/9197"}],"wp:attachment":[{"href":"https:\/\/www.milosnicylasu.olsztyn.pl\/index.php?rest_route=%2Fwp%2Fv2%2Fmedia&parent=9189"}],"wp:term":[{"taxonomy":"category","embeddable":true,"href":"https:\/\/www.milosnicylasu.olsztyn.pl\/index.php?rest_route=%2Fwp%2Fv2%2Fcategories&post=9189"},{"taxonomy":"post_tag","embeddable":true,"href":"https:\/\/www.milosnicylasu.olsztyn.pl\/index.php?rest_route=%2Fwp%2Fv2%2Ftags&post=9189"}],"curies":[{"name":"wp","href":"https:\/\/api.w.org\/{rel}","templated":true}]}}