{"id":9198,"date":"2025-01-29T07:28:28","date_gmt":"2025-01-29T06:28:28","guid":{"rendered":"https:\/\/www.milosnicylasu.olsztyn.pl\/?p=9198"},"modified":"2025-01-29T07:48:26","modified_gmt":"2025-01-29T06:48:26","slug":"sobotnie-spotkanie-25-stycznia-2025","status":"publish","type":"post","link":"https:\/\/www.milosnicylasu.olsztyn.pl\/?p=9198","title":{"rendered":"Sobotnie spotkanie 25 stycznia 2025"},"content":{"rendered":"<p><a href=\"https:\/\/www.milosnicylasu.olsztyn.pl\/wp-content\/uploads\/2025\/01\/P1250001-www.jpg\" data-rel=\"lightbox-image-0\" data-magnific_type=\"image\" data-rl_title=\"\" data-rl_caption=\"\" title=\"\"><img loading=\"lazy\" decoding=\"async\" class=\"size-medium wp-image-9199 alignleft\" src=\"https:\/\/www.milosnicylasu.olsztyn.pl\/wp-content\/uploads\/2025\/01\/P1250001-www-300x225.jpg\" alt=\"\" width=\"300\" height=\"225\" srcset=\"https:\/\/www.milosnicylasu.olsztyn.pl\/wp-content\/uploads\/2025\/01\/P1250001-www-300x225.jpg 300w, https:\/\/www.milosnicylasu.olsztyn.pl\/wp-content\/uploads\/2025\/01\/P1250001-www-768x576.jpg 768w, https:\/\/www.milosnicylasu.olsztyn.pl\/wp-content\/uploads\/2025\/01\/P1250001-www.jpg 1024w\" sizes=\"auto, (max-width: 300px) 100vw, 300px\" \/><\/a>Wycieczk\u0119 po Olsztynie rozpocz\u0119li\u015bmy od obejrzenia cz\u0119\u015bci wystawy &#8222;Wagon 1945&#8221;. Niestety nie mogli\u015bmy zapozna\u0107 si\u0119 z dokumentami &#8211; zdj\u0119ciami, wspomnieniami ludzi, kt\u00f3rzy przyjechali na nasze tereny tymi wagonami&#8230;&#8230;&#8230;..<\/p>\n<p>Wagon nr 1945\u201d to <strong>projekt realizowany od dw\u00f3ch lat przez Miejski O\u015brodek Kultury w Olsztynie.<\/strong> <strong>Opowiada o powojennych ruchach ludno\u015bci na Warmii i Mazurach<\/strong>. Najistotniejsz\u0105 cz\u0119\u015bci\u0105 projektu jest osadzony na historycznym torowisku odrestaurowany wagon, jakimi tu\u017c po wojnie transportowani byli przesiedle\u0144cy<\/p>\n<p><a href=\"https:\/\/www.milosnicylasu.olsztyn.pl\/wp-content\/uploads\/2025\/01\/P1250008-www.jpg\" data-rel=\"lightbox-image-1\" data-magnific_type=\"image\" data-rl_title=\"\" data-rl_caption=\"\" title=\"\"><img loading=\"lazy\" decoding=\"async\" class=\"size-medium wp-image-9207 alignright\" src=\"https:\/\/www.milosnicylasu.olsztyn.pl\/wp-content\/uploads\/2025\/01\/P1250008-www-300x225.jpg\" alt=\"\" width=\"300\" height=\"225\" srcset=\"https:\/\/www.milosnicylasu.olsztyn.pl\/wp-content\/uploads\/2025\/01\/P1250008-www-300x225.jpg 300w, https:\/\/www.milosnicylasu.olsztyn.pl\/wp-content\/uploads\/2025\/01\/P1250008-www-768x576.jpg 768w, https:\/\/www.milosnicylasu.olsztyn.pl\/wp-content\/uploads\/2025\/01\/P1250008-www.jpg 1024w\" sizes=\"auto, (max-width: 300px) 100vw, 300px\" \/><\/a><\/p>\n<p><strong>Przesiedlenia organizowane przez w\u0142adze komunistyczne mia\u0142y na celu zaludnienie ziem nowego pa\u0144stwa polskiego Polakami, kt\u00f3rzy opu\u015bcili kraj w czasie II wojny \u015bwiatowej lub znale\u017ali si\u0119 poza nim z powodu przesuni\u0119cia granic. W zamy\u015ble wi\u0119c zjawisko mia\u0142o dotyczy\u0107 zar\u00f3wno polskich emigrant\u00f3w, kt\u00f3rzy przed 1939 r. lub tu\u017c po nim znale\u017ali si\u0119 na terenie pa\u0144stw zachodnioeuropejskich i Ameryki, oraz Polak\u00f3w, kt\u00f3rzy po ustaleniach konferencji tehera\u0144skiej i ja\u0142ta\u0144skiej przebywali si\u0119 na terenie Zwi\u0105zku Sowieckiego. Ziemie polskie, wyludnione wskutek akcji eksterminacyjnej prowadzonej przez okupanta, a tak\u017ce tzw. Ziemie Odzyskane potrzebowa\u0142y nowych gospodarzy, ludzi do pracy. Z tego te\u017c wzgl\u0119du sprowadzenie do kraju jak najwi\u0119kszej liczby Polak\u00f3w w jak najkr\u00f3tszym czasie, sta\u0142o si\u0119 od samego pocz\u0105tku zadaniem priorytetowym dla w\u0142adz. W dzia\u0142ania te zaanga\u017cowano wszelkie struktury administracyjne w Polsce oraz plac\u00f3wki dyplomatyczne.<\/strong><\/p>\n<p><a href=\"https:\/\/www.milosnicylasu.olsztyn.pl\/wp-content\/uploads\/2025\/01\/P1250009-www.jpg\" data-rel=\"lightbox-image-2\" data-magnific_type=\"image\" data-rl_title=\"\" data-rl_caption=\"\" title=\"\"><img loading=\"lazy\" decoding=\"async\" class=\"size-medium wp-image-9200 alignleft\" src=\"https:\/\/www.milosnicylasu.olsztyn.pl\/wp-content\/uploads\/2025\/01\/P1250009-www-300x225.jpg\" alt=\"\" width=\"300\" height=\"225\" srcset=\"https:\/\/www.milosnicylasu.olsztyn.pl\/wp-content\/uploads\/2025\/01\/P1250009-www-300x225.jpg 300w, https:\/\/www.milosnicylasu.olsztyn.pl\/wp-content\/uploads\/2025\/01\/P1250009-www-768x576.jpg 768w, https:\/\/www.milosnicylasu.olsztyn.pl\/wp-content\/uploads\/2025\/01\/P1250009-www.jpg 1024w\" sizes=\"auto, (max-width: 300px) 100vw, 300px\" \/><\/a>Wagon 1945 jest umiejscowiony przed Muzeum Nowoczesno\u015bci, kt\u00f3re odwiedzili\u015bmy, przypominaj\u0105c sobie histori\u0119 Olsztyna.<\/p>\n<p><a href=\"https:\/\/www.milosnicylasu.olsztyn.pl\/wp-content\/uploads\/2025\/01\/P1250011-www.jpg\" data-rel=\"lightbox-image-3\" data-magnific_type=\"image\" data-rl_title=\"\" data-rl_caption=\"\" title=\"\"><img loading=\"lazy\" decoding=\"async\" class=\"size-medium wp-image-9202 alignright\" src=\"https:\/\/www.milosnicylasu.olsztyn.pl\/wp-content\/uploads\/2025\/01\/P1250011-www-300x225.jpg\" alt=\"\" width=\"300\" height=\"225\" srcset=\"https:\/\/www.milosnicylasu.olsztyn.pl\/wp-content\/uploads\/2025\/01\/P1250011-www-300x225.jpg 300w, https:\/\/www.milosnicylasu.olsztyn.pl\/wp-content\/uploads\/2025\/01\/P1250011-www-768x576.jpg 768w, https:\/\/www.milosnicylasu.olsztyn.pl\/wp-content\/uploads\/2025\/01\/P1250011-www.jpg 1024w\" sizes=\"auto, (max-width: 300px) 100vw, 300px\" \/><\/a><\/p>\n<p>Ekspozycja sta\u0142a Muzeum Nowoczesno\u015bci zwi\u0105zana jest z rozwojem cywilizacyjnym Olsztyna i regionu. W\u015br\u00f3d prezentowanych na niej eksponat\u00f3w mogli\u015bmy zobaczy\u0107 m.in. oryginaln\u0105 kabin\u0119 olszty\u0144skiej windy z 1913 r., unikatowy zbi\u00f3r tablic z nazwami ulic miasta z prze\u0142omu XIX i XX w., w\u00f3zek tartaczny, taran wodny, dalekopis czy egzemplarze licz\u0105cych sobie ponad sto lat \u017car\u00f3wek. Gam\u0119 oryginalnych eksponat\u00f3w uzupe\u0142niaj\u0105 starannie wykonane makiety i modele, m.in. tramwaju, spichlerza, gazowni \u2026<\/p>\n<p>&nbsp;<\/p>\n<p><a href=\"https:\/\/www.milosnicylasu.olsztyn.pl\/wp-content\/uploads\/2025\/01\/P1250037-www.jpg\" data-rel=\"lightbox-image-4\" data-magnific_type=\"image\" data-rl_title=\"\" data-rl_caption=\"\" title=\"\"><img loading=\"lazy\" decoding=\"async\" class=\"size-medium wp-image-9201 alignright\" src=\"https:\/\/www.milosnicylasu.olsztyn.pl\/wp-content\/uploads\/2025\/01\/P1250037-www-300x225.jpg\" alt=\"\" width=\"300\" height=\"225\" srcset=\"https:\/\/www.milosnicylasu.olsztyn.pl\/wp-content\/uploads\/2025\/01\/P1250037-www-300x225.jpg 300w, https:\/\/www.milosnicylasu.olsztyn.pl\/wp-content\/uploads\/2025\/01\/P1250037-www-768x576.jpg 768w, https:\/\/www.milosnicylasu.olsztyn.pl\/wp-content\/uploads\/2025\/01\/P1250037-www.jpg 1024w\" sizes=\"auto, (max-width: 300px) 100vw, 300px\" \/><\/a><\/p>\n<p>Po zwiedzeniu historycznych wystaw, odpoczywali\u015bmy pij\u0105c kawk\u0119 i jedz\u0105c smaczne ciasta w kawiarni &#8222;Moja&#8221;na star\u00f3wce. Zdj\u0119cie zrobione jest przed kawiarni\u0105 &#8211; towarzyszy nam&#8230;.chyba anio\u0142, a mo\u017ce raczej anielica&#8230;.?<\/p>\n<p>&nbsp;<\/p>\n<p>&nbsp;<\/p>\n<p>&nbsp;<\/p>\n<p><a href=\"https:\/\/www.milosnicylasu.olsztyn.pl\/wp-content\/uploads\/2025\/01\/P1250047-www.jpg\" data-rel=\"lightbox-image-5\" data-magnific_type=\"image\" data-rl_title=\"\" data-rl_caption=\"\" title=\"\"><img loading=\"lazy\" decoding=\"async\" class=\"size-medium wp-image-9203 alignright\" src=\"https:\/\/www.milosnicylasu.olsztyn.pl\/wp-content\/uploads\/2025\/01\/P1250047-www-300x225.jpg\" alt=\"\" width=\"300\" height=\"225\" srcset=\"https:\/\/www.milosnicylasu.olsztyn.pl\/wp-content\/uploads\/2025\/01\/P1250047-www-300x225.jpg 300w, https:\/\/www.milosnicylasu.olsztyn.pl\/wp-content\/uploads\/2025\/01\/P1250047-www-768x576.jpg 768w, https:\/\/www.milosnicylasu.olsztyn.pl\/wp-content\/uploads\/2025\/01\/P1250047-www.jpg 1024w\" sizes=\"auto, (max-width: 300px) 100vw, 300px\" \/><\/a><\/p>\n<p>W Galerii Stary Ratusz Wojew\u00f3dzkiej Biblioteki Publicznej w Olsztynie\u00a0 zwiedzili\u015bmy wystaw\u0119 pt. \u201eSztuka bez granic\u201d zorganizowan\u0105 przez Okr\u0119gowy Inspektorat S\u0142u\u017cby Wi\u0119ziennej w Olsztynie.<\/p>\n<p><a href=\"https:\/\/www.milosnicylasu.olsztyn.pl\/wp-content\/uploads\/2025\/01\/P1250039-www.jpg\" data-rel=\"lightbox-image-6\" data-magnific_type=\"image\" data-rl_title=\"\" data-rl_caption=\"\" title=\"\"><img loading=\"lazy\" decoding=\"async\" class=\"size-medium wp-image-9204 alignleft\" src=\"https:\/\/www.milosnicylasu.olsztyn.pl\/wp-content\/uploads\/2025\/01\/P1250039-www-300x225.jpg\" alt=\"\" width=\"300\" height=\"225\" srcset=\"https:\/\/www.milosnicylasu.olsztyn.pl\/wp-content\/uploads\/2025\/01\/P1250039-www-300x225.jpg 300w, https:\/\/www.milosnicylasu.olsztyn.pl\/wp-content\/uploads\/2025\/01\/P1250039-www-768x576.jpg 768w, https:\/\/www.milosnicylasu.olsztyn.pl\/wp-content\/uploads\/2025\/01\/P1250039-www.jpg 1024w\" sizes=\"auto, (max-width: 300px) 100vw, 300px\" \/><\/a><\/p>\n<p>Ekspozycja obraz\u00f3w pt. \u201eSztuka bez granic\u201d ukazuje efekty aktywno\u015bci plastycznej os\u00f3b pozbawionych wolno\u015bci. Prace o r\u00f3\u017cnej tematyce, jak to przewa\u017cnie\u00a0 bywa w przypadku wystaw zbiorowych. Znale\u017ali\u015bmy te\u017c obrazy bliskie klimatom naszego Ko\u0142a.<\/p>\n<p><a href=\"https:\/\/www.milosnicylasu.olsztyn.pl\/wp-content\/uploads\/2025\/01\/P1250046-www.jpg\" data-rel=\"lightbox-image-7\" data-magnific_type=\"image\" data-rl_title=\"\" data-rl_caption=\"\" title=\"\"><img loading=\"lazy\" decoding=\"async\" class=\"size-medium wp-image-9205 aligncenter\" src=\"https:\/\/www.milosnicylasu.olsztyn.pl\/wp-content\/uploads\/2025\/01\/P1250046-www-300x225.jpg\" alt=\"\" width=\"300\" height=\"225\" srcset=\"https:\/\/www.milosnicylasu.olsztyn.pl\/wp-content\/uploads\/2025\/01\/P1250046-www-300x225.jpg 300w, https:\/\/www.milosnicylasu.olsztyn.pl\/wp-content\/uploads\/2025\/01\/P1250046-www-768x576.jpg 768w, https:\/\/www.milosnicylasu.olsztyn.pl\/wp-content\/uploads\/2025\/01\/P1250046-www.jpg 1024w\" sizes=\"auto, (max-width: 300px) 100vw, 300px\" \/><\/a><\/p>\n","protected":false},"excerpt":{"rendered":"<p>Wycieczk\u0119 po Olsztynie rozpocz\u0119li\u015bmy od obejrzenia cz\u0119\u015bci wystawy &#8222;Wagon 1945&#8221;. Niestety nie mogli\u015bmy zapozna\u0107 si\u0119 z dokumentami &#8211; zdj\u0119ciami, wspomnieniami ludzi, kt\u00f3rzy przyjechali na nasze tereny tymi wagonami&#8230;&#8230;&#8230;.. Wagon nr 1945\u201d to projekt realizowany od dw\u00f3ch lat przez Miejski O\u015brodek Kultury w Olsztynie. Opowiada o powojennych ruchach ludno\u015bci na Warmii i Mazurach. Najistotniejsz\u0105 cz\u0119\u015bci\u0105 projektu [&hellip;]<\/p>\n","protected":false},"author":2,"featured_media":0,"comment_status":"open","ping_status":"open","sticky":false,"template":"","format":"standard","meta":{"footnotes":""},"categories":[1,9,17,2,11,5],"tags":[],"class_list":["post-9198","post","type-post","status-publish","format-standard","hentry","category-bez-kategorii","category-ciekawostki","category-edukacja-w-terenie","category-rajdy","category-spotkania-artystyczne","category-wycieczki"],"_links":{"self":[{"href":"https:\/\/www.milosnicylasu.olsztyn.pl\/index.php?rest_route=\/wp\/v2\/posts\/9198","targetHints":{"allow":["GET"]}}],"collection":[{"href":"https:\/\/www.milosnicylasu.olsztyn.pl\/index.php?rest_route=\/wp\/v2\/posts"}],"about":[{"href":"https:\/\/www.milosnicylasu.olsztyn.pl\/index.php?rest_route=\/wp\/v2\/types\/post"}],"author":[{"embeddable":true,"href":"https:\/\/www.milosnicylasu.olsztyn.pl\/index.php?rest_route=\/wp\/v2\/users\/2"}],"replies":[{"embeddable":true,"href":"https:\/\/www.milosnicylasu.olsztyn.pl\/index.php?rest_route=%2Fwp%2Fv2%2Fcomments&post=9198"}],"version-history":[{"count":5,"href":"https:\/\/www.milosnicylasu.olsztyn.pl\/index.php?rest_route=\/wp\/v2\/posts\/9198\/revisions"}],"predecessor-version":[{"id":9211,"href":"https:\/\/www.milosnicylasu.olsztyn.pl\/index.php?rest_route=\/wp\/v2\/posts\/9198\/revisions\/9211"}],"wp:attachment":[{"href":"https:\/\/www.milosnicylasu.olsztyn.pl\/index.php?rest_route=%2Fwp%2Fv2%2Fmedia&parent=9198"}],"wp:term":[{"taxonomy":"category","embeddable":true,"href":"https:\/\/www.milosnicylasu.olsztyn.pl\/index.php?rest_route=%2Fwp%2Fv2%2Fcategories&post=9198"},{"taxonomy":"post_tag","embeddable":true,"href":"https:\/\/www.milosnicylasu.olsztyn.pl\/index.php?rest_route=%2Fwp%2Fv2%2Ftags&post=9198"}],"curies":[{"name":"wp","href":"https:\/\/api.w.org\/{rel}","templated":true}]}}