{"id":9216,"date":"2025-02-02T06:54:10","date_gmt":"2025-02-02T05:54:10","guid":{"rendered":"https:\/\/www.milosnicylasu.olsztyn.pl\/?p=9216"},"modified":"2025-02-02T07:07:54","modified_gmt":"2025-02-02T06:07:54","slug":"odwiedzilismy-nowa-atrakcje-olsztyna","status":"publish","type":"post","link":"https:\/\/www.milosnicylasu.olsztyn.pl\/?p=9216","title":{"rendered":"Odwiedzili\u015bmy now\u0105 atrakcj\u0119 Olsztyna"},"content":{"rendered":"<p><a href=\"https:\/\/www.milosnicylasu.olsztyn.pl\/wp-content\/uploads\/2025\/02\/P2010002-www.jpg\" data-rel=\"lightbox-image-0\" data-magnific_type=\"image\" data-rl_title=\"\" data-rl_caption=\"\" title=\"\"><img loading=\"lazy\" decoding=\"async\" class=\"size-medium wp-image-9218 alignleft\" src=\"https:\/\/www.milosnicylasu.olsztyn.pl\/wp-content\/uploads\/2025\/02\/P2010002-www-300x225.jpg\" alt=\"\" width=\"300\" height=\"225\" srcset=\"https:\/\/www.milosnicylasu.olsztyn.pl\/wp-content\/uploads\/2025\/02\/P2010002-www-300x225.jpg 300w, https:\/\/www.milosnicylasu.olsztyn.pl\/wp-content\/uploads\/2025\/02\/P2010002-www-768x576.jpg 768w, https:\/\/www.milosnicylasu.olsztyn.pl\/wp-content\/uploads\/2025\/02\/P2010002-www.jpg 1024w\" sizes=\"auto, (max-width: 300px) 100vw, 300px\" \/><\/a><\/p>\n<p>Olsztyn si\u0119 zmienia.W\u00a0 sobot\u0119\u00a0 31 stycznia 2025 roku, cz\u0142onkowie Ko\u0142a Mi\u0142o\u015bnik\u00f3w Lasu i Militari\u00f3w LOK przy ATW w Olsztynie odwiedzili park Nag\u00f3rki-Jaroty. Ciekawi byli\u015bmy jak wygl\u0105da nowa atrakcja Olsztyna.<\/p>\n<p><strong>W parku Nag\u00f3rki-Jaroty, po\u0142o\u017conym mi\u0119dzy najwi\u0119kszymi osiedlami w Olsztynie, otwarto\u00a0 Tor Ninja Warrior. Ta wyj\u0105tkowa inwestycja, zrealizowana w ramach Olszty\u0144skiego Bud\u017cetu Obywatelskiego (OBO), poch\u0142on\u0119\u0142a ponad 635 tys. z\u0142.<\/strong><\/p>\n<p><a href=\"https:\/\/www.milosnicylasu.olsztyn.pl\/wp-content\/uploads\/2025\/02\/P2010004-www.jpg\" data-rel=\"lightbox-image-1\" data-magnific_type=\"image\" data-rl_title=\"\" data-rl_caption=\"\" title=\"\"><img loading=\"lazy\" decoding=\"async\" class=\"size-medium wp-image-9219 alignright\" src=\"https:\/\/www.milosnicylasu.olsztyn.pl\/wp-content\/uploads\/2025\/02\/P2010004-www-300x225.jpg\" alt=\"\" width=\"300\" height=\"225\" srcset=\"https:\/\/www.milosnicylasu.olsztyn.pl\/wp-content\/uploads\/2025\/02\/P2010004-www-300x225.jpg 300w, https:\/\/www.milosnicylasu.olsztyn.pl\/wp-content\/uploads\/2025\/02\/P2010004-www-768x576.jpg 768w, https:\/\/www.milosnicylasu.olsztyn.pl\/wp-content\/uploads\/2025\/02\/P2010004-www.jpg 1024w\" sizes=\"auto, (max-width: 300px) 100vw, 300px\" \/><\/a><\/p>\n<p><strong>Park rozci\u0105gaj\u0105cy\u00a0 si\u0119 na prawie czterech hektarach, powsta\u0142 kilka lat temu z inicjatywy radnych \u0141ukasza \u0141ukaszewskiego i Paw\u0142a Klonowskiego z Koalicji Obywatelskiej. W jego sk\u0142ad wchodz\u0105 \u015bcie\u017cki pieszo-rowerowe, drewniane podesty, place zabaw i miejsce na grilla. Dzi\u0119ki wygranym w dw\u00f3ch edycjach OBO, miejsce to systematycznie si\u0119 rozwija.<\/strong><strong>Prace nad parkiem s\u0105 prowadzone co roku.<\/strong><\/p>\n<p><a href=\"https:\/\/www.milosnicylasu.olsztyn.pl\/wp-content\/uploads\/2025\/02\/P2010005-www.jpg\" data-rel=\"lightbox-image-2\" data-magnific_type=\"image\" data-rl_title=\"\" data-rl_caption=\"\" title=\"\"><img loading=\"lazy\" decoding=\"async\" class=\"size-medium wp-image-9221\" src=\"https:\/\/www.milosnicylasu.olsztyn.pl\/wp-content\/uploads\/2025\/02\/P2010005-www-225x300.jpg\" alt=\"\" width=\"225\" height=\"300\" srcset=\"https:\/\/www.milosnicylasu.olsztyn.pl\/wp-content\/uploads\/2025\/02\/P2010005-www-225x300.jpg 225w, https:\/\/www.milosnicylasu.olsztyn.pl\/wp-content\/uploads\/2025\/02\/P2010005-www.jpg 768w\" sizes=\"auto, (max-width: 225px) 100vw, 225px\" \/><\/a><\/p>\n<p><strong>Obecna inwestycja to kolejny krok w kierunku stworzenia atrakcyjnej przestrzeni dla mieszka\u0144c\u00f3w obu osiedli, ale tez ca\u0142ego Olsztyna<\/strong>.<\/p>\n<p>&nbsp;<\/p>\n","protected":false},"excerpt":{"rendered":"<p>Olsztyn si\u0119 zmienia.W\u00a0 sobot\u0119\u00a0 31 stycznia 2025 roku, cz\u0142onkowie Ko\u0142a Mi\u0142o\u015bnik\u00f3w Lasu i Militari\u00f3w LOK przy ATW w Olsztynie odwiedzili park Nag\u00f3rki-Jaroty. Ciekawi byli\u015bmy jak wygl\u0105da nowa atrakcja Olsztyna. W parku Nag\u00f3rki-Jaroty, po\u0142o\u017conym mi\u0119dzy najwi\u0119kszymi osiedlami w Olsztynie, otwarto\u00a0 Tor Ninja Warrior. Ta wyj\u0105tkowa inwestycja, zrealizowana w ramach Olszty\u0144skiego Bud\u017cetu Obywatelskiego (OBO), poch\u0142on\u0119\u0142a ponad 635 [&hellip;]<\/p>\n","protected":false},"author":2,"featured_media":0,"comment_status":"open","ping_status":"open","sticky":false,"template":"","format":"standard","meta":{"footnotes":""},"categories":[1,9,17],"tags":[],"class_list":["post-9216","post","type-post","status-publish","format-standard","hentry","category-bez-kategorii","category-ciekawostki","category-edukacja-w-terenie"],"_links":{"self":[{"href":"https:\/\/www.milosnicylasu.olsztyn.pl\/index.php?rest_route=\/wp\/v2\/posts\/9216","targetHints":{"allow":["GET"]}}],"collection":[{"href":"https:\/\/www.milosnicylasu.olsztyn.pl\/index.php?rest_route=\/wp\/v2\/posts"}],"about":[{"href":"https:\/\/www.milosnicylasu.olsztyn.pl\/index.php?rest_route=\/wp\/v2\/types\/post"}],"author":[{"embeddable":true,"href":"https:\/\/www.milosnicylasu.olsztyn.pl\/index.php?rest_route=\/wp\/v2\/users\/2"}],"replies":[{"embeddable":true,"href":"https:\/\/www.milosnicylasu.olsztyn.pl\/index.php?rest_route=%2Fwp%2Fv2%2Fcomments&post=9216"}],"version-history":[{"count":6,"href":"https:\/\/www.milosnicylasu.olsztyn.pl\/index.php?rest_route=\/wp\/v2\/posts\/9216\/revisions"}],"predecessor-version":[{"id":9225,"href":"https:\/\/www.milosnicylasu.olsztyn.pl\/index.php?rest_route=\/wp\/v2\/posts\/9216\/revisions\/9225"}],"wp:attachment":[{"href":"https:\/\/www.milosnicylasu.olsztyn.pl\/index.php?rest_route=%2Fwp%2Fv2%2Fmedia&parent=9216"}],"wp:term":[{"taxonomy":"category","embeddable":true,"href":"https:\/\/www.milosnicylasu.olsztyn.pl\/index.php?rest_route=%2Fwp%2Fv2%2Fcategories&post=9216"},{"taxonomy":"post_tag","embeddable":true,"href":"https:\/\/www.milosnicylasu.olsztyn.pl\/index.php?rest_route=%2Fwp%2Fv2%2Ftags&post=9216"}],"curies":[{"name":"wp","href":"https:\/\/api.w.org\/{rel}","templated":true}]}}