{"id":9229,"date":"2025-02-08T08:26:49","date_gmt":"2025-02-08T07:26:49","guid":{"rendered":"https:\/\/www.milosnicylasu.olsztyn.pl\/?p=9229"},"modified":"2025-02-08T09:01:26","modified_gmt":"2025-02-08T08:01:26","slug":"6-02-2025-czwartek-ekologiczny-w-regionalnej-dyrekcji-lasow-panstwowych-w-olsztynie","status":"publish","type":"post","link":"https:\/\/www.milosnicylasu.olsztyn.pl\/?p=9229","title":{"rendered":"6.02.2025 &#8211; czwartek ekologiczny w Regionalnej Dyrekcji Las\u00f3w Pa\u0144stwowych w Olsztynie"},"content":{"rendered":"<p><strong><a href=\"https:\/\/www.milosnicylasu.olsztyn.pl\/wp-content\/uploads\/2025\/02\/DSCN7679-www.jpg\" data-rel=\"lightbox-image-0\" data-magnific_type=\"image\" data-rl_title=\"\" data-rl_caption=\"\" title=\"\"><img loading=\"lazy\" decoding=\"async\" class=\"size-medium wp-image-9231 alignleft\" src=\"https:\/\/www.milosnicylasu.olsztyn.pl\/wp-content\/uploads\/2025\/02\/DSCN7679-www-300x225.jpg\" alt=\"\" width=\"300\" height=\"225\" srcset=\"https:\/\/www.milosnicylasu.olsztyn.pl\/wp-content\/uploads\/2025\/02\/DSCN7679-www-300x225.jpg 300w, https:\/\/www.milosnicylasu.olsztyn.pl\/wp-content\/uploads\/2025\/02\/DSCN7679-www-768x576.jpg 768w, https:\/\/www.milosnicylasu.olsztyn.pl\/wp-content\/uploads\/2025\/02\/DSCN7679-www.jpg 1024w\" sizes=\"auto, (max-width: 300px) 100vw, 300px\" \/><\/a><a href=\"https:\/\/www.milosnicylasu.olsztyn.pl\/wp-content\/uploads\/2025\/02\/DSCN7677-www.jpg\" data-rel=\"lightbox-image-1\" data-magnific_type=\"image\" data-rl_title=\"\" data-rl_caption=\"\" title=\"\"><img loading=\"lazy\" decoding=\"async\" class=\"size-medium wp-image-9237 alignright\" src=\"https:\/\/www.milosnicylasu.olsztyn.pl\/wp-content\/uploads\/2025\/02\/DSCN7677-www-300x225.jpg\" alt=\"\" width=\"300\" height=\"225\" srcset=\"https:\/\/www.milosnicylasu.olsztyn.pl\/wp-content\/uploads\/2025\/02\/DSCN7677-www-300x225.jpg 300w, https:\/\/www.milosnicylasu.olsztyn.pl\/wp-content\/uploads\/2025\/02\/DSCN7677-www-768x576.jpg 768w, https:\/\/www.milosnicylasu.olsztyn.pl\/wp-content\/uploads\/2025\/02\/DSCN7677-www.jpg 1024w\" sizes=\"auto, (max-width: 300px) 100vw, 300px\" \/><\/a>Cz\u0142onkowie Ko\u0142a Mi\u0142o\u015bnik\u00f3w Lasu i Militari\u00f3w LOK przy ATW w Olsztynie w dniu 06.02.2025r. spotkali si\u0119 z Pani\u0105 Mart\u0105 Koz\u0142owsk\u0105 kierownikiem Muzeum Przyrody w Olsztynie, kt\u00f3ra przygotowa\u0142a bardzo ciekawy wyk\u0142ad na temat \u201e\u017buraw ptak niezwyk\u0142y\u201d. Bardzo du\u017co informacji o naszym pi\u0119knym, dostojnym ptaku. Wyk\u0142ad poparty wieloma zdj\u0119ciami. Pani Maria zaprasza\u0142a do Muzeum Przyrody, gdzie aktualnie jest wystawa zwi\u0105zana z \u017curawiami. Na wystawie pi\u0119kne zdj\u0119cia fotografik\u00f3w zauroczonych przyrod\u0105. A w \u015brod\u0119 12 lutego o godzinie 17.oo odb\u0119dzie si\u0119 ciekawa prelekcja dotycz\u0105ca park\u00f3w krajobrazowych, na kt\u00f3r\u0105 te\u017c mamy zaproszenie.<a href=\"https:\/\/www.milosnicylasu.olsztyn.pl\/wp-content\/uploads\/2025\/02\/DSCN7673-www.jpg\" data-rel=\"lightbox-image-2\" data-magnific_type=\"image\" data-rl_title=\"\" data-rl_caption=\"\" title=\"\"><img loading=\"lazy\" decoding=\"async\" class=\"size-medium wp-image-9233 alignleft\" src=\"https:\/\/www.milosnicylasu.olsztyn.pl\/wp-content\/uploads\/2025\/02\/DSCN7673-www-300x225.jpg\" alt=\"\" width=\"300\" height=\"225\" srcset=\"https:\/\/www.milosnicylasu.olsztyn.pl\/wp-content\/uploads\/2025\/02\/DSCN7673-www-300x225.jpg 300w, https:\/\/www.milosnicylasu.olsztyn.pl\/wp-content\/uploads\/2025\/02\/DSCN7673-www-768x576.jpg 768w, https:\/\/www.milosnicylasu.olsztyn.pl\/wp-content\/uploads\/2025\/02\/DSCN7673-www.jpg 1024w\" sizes=\"auto, (max-width: 300px) 100vw, 300px\" \/><\/a><\/strong><\/p>\n<p>&nbsp;<\/p>\n<p><strong>Na pami\u0105tk\u0119 naszego spotkania Pani Maria otrzyma\u0142a prac\u0119 Ani Wo\u0142czy\u0144skiej, kt\u00f3ra mieszka z m\u0119\u017cem w Krakowie. S\u0105 od wielu lat cz\u0142onkami naszego Ko\u0142a. <a href=\"https:\/\/www.milosnicylasu.olsztyn.pl\/wp-content\/uploads\/2025\/02\/DSCN7678-www.jpg\" data-rel=\"lightbox-image-3\" data-magnific_type=\"image\" data-rl_title=\"\" data-rl_caption=\"\" title=\"\"><img loading=\"lazy\" decoding=\"async\" class=\"size-medium wp-image-9238 alignright\" src=\"https:\/\/www.milosnicylasu.olsztyn.pl\/wp-content\/uploads\/2025\/02\/DSCN7678-www-300x225.jpg\" alt=\"\" width=\"300\" height=\"225\" srcset=\"https:\/\/www.milosnicylasu.olsztyn.pl\/wp-content\/uploads\/2025\/02\/DSCN7678-www-300x225.jpg 300w, https:\/\/www.milosnicylasu.olsztyn.pl\/wp-content\/uploads\/2025\/02\/DSCN7678-www-768x576.jpg 768w, https:\/\/www.milosnicylasu.olsztyn.pl\/wp-content\/uploads\/2025\/02\/DSCN7678-www.jpg 1024w\" sizes=\"auto, (max-width: 300px) 100vw, 300px\" \/><\/a><br \/>\n<\/strong><\/p>\n<p><strong>Nowi cz\u0142onkowie otrzymali legitymacje cz\u0142onkowskie. Wr\u0119czy\u0142 Micha\u0142 K\u0142\u0119bukowski wiceprezes naszego Ko\u0142a.<a href=\"https:\/\/www.milosnicylasu.olsztyn.pl\/wp-content\/uploads\/2025\/02\/DSCN7681-www.jpg\" data-rel=\"lightbox-image-4\" data-magnific_type=\"image\" data-rl_title=\"\" data-rl_caption=\"\" title=\"\"><img loading=\"lazy\" decoding=\"async\" class=\"size-medium wp-image-9234 aligncenter\" src=\"https:\/\/www.milosnicylasu.olsztyn.pl\/wp-content\/uploads\/2025\/02\/DSCN7681-www-300x225.jpg\" alt=\"\" width=\"300\" height=\"225\" srcset=\"https:\/\/www.milosnicylasu.olsztyn.pl\/wp-content\/uploads\/2025\/02\/DSCN7681-www-300x225.jpg 300w, https:\/\/www.milosnicylasu.olsztyn.pl\/wp-content\/uploads\/2025\/02\/DSCN7681-www-768x576.jpg 768w, https:\/\/www.milosnicylasu.olsztyn.pl\/wp-content\/uploads\/2025\/02\/DSCN7681-www.jpg 1024w\" sizes=\"auto, (max-width: 300px) 100vw, 300px\" \/><\/a><\/strong><\/p>\n<p><strong><a href=\"https:\/\/www.milosnicylasu.olsztyn.pl\/wp-content\/uploads\/2025\/02\/DSCN7683-www.jpg\" data-rel=\"lightbox-image-5\" data-magnific_type=\"image\" data-rl_title=\"\" data-rl_caption=\"\" title=\"\"><img loading=\"lazy\" decoding=\"async\" class=\"size-medium wp-image-9235 alignleft\" src=\"https:\/\/www.milosnicylasu.olsztyn.pl\/wp-content\/uploads\/2025\/02\/DSCN7683-www-300x225.jpg\" alt=\"\" width=\"300\" height=\"225\" srcset=\"https:\/\/www.milosnicylasu.olsztyn.pl\/wp-content\/uploads\/2025\/02\/DSCN7683-www-300x225.jpg 300w, https:\/\/www.milosnicylasu.olsztyn.pl\/wp-content\/uploads\/2025\/02\/DSCN7683-www-1024x768.jpg 1024w, https:\/\/www.milosnicylasu.olsztyn.pl\/wp-content\/uploads\/2025\/02\/DSCN7683-www-768x576.jpg 768w, https:\/\/www.milosnicylasu.olsztyn.pl\/wp-content\/uploads\/2025\/02\/DSCN7683-www-1536x1152.jpg 1536w, https:\/\/www.milosnicylasu.olsztyn.pl\/wp-content\/uploads\/2025\/02\/DSCN7683-www.jpg 1600w\" sizes=\"auto, (max-width: 300px) 100vw, 300px\" \/><\/a>W drugiej cz\u0119\u015bci spotkania zosta\u0142y wr\u0119czone medale zwyci\u0119zcom \u201eZimowych zawod\u00f3w strzeleckich\u201d, kt\u00f3re odby\u0142y\u00a0 18 stycznia na strzelnicy ZW LOK. Najlepszymi strzelcami okazali si\u0119:<\/strong><\/p>\n<p><strong>\u00a0Panie: Z\u0142oty medal Ewa Za\u0142\u0119cka, Srebrny medal Krystyna Leszczy\u0144ska, Br\u0105zowy medal Teresa Mielczarska.<\/strong><\/p>\n<p><strong>Panowie: Z\u0142oto Jan Filipek, Srebro Adam Siemakowicz, Br\u0105z Henryk B\u0142aszczak.<a href=\"https:\/\/www.milosnicylasu.olsztyn.pl\/wp-content\/uploads\/2025\/02\/DSCN7685-www.jpg\" data-rel=\"lightbox-image-6\" data-magnific_type=\"image\" data-rl_title=\"\" data-rl_caption=\"\" title=\"\"><img loading=\"lazy\" decoding=\"async\" class=\"size-medium wp-image-9236 alignright\" src=\"https:\/\/www.milosnicylasu.olsztyn.pl\/wp-content\/uploads\/2025\/02\/DSCN7685-www-300x225.jpg\" alt=\"\" width=\"300\" height=\"225\" srcset=\"https:\/\/www.milosnicylasu.olsztyn.pl\/wp-content\/uploads\/2025\/02\/DSCN7685-www-300x225.jpg 300w, https:\/\/www.milosnicylasu.olsztyn.pl\/wp-content\/uploads\/2025\/02\/DSCN7685-www-768x576.jpg 768w, https:\/\/www.milosnicylasu.olsztyn.pl\/wp-content\/uploads\/2025\/02\/DSCN7685-www.jpg 1024w\" sizes=\"auto, (max-width: 300px) 100vw, 300px\" \/><\/a><\/strong><\/p>\n<p><strong>M\u0142odzie\u017c: Z\u0142oto Pawe\u0142 J\u0119drzejewski, srebro Szymon Radziejewski<\/strong><\/p>\n<p><strong>Gratulujemy \u00a0zwyci\u0119zcom, dzi\u0119kujemy\u00a0 wszystkim uczestnikom zawod\u00f3w za udzia\u0142.<\/strong><\/p>\n<p>&nbsp;<\/p>\n<p><strong>Spotkania w lutym:<\/strong><\/p>\n<p><strong>Na kolejne spotkanie na strzelnicy zapraszamy z okazji \u201e Walentynek &#8211; Dnia Zakochanych\u201d w dniu 15 lutego w sobot\u0119 o godzinie 10,00. Odb\u0119dzie si\u0119 instruktarz, szkolenie z prawid\u0142owego zgrywania przyrz\u0105d\u00f3w strzeleckich i zdobywania samych \u201eDziesi\u0105tek na tarczy strzeleckiej\u201d Odb\u0119d\u0105 si\u0119 kolejne zawody strzeleckie. \u00a0Wszystkie osoby, kt\u00f3re wp\u0142aci\u0142y startowe podczas zebrania otrzymaj\u0105 drobne upominki.<\/strong><\/p>\n<p><strong>Sobotnie spacery w dniu 08 lutego o godz. 10,00 spotkanie przy Wysokiej Bramie na olszty\u0144skiej star\u00f3wce. Planowane zako\u0144czenie spaceru na p\u0119tli MPK przy ul. Wojska Polskiego obok CEIKU.<\/strong><\/p>\n<p><strong>W dniu 22 lutego godz. 10,00 spotkanie- przystanek tramwajowy skrzy\u017cowanie ulic Sikorskiego i Wilczy\u0144skiego. Poznajemy nowe osiedla znajduj\u0105ce na trasie spaceru do Bart\u0105ga. Powr\u00f3t do domu z p\u0119tli MPK znajduj\u0105cego si\u0119 obok ronda Bart\u0105g.<\/strong><\/p>\n<p><strong>W dniu 01 marca o godz. 10,00 spotkanie na p\u0119tli MPK Stary Dw\u00f3r \u2013 Kortowo. \u201e Ostatnia sobota Karnawa\u0142u\u201d Odpowiedni str\u00f3j, w\u0142asny kosz z \u0142akociami i wsadem do ogniska. Czekaj\u0105 mi\u0142e chwile w \u201e Wojtkowym Lesie\u201d<\/strong><\/p>\n<p>&nbsp;<\/p>\n","protected":false},"excerpt":{"rendered":"<p>Cz\u0142onkowie Ko\u0142a Mi\u0142o\u015bnik\u00f3w Lasu i Militari\u00f3w LOK przy ATW w Olsztynie w dniu 06.02.2025r. spotkali si\u0119 z Pani\u0105 Mart\u0105 Koz\u0142owsk\u0105 kierownikiem Muzeum Przyrody w Olsztynie, kt\u00f3ra przygotowa\u0142a bardzo ciekawy wyk\u0142ad na temat \u201e\u017buraw ptak niezwyk\u0142y\u201d. Bardzo du\u017co informacji o naszym pi\u0119knym, dostojnym ptaku. Wyk\u0142ad poparty wieloma zdj\u0119ciami. Pani Maria zaprasza\u0142a do Muzeum Przyrody, gdzie aktualnie [&hellip;]<\/p>\n","protected":false},"author":2,"featured_media":0,"comment_status":"open","ping_status":"open","sticky":false,"template":"","format":"standard","meta":{"footnotes":""},"categories":[1,9,6,2,8],"tags":[],"class_list":["post-9229","post","type-post","status-publish","format-standard","hentry","category-bez-kategorii","category-ciekawostki","category-odznaczenia","category-rajdy","category-zawody-strzeleckie"],"_links":{"self":[{"href":"https:\/\/www.milosnicylasu.olsztyn.pl\/index.php?rest_route=\/wp\/v2\/posts\/9229","targetHints":{"allow":["GET"]}}],"collection":[{"href":"https:\/\/www.milosnicylasu.olsztyn.pl\/index.php?rest_route=\/wp\/v2\/posts"}],"about":[{"href":"https:\/\/www.milosnicylasu.olsztyn.pl\/index.php?rest_route=\/wp\/v2\/types\/post"}],"author":[{"embeddable":true,"href":"https:\/\/www.milosnicylasu.olsztyn.pl\/index.php?rest_route=\/wp\/v2\/users\/2"}],"replies":[{"embeddable":true,"href":"https:\/\/www.milosnicylasu.olsztyn.pl\/index.php?rest_route=%2Fwp%2Fv2%2Fcomments&post=9229"}],"version-history":[{"count":4,"href":"https:\/\/www.milosnicylasu.olsztyn.pl\/index.php?rest_route=\/wp\/v2\/posts\/9229\/revisions"}],"predecessor-version":[{"id":9232,"href":"https:\/\/www.milosnicylasu.olsztyn.pl\/index.php?rest_route=\/wp\/v2\/posts\/9229\/revisions\/9232"}],"wp:attachment":[{"href":"https:\/\/www.milosnicylasu.olsztyn.pl\/index.php?rest_route=%2Fwp%2Fv2%2Fmedia&parent=9229"}],"wp:term":[{"taxonomy":"category","embeddable":true,"href":"https:\/\/www.milosnicylasu.olsztyn.pl\/index.php?rest_route=%2Fwp%2Fv2%2Fcategories&post=9229"},{"taxonomy":"post_tag","embeddable":true,"href":"https:\/\/www.milosnicylasu.olsztyn.pl\/index.php?rest_route=%2Fwp%2Fv2%2Ftags&post=9229"}],"curies":[{"name":"wp","href":"https:\/\/api.w.org\/{rel}","templated":true}]}}