{"id":9241,"date":"2025-02-11T13:00:20","date_gmt":"2025-02-11T12:00:20","guid":{"rendered":"https:\/\/www.milosnicylasu.olsztyn.pl\/?p=9241"},"modified":"2025-02-11T13:00:46","modified_gmt":"2025-02-11T12:00:46","slug":"zaproszenie-do-muzeum-przyrody-7","status":"publish","type":"post","link":"https:\/\/www.milosnicylasu.olsztyn.pl\/?p=9241","title":{"rendered":"Zaproszenie do Muzeum Przyrody"},"content":{"rendered":"<p><strong>Szanowni Pa\u0144stwo,<\/strong><\/p>\n<div class=\"moz-forward-container\">\n<p><strong>serdecznie zapraszam na wyk\u0142ad p. Aleksandry Krzyszto\u0144 &#8211; Rzodkiewicz Z-cy Regionalnego Dyrektora Ochrony \u015arodowiska &#8211; Regionalnego Konserwatora Przyrody w Olsztynie pt. &#8222;Nowe rezerwaty przyrody w wojew\u00f3dztwie warmi\u0144sko-mazurskim&#8221;<\/strong><\/p>\n<p><strong>Miejsce: Muzeum Przyrody w Olsztynie (budynek wozowni) ul. Metalowa 8<\/strong><\/p>\n<p><strong>Termin: 12 lutego 2025 (\u015broda) godz. 17:00<\/strong><\/p>\n<pre class=\"moz-signature\"><strong> \r\nMartyna Koz\u0142owska\r\np.o. kierownika<\/strong><\/pre>\n<\/div>\n","protected":false},"excerpt":{"rendered":"<p>Szanowni Pa\u0144stwo, serdecznie zapraszam na wyk\u0142ad p. Aleksandry Krzyszto\u0144 &#8211; Rzodkiewicz Z-cy Regionalnego Dyrektora Ochrony \u015arodowiska &#8211; Regionalnego Konserwatora Przyrody w Olsztynie pt. &#8222;Nowe rezerwaty przyrody w wojew\u00f3dztwie warmi\u0144sko-mazurskim&#8221; Miejsce: Muzeum Przyrody w Olsztynie (budynek wozowni) ul. Metalowa 8 Termin: 12 lutego 2025 (\u015broda) godz. 17:00 Martyna Koz\u0142owska p.o. kierownika<\/p>\n","protected":false},"author":2,"featured_media":0,"comment_status":"open","ping_status":"open","sticky":false,"template":"","format":"standard","meta":{"footnotes":""},"categories":[9,17],"tags":[],"class_list":["post-9241","post","type-post","status-publish","format-standard","hentry","category-ciekawostki","category-edukacja-w-terenie"],"_links":{"self":[{"href":"https:\/\/www.milosnicylasu.olsztyn.pl\/index.php?rest_route=\/wp\/v2\/posts\/9241","targetHints":{"allow":["GET"]}}],"collection":[{"href":"https:\/\/www.milosnicylasu.olsztyn.pl\/index.php?rest_route=\/wp\/v2\/posts"}],"about":[{"href":"https:\/\/www.milosnicylasu.olsztyn.pl\/index.php?rest_route=\/wp\/v2\/types\/post"}],"author":[{"embeddable":true,"href":"https:\/\/www.milosnicylasu.olsztyn.pl\/index.php?rest_route=\/wp\/v2\/users\/2"}],"replies":[{"embeddable":true,"href":"https:\/\/www.milosnicylasu.olsztyn.pl\/index.php?rest_route=%2Fwp%2Fv2%2Fcomments&post=9241"}],"version-history":[{"count":1,"href":"https:\/\/www.milosnicylasu.olsztyn.pl\/index.php?rest_route=\/wp\/v2\/posts\/9241\/revisions"}],"predecessor-version":[{"id":9242,"href":"https:\/\/www.milosnicylasu.olsztyn.pl\/index.php?rest_route=\/wp\/v2\/posts\/9241\/revisions\/9242"}],"wp:attachment":[{"href":"https:\/\/www.milosnicylasu.olsztyn.pl\/index.php?rest_route=%2Fwp%2Fv2%2Fmedia&parent=9241"}],"wp:term":[{"taxonomy":"category","embeddable":true,"href":"https:\/\/www.milosnicylasu.olsztyn.pl\/index.php?rest_route=%2Fwp%2Fv2%2Fcategories&post=9241"},{"taxonomy":"post_tag","embeddable":true,"href":"https:\/\/www.milosnicylasu.olsztyn.pl\/index.php?rest_route=%2Fwp%2Fv2%2Ftags&post=9241"}],"curies":[{"name":"wp","href":"https:\/\/api.w.org\/{rel}","templated":true}]}}