{"id":9243,"date":"2025-02-11T13:39:24","date_gmt":"2025-02-11T12:39:24","guid":{"rendered":"https:\/\/www.milosnicylasu.olsztyn.pl\/?p=9243"},"modified":"2025-02-11T13:57:28","modified_gmt":"2025-02-11T12:57:28","slug":"sobotni-rajd-8-lutego-2025-roku","status":"publish","type":"post","link":"https:\/\/www.milosnicylasu.olsztyn.pl\/?p=9243","title":{"rendered":"Sobotni rajd 8 lutego 2025 roku"},"content":{"rendered":"<p><a href=\"https:\/\/www.milosnicylasu.olsztyn.pl\/wp-content\/uploads\/2025\/02\/P2080012-www.jpg\" data-rel=\"lightbox-image-0\" data-magnific_type=\"image\" data-rl_title=\"\" data-rl_caption=\"\" title=\"\"><img loading=\"lazy\" decoding=\"async\" class=\"size-medium wp-image-9244 alignleft\" src=\"https:\/\/www.milosnicylasu.olsztyn.pl\/wp-content\/uploads\/2025\/02\/P2080012-www-300x225.jpg\" alt=\"\" width=\"300\" height=\"225\" srcset=\"https:\/\/www.milosnicylasu.olsztyn.pl\/wp-content\/uploads\/2025\/02\/P2080012-www-300x225.jpg 300w, https:\/\/www.milosnicylasu.olsztyn.pl\/wp-content\/uploads\/2025\/02\/P2080012-www-768x576.jpg 768w, https:\/\/www.milosnicylasu.olsztyn.pl\/wp-content\/uploads\/2025\/02\/P2080012-www.jpg 1024w\" sizes=\"auto, (max-width: 300px) 100vw, 300px\" \/><\/a><\/p>\n<p>Cz\u0142onkowie Ko\u0142a Mi\u0142o\u015bnik\u00f3w Lasu i Militari\u00f3w LOK przy ATW w Olsztynie w sobot\u0119, 8 lutego 2025 roku, spotkali si\u0119 przy Wysokiej Bramie na olszty\u0144skiej star\u00f3wce. Zgodnie z planem sobotni rajd rozpocz\u0119li\u015bmy od spaceru po star\u00f3wce, przeszli\u015bmy\u00a0 kolo Ko\u015bcio\u0142a Ewangelickiego, pomnika Miko\u0142aja Kopernika, weszli\u015bmy\u00a0 do Amfiteatru im. Czes\u0142awa Niemena. Od niedawna stan\u0119\u0142a tam niecodzienna i nietypowa instalacja \u201eStudnia obietnic\u201d Jak si\u0119 okazuje jest to akcja MOK w Olsztynie, kt\u00f3ry pod nazw\u0105 \u201eObietnice\u201d chce zwr\u00f3ci\u0107 uwag\u0119 na to, jak wielk\u0105 moc maj\u0105 s\u0142owa. Ciekawiej ta instalacja wygl\u0105da w godzinach nocnych, gdy skierujemy wzrok do jej wn\u0119trza.<\/p>\n<p><a href=\"https:\/\/www.milosnicylasu.olsztyn.pl\/wp-content\/uploads\/2025\/02\/P2080015-www.jpg\" data-rel=\"lightbox-image-1\" data-magnific_type=\"image\" data-rl_title=\"\" data-rl_caption=\"\" title=\"\"><img loading=\"lazy\" decoding=\"async\" class=\"size-medium wp-image-9245 alignright\" src=\"https:\/\/www.milosnicylasu.olsztyn.pl\/wp-content\/uploads\/2025\/02\/P2080015-www-300x225.jpg\" alt=\"\" width=\"300\" height=\"225\" srcset=\"https:\/\/www.milosnicylasu.olsztyn.pl\/wp-content\/uploads\/2025\/02\/P2080015-www-300x225.jpg 300w, https:\/\/www.milosnicylasu.olsztyn.pl\/wp-content\/uploads\/2025\/02\/P2080015-www-768x576.jpg 768w, https:\/\/www.milosnicylasu.olsztyn.pl\/wp-content\/uploads\/2025\/02\/P2080015-www.jpg 1024w\" sizes=\"auto, (max-width: 300px) 100vw, 300px\" \/><\/a><\/p>\n<p><a href=\"https:\/\/www.milosnicylasu.olsztyn.pl\/wp-content\/uploads\/2025\/02\/P2080017-www.jpg\" data-rel=\"lightbox-image-2\" data-magnific_type=\"image\" data-rl_title=\"\" data-rl_caption=\"\" title=\"\"><img loading=\"lazy\" decoding=\"async\" class=\"size-medium wp-image-9254\" src=\"https:\/\/www.milosnicylasu.olsztyn.pl\/wp-content\/uploads\/2025\/02\/P2080017-www-300x225.jpg\" alt=\"\" width=\"300\" height=\"225\" srcset=\"https:\/\/www.milosnicylasu.olsztyn.pl\/wp-content\/uploads\/2025\/02\/P2080017-www-300x225.jpg 300w, https:\/\/www.milosnicylasu.olsztyn.pl\/wp-content\/uploads\/2025\/02\/P2080017-www-768x576.jpg 768w, https:\/\/www.milosnicylasu.olsztyn.pl\/wp-content\/uploads\/2025\/02\/P2080017-www.jpg 1024w\" sizes=\"auto, (max-width: 300px) 100vw, 300px\" \/><\/a><\/p>\n<p>Po wyj\u015bciu z amfiteatru poszli\u015bmy obok zamku do kolejnego ciekawego jak o tej porze roku \u201eKwitn\u0105cego drzewa\u201d umiejscowionego obok Casablanki.<\/p>\n<p>Nast\u0119pnie doszli\u015bmy do J. D\u0142ugiego, gdzie tradycyjnie odby\u0142a si\u0119 ma\u0142a przerwa po\u015bwi\u0119cona na \u0107wiczenia z wykorzystaniem kijk\u00f3w trekkingowych. Po odbyciu \u0107wicze\u0144 usprawniaj\u0105cych poszli\u015bmy deptakiem nad J. D\u0142ugim podziwiaj\u0105c wodne ptactwo: kaczki, stado g\u0105go\u0142\u00f3w, kormorany, \u0142ab\u0119dzie.<\/p>\n<p><a href=\"https:\/\/www.milosnicylasu.olsztyn.pl\/wp-content\/uploads\/2025\/02\/P2080020www.jpg\" data-rel=\"lightbox-image-3\" data-magnific_type=\"image\" data-rl_title=\"\" data-rl_caption=\"\" title=\"\"><img loading=\"lazy\" decoding=\"async\" class=\"size-medium wp-image-9246 alignleft\" src=\"https:\/\/www.milosnicylasu.olsztyn.pl\/wp-content\/uploads\/2025\/02\/P2080020www-300x225.jpg\" alt=\"\" width=\"300\" height=\"225\" srcset=\"https:\/\/www.milosnicylasu.olsztyn.pl\/wp-content\/uploads\/2025\/02\/P2080020www-300x225.jpg 300w, https:\/\/www.milosnicylasu.olsztyn.pl\/wp-content\/uploads\/2025\/02\/P2080020www-768x576.jpg 768w, https:\/\/www.milosnicylasu.olsztyn.pl\/wp-content\/uploads\/2025\/02\/P2080020www.jpg 1024w\" sizes=\"auto, (max-width: 300px) 100vw, 300px\" \/><\/a><\/p>\n<p>W wielu miejscach, nad jeziorem<\/p>\n<p>by\u0142y widoczne pami\u0105tki pozostawione przez bobry.<\/p>\n<p><a href=\"https:\/\/www.milosnicylasu.olsztyn.pl\/wp-content\/uploads\/2025\/02\/P2080031-www.jpg\" data-rel=\"lightbox-image-4\" data-magnific_type=\"image\" data-rl_title=\"\" data-rl_caption=\"\" title=\"\"><img loading=\"lazy\" decoding=\"async\" class=\"size-medium wp-image-9251\" src=\"https:\/\/www.milosnicylasu.olsztyn.pl\/wp-content\/uploads\/2025\/02\/P2080031-www-300x225.jpg\" alt=\"\" width=\"300\" height=\"225\" srcset=\"https:\/\/www.milosnicylasu.olsztyn.pl\/wp-content\/uploads\/2025\/02\/P2080031-www-300x225.jpg 300w, https:\/\/www.milosnicylasu.olsztyn.pl\/wp-content\/uploads\/2025\/02\/P2080031-www-768x576.jpg 768w, https:\/\/www.milosnicylasu.olsztyn.pl\/wp-content\/uploads\/2025\/02\/P2080031-www.jpg 1024w\" sizes=\"auto, (max-width: 300px) 100vw, 300px\" \/><\/a><\/p>\n<p>Pogoda dopisa\u0142a, nasz spacer si\u0119 uda\u0142. Pod kierownictwem Grzegorza i Marianny dokonano posprz\u0105tania okolicy wiaty na parkingu przy ul. Le\u015bnej. Tam przez chwil\u0119 mogli\u015bmy odpocz\u0105\u0107, bez zalegaj\u0105cych \u015bmieci wok\u00f3\u0142 tej wiaty.<\/p>\n<p><a href=\"https:\/\/www.milosnicylasu.olsztyn.pl\/wp-content\/uploads\/2025\/02\/P2080035-www.jpg\" data-rel=\"lightbox-image-5\" data-magnific_type=\"image\" data-rl_title=\"\" data-rl_caption=\"\" title=\"\"><img loading=\"lazy\" decoding=\"async\" class=\"size-medium wp-image-9247 alignright\" src=\"https:\/\/www.milosnicylasu.olsztyn.pl\/wp-content\/uploads\/2025\/02\/P2080035-www-300x225.jpg\" alt=\"\" width=\"300\" height=\"225\" srcset=\"https:\/\/www.milosnicylasu.olsztyn.pl\/wp-content\/uploads\/2025\/02\/P2080035-www-300x225.jpg 300w, https:\/\/www.milosnicylasu.olsztyn.pl\/wp-content\/uploads\/2025\/02\/P2080035-www-768x576.jpg 768w, https:\/\/www.milosnicylasu.olsztyn.pl\/wp-content\/uploads\/2025\/02\/P2080035-www.jpg 1024w\" sizes=\"auto, (max-width: 300px) 100vw, 300px\" \/><\/a><\/p>\n<p>&nbsp;<\/p>\n<p>Do zobaczenia w kolejn\u0105 sobot\u0119 podczas zawod\u00f3w strzeleckich<\/p>\n","protected":false},"excerpt":{"rendered":"<p>Cz\u0142onkowie Ko\u0142a Mi\u0142o\u015bnik\u00f3w Lasu i Militari\u00f3w LOK przy ATW w Olsztynie w sobot\u0119, 8 lutego 2025 roku, spotkali si\u0119 przy Wysokiej Bramie na olszty\u0144skiej star\u00f3wce. Zgodnie z planem sobotni rajd rozpocz\u0119li\u015bmy od spaceru po star\u00f3wce, przeszli\u015bmy\u00a0 kolo Ko\u015bcio\u0142a Ewangelickiego, pomnika Miko\u0142aja Kopernika, weszli\u015bmy\u00a0 do Amfiteatru im. Czes\u0142awa Niemena. Od niedawna stan\u0119\u0142a tam niecodzienna i nietypowa [&hellip;]<\/p>\n","protected":false},"author":2,"featured_media":0,"comment_status":"open","ping_status":"open","sticky":false,"template":"","format":"standard","meta":{"footnotes":""},"categories":[1,9,17,2],"tags":[],"class_list":["post-9243","post","type-post","status-publish","format-standard","hentry","category-bez-kategorii","category-ciekawostki","category-edukacja-w-terenie","category-rajdy"],"_links":{"self":[{"href":"https:\/\/www.milosnicylasu.olsztyn.pl\/index.php?rest_route=\/wp\/v2\/posts\/9243","targetHints":{"allow":["GET"]}}],"collection":[{"href":"https:\/\/www.milosnicylasu.olsztyn.pl\/index.php?rest_route=\/wp\/v2\/posts"}],"about":[{"href":"https:\/\/www.milosnicylasu.olsztyn.pl\/index.php?rest_route=\/wp\/v2\/types\/post"}],"author":[{"embeddable":true,"href":"https:\/\/www.milosnicylasu.olsztyn.pl\/index.php?rest_route=\/wp\/v2\/users\/2"}],"replies":[{"embeddable":true,"href":"https:\/\/www.milosnicylasu.olsztyn.pl\/index.php?rest_route=%2Fwp%2Fv2%2Fcomments&post=9243"}],"version-history":[{"count":6,"href":"https:\/\/www.milosnicylasu.olsztyn.pl\/index.php?rest_route=\/wp\/v2\/posts\/9243\/revisions"}],"predecessor-version":[{"id":9255,"href":"https:\/\/www.milosnicylasu.olsztyn.pl\/index.php?rest_route=\/wp\/v2\/posts\/9243\/revisions\/9255"}],"wp:attachment":[{"href":"https:\/\/www.milosnicylasu.olsztyn.pl\/index.php?rest_route=%2Fwp%2Fv2%2Fmedia&parent=9243"}],"wp:term":[{"taxonomy":"category","embeddable":true,"href":"https:\/\/www.milosnicylasu.olsztyn.pl\/index.php?rest_route=%2Fwp%2Fv2%2Fcategories&post=9243"},{"taxonomy":"post_tag","embeddable":true,"href":"https:\/\/www.milosnicylasu.olsztyn.pl\/index.php?rest_route=%2Fwp%2Fv2%2Ftags&post=9243"}],"curies":[{"name":"wp","href":"https:\/\/api.w.org\/{rel}","templated":true}]}}