{"id":9256,"date":"2025-02-12T08:05:08","date_gmt":"2025-02-12T07:05:08","guid":{"rendered":"https:\/\/www.milosnicylasu.olsztyn.pl\/?p=9256"},"modified":"2025-02-12T13:54:38","modified_gmt":"2025-02-12T12:54:38","slug":"kormorany","status":"publish","type":"post","link":"https:\/\/www.milosnicylasu.olsztyn.pl\/?p=9256","title":{"rendered":"Kormorany"},"content":{"rendered":"<p><a href=\"https:\/\/www.milosnicylasu.olsztyn.pl\/wp-content\/uploads\/2025\/02\/P2080020www.jpg\" data-rel=\"lightbox-image-0\" data-magnific_type=\"image\" data-rl_title=\"\" data-rl_caption=\"\" title=\"\"><img loading=\"lazy\" decoding=\"async\" class=\"size-medium wp-image-9246 alignleft\" src=\"https:\/\/www.milosnicylasu.olsztyn.pl\/wp-content\/uploads\/2025\/02\/P2080020www-300x225.jpg\" alt=\"\" width=\"300\" height=\"225\" srcset=\"https:\/\/www.milosnicylasu.olsztyn.pl\/wp-content\/uploads\/2025\/02\/P2080020www-300x225.jpg 300w, https:\/\/www.milosnicylasu.olsztyn.pl\/wp-content\/uploads\/2025\/02\/P2080020www-768x576.jpg 768w, https:\/\/www.milosnicylasu.olsztyn.pl\/wp-content\/uploads\/2025\/02\/P2080020www.jpg 1024w\" sizes=\"auto, (max-width: 300px) 100vw, 300px\" \/><\/a><\/p>\n<p><strong>Kormorany. Czy wszystkie informacje s\u0105 prawdziwe?<\/strong><\/p>\n<p>Zebrane z internetu informacje &#8230;.. no w\u0142a\u015bnie ?\u00a0 Odlatuj\u0105, czy nie ? Mamy od wielu lat &#8222;swojego kormorana&#8221; na rzecze Wad\u0105g. Obserwujemy jak poluje, jak suszy skrzyd\u0142a, jak odpoczywa zawsze w jednym miejscu&#8230;..I nie odlatuje. W czasie sobotniego rajdu 8 lutego widzieli\u015bmy\u00a0 te\u017c dwa kormorany na Jeziorze D\u0142ugim.<\/p>\n<p><a href=\"https:\/\/www.milosnicylasu.olsztyn.pl\/wp-content\/uploads\/2025\/02\/PC240024-www.jpg\" data-rel=\"lightbox-image-1\" data-magnific_type=\"image\" data-rl_title=\"\" data-rl_caption=\"\" title=\"\"><img loading=\"lazy\" decoding=\"async\" class=\"size-medium wp-image-9260 alignright\" src=\"https:\/\/www.milosnicylasu.olsztyn.pl\/wp-content\/uploads\/2025\/02\/PC240024-www-300x225.jpg\" alt=\"\" width=\"300\" height=\"225\" srcset=\"https:\/\/www.milosnicylasu.olsztyn.pl\/wp-content\/uploads\/2025\/02\/PC240024-www-300x225.jpg 300w, https:\/\/www.milosnicylasu.olsztyn.pl\/wp-content\/uploads\/2025\/02\/PC240024-www-768x576.jpg 768w, https:\/\/www.milosnicylasu.olsztyn.pl\/wp-content\/uploads\/2025\/02\/PC240024-www.jpg 1024w\" sizes=\"auto, (max-width: 300px) 100vw, 300px\" \/><\/a><\/p>\n<p><strong>Wszystkie obserwacje w Olsztynie &#8211; to odlatuj\u0105 czy nie? A mo\u017ce ju\u017c przylecia\u0142y?<\/strong><\/p>\n<p><strong>Nie rozwi\u0105\u017cemy tej zagadki,\u00a0 ale poni\u017cej troch\u0119 informacji\u00a0 o kormoranach&#8230;&#8230;oczywi\u015bcie z internetu:<\/strong><\/p>\n<p>Kormorany nale\u017c\u0105 do gatunku ptak\u00f3w w\u0119drownych, odloty zaczynaj\u0105 si\u0119 ju\u017c na prze\u0142omie sierpnia i wrze\u015bnia. <strong>Miejscem zimowania kormoran\u00f3w odlatuj\u0105cych z p\u00f3\u0142nocnej i \u015brodkowej Europy jest zazwyczaj po\u0142udniowa Europa i rejon Morza \u015ar\u00f3dziemnego<\/strong>.<\/p>\n<p>Z jednej strony jest to gatunek uratowany od zag\u0142ady. Do\u015bwiadczaj\u0105cy w przesz\u0142o\u015bci eksterminacji na skal\u0119 kontynentaln\u0105, na prze\u0142omie wieku XIX i XX niemal wygin\u0105\u0142 w Europie \u2013 pozostaj\u0105c tylko w najdzikszych ost\u0119pach wschodu i p\u00f3\u0142nocy oraz w izolowanych, chronionych koloniach. W\u015br\u00f3d rybak\u00f3w i cz\u0119\u015bci w\u0119dkarzy budzi najg\u0142\u0119bsz\u0105, atawistyczn\u0105 niech\u0119\u0107. \u0141apany, zabijany, kaleczony i wi\u0105zany do sieci &#8222;na stracha&#8221;. Coraz cz\u0119\u015bciej dzia\u0142ania te podparte s\u0105 pseudonaukowymi oskar\u017ceniami o powodowanie kolosalnych szk\u00f3d w gospodarce rybackiej, nierzadko nawet o prowadzenie do zag\u0142ady dzikich gatunk\u00f3w ryb. Z drugiej strony jest to ptak wyj\u0105tkowy i niezwykle ciekawy dla obserwatora czy badacza.<\/p>\n<p><a href=\"https:\/\/www.milosnicylasu.olsztyn.pl\/wp-content\/uploads\/2025\/02\/PC240028-www.jpg\" data-rel=\"lightbox-image-2\" data-magnific_type=\"image\" data-rl_title=\"\" data-rl_caption=\"\" title=\"\"><img loading=\"lazy\" decoding=\"async\" class=\"size-medium wp-image-9262 alignleft\" src=\"https:\/\/www.milosnicylasu.olsztyn.pl\/wp-content\/uploads\/2025\/02\/PC240028-www-300x225.jpg\" alt=\"\" width=\"300\" height=\"225\" srcset=\"https:\/\/www.milosnicylasu.olsztyn.pl\/wp-content\/uploads\/2025\/02\/PC240028-www-300x225.jpg 300w, https:\/\/www.milosnicylasu.olsztyn.pl\/wp-content\/uploads\/2025\/02\/PC240028-www-768x576.jpg 768w, https:\/\/www.milosnicylasu.olsztyn.pl\/wp-content\/uploads\/2025\/02\/PC240028-www.jpg 1024w\" sizes=\"auto, (max-width: 300px) 100vw, 300px\" \/><\/a><\/p>\n<p>Kormoran to bardzo sprawny i skuteczny drapie\u017cnik, nierzadko poluj\u0105cy stadnie w przemy\u015blany spos\u00f3b i z podzia\u0142em r\u00f3l. Do tego cechuj\u0105cy si\u0119 niesamowit\u0105 fizjologi\u0105, plastyczno\u015bci\u0105 zachowa\u0144 i spo\u0142ecznym charakterem \u017cycia. Pi\u00f3ra kormoran\u00f3w, jako jedynych ptak\u00f3w wodnych, nasi\u0105kaj\u0105 wod\u0105. Jest to pewna niedogodno\u015b\u0107, gdy\u017c cia\u0142o zanurzonego ptaka szybko si\u0119 wych\u0142adza, nasi\u0105kni\u0119te pi\u00f3ra utrudniaj\u0105 wystartowanie z wody, a przede wszystkim zmusza to kormorany do sp\u0119dzania &#8222;czasu wolnego&#8221; poza wod\u0105 (najch\u0119tniej na wyspach i drzewach). Okazuje si\u0119 jednak, \u017ce kormorany tego &#8222;czasu wolnego&#8221; maj\u0105 zaskakuj\u0105co, jak na dzikie zwierz\u0119ta, du\u017co. Dzi\u0119ki namakaniu nie podlegaj\u0105 one prawie wcale sile wyporu, kt\u00f3ra mocno przeszkadza wszystkim innym ptakom wodnym w poruszaniu si\u0119 pod wod\u0105. W efekcie sprawno\u015b\u0107 jako podwodnych drapie\u017cc\u00f3w pozwala im niewiarygodnie szybko zaspokoi\u0107 g\u0142\u00f3d \u2013 \u017cerowanie do\u015bwiadczonego ptaka poza okresem l\u0119gowym zajmuje mu najcz\u0119\u015bciej tylko oko\u0142o godziny w ci\u0105gu dnia. Siedz\u0105c i susz\u0105c skrzyd\u0142a, a nast\u0119pnie \u015bpi\u0105c w bezpiecznym miejscu, nie zu\u017cywa energii, wobec czego wzgl\u0119dne zapotrzebowanie kormoran\u00f3w na pokarm jest o ok. 40 proc. ni\u017csze ni\u017c innych ptasich ichtiofag\u00f3w (z uwzgl\u0119dnieniem r\u00f3\u017cnic w masie cia\u0142a).<\/p>\n<p>Rodzina obejmuje gatunki wodne, zamieszkuj\u0105ce brzegi m\u00f3rz, jezior i rzek wszystkich kontynent\u00f3w.<\/p>\n<p><strong>Cechy charakterystyczne<\/strong><\/p>\n<p>Ptaki te charakteryzuj\u0105 si\u0119 nast\u0119puj\u0105cymi cechami:<\/p>\n<ul>\n<li>d\u0142ugo\u015b\u0107 cia\u0142a 45\u2013100 cm<\/li>\n<li>rozpi\u0119to\u015b\u0107 skrzyde\u0142 80\u2013160 cm<\/li>\n<li>masa 0,9\u20134,9 kg<\/li>\n<li>silnie wyd\u0142u\u017cona sylwetka<\/li>\n<li>d\u0142uga szyja<\/li>\n<li>d\u0142ugi, prosty, haczykowato zako\u0144czony dzi\u00f3b<\/li>\n<li>nogi przesuni\u0119te ku ty\u0142owi<\/li>\n<li>w ubarwieniu dominuj\u0105 ciemne barwy lub czer\u0144, cz\u0119sto z zielon\u0105 albo niebiesk\u0105 opalizacja<\/li>\n<li>barwne t\u0119cz\u00f3wki<\/li>\n<li>barwna sk\u00f3ra n\u00f3g i w okolicy dzioba<\/li>\n<li>doskonali lotnicy<\/li>\n<li>dobrze p\u0142ywaj\u0105 i nurkuj\u0105<\/li>\n<li>upierzenie nie jest wodoodporne \u2013 po nurkowaniu musz\u0105 je wysuszy\u0107<\/li>\n<li>zasadniczo gnie\u017cd\u017c\u0105 si\u0119 kolonijnie<\/li>\n<li>zazwyczaj 2 do 4 jaj w zniesieniu<\/li>\n<li>b\u0142ony mi\u0119dzy palcami<\/li>\n<li>gniazdowniki<\/li>\n<li>mniejsze gatunki kormoran\u00f3w nurkuj\u0105 zwykle na g\u0142\u0119boko\u015bci 5\u201310 m, wi\u0119ksze zazwyczaj do 30 m. Maksymalna odnotowana g\u0142\u0119boko\u015b\u0107, na jak\u0105 nurkowa\u0142 kormoran \u017ca\u0142obny\u00a0 wynosi 145 m.<\/li>\n<\/ul>\n","protected":false},"excerpt":{"rendered":"<p>Kormorany. Czy wszystkie informacje s\u0105 prawdziwe? Zebrane z internetu informacje &#8230;.. no w\u0142a\u015bnie ?\u00a0 Odlatuj\u0105, czy nie ? Mamy od wielu lat &#8222;swojego kormorana&#8221; na rzecze Wad\u0105g. Obserwujemy jak poluje, jak suszy skrzyd\u0142a, jak odpoczywa zawsze w jednym miejscu&#8230;..I nie odlatuje. W czasie sobotniego rajdu 8 lutego widzieli\u015bmy\u00a0 te\u017c dwa kormorany na Jeziorze D\u0142ugim. Wszystkie [&hellip;]<\/p>\n","protected":false},"author":2,"featured_media":0,"comment_status":"open","ping_status":"open","sticky":false,"template":"","format":"standard","meta":{"footnotes":""},"categories":[1,9,17],"tags":[],"class_list":["post-9256","post","type-post","status-publish","format-standard","hentry","category-bez-kategorii","category-ciekawostki","category-edukacja-w-terenie"],"_links":{"self":[{"href":"https:\/\/www.milosnicylasu.olsztyn.pl\/index.php?rest_route=\/wp\/v2\/posts\/9256","targetHints":{"allow":["GET"]}}],"collection":[{"href":"https:\/\/www.milosnicylasu.olsztyn.pl\/index.php?rest_route=\/wp\/v2\/posts"}],"about":[{"href":"https:\/\/www.milosnicylasu.olsztyn.pl\/index.php?rest_route=\/wp\/v2\/types\/post"}],"author":[{"embeddable":true,"href":"https:\/\/www.milosnicylasu.olsztyn.pl\/index.php?rest_route=\/wp\/v2\/users\/2"}],"replies":[{"embeddable":true,"href":"https:\/\/www.milosnicylasu.olsztyn.pl\/index.php?rest_route=%2Fwp%2Fv2%2Fcomments&post=9256"}],"version-history":[{"count":5,"href":"https:\/\/www.milosnicylasu.olsztyn.pl\/index.php?rest_route=\/wp\/v2\/posts\/9256\/revisions"}],"predecessor-version":[{"id":9265,"href":"https:\/\/www.milosnicylasu.olsztyn.pl\/index.php?rest_route=\/wp\/v2\/posts\/9256\/revisions\/9265"}],"wp:attachment":[{"href":"https:\/\/www.milosnicylasu.olsztyn.pl\/index.php?rest_route=%2Fwp%2Fv2%2Fmedia&parent=9256"}],"wp:term":[{"taxonomy":"category","embeddable":true,"href":"https:\/\/www.milosnicylasu.olsztyn.pl\/index.php?rest_route=%2Fwp%2Fv2%2Fcategories&post=9256"},{"taxonomy":"post_tag","embeddable":true,"href":"https:\/\/www.milosnicylasu.olsztyn.pl\/index.php?rest_route=%2Fwp%2Fv2%2Ftags&post=9256"}],"curies":[{"name":"wp","href":"https:\/\/api.w.org\/{rel}","templated":true}]}}