{"id":9274,"date":"2025-02-25T19:51:01","date_gmt":"2025-02-25T18:51:01","guid":{"rendered":"https:\/\/www.milosnicylasu.olsztyn.pl\/?p=9274"},"modified":"2025-02-25T19:51:01","modified_gmt":"2025-02-25T18:51:01","slug":"strzelanie-laczy-pokolenia","status":"publish","type":"post","link":"https:\/\/www.milosnicylasu.olsztyn.pl\/?p=9274","title":{"rendered":"Strzelanie \u0142\u0105czy pokolenia"},"content":{"rendered":"<p><a href=\"https:\/\/www.milosnicylasu.olsztyn.pl\/wp-content\/uploads\/2025\/02\/DSCN7699-www.jpg\" data-rel=\"lightbox-image-0\" data-magnific_type=\"image\" data-rl_title=\"\" data-rl_caption=\"\" title=\"\"><img loading=\"lazy\" decoding=\"async\" class=\"size-medium wp-image-9275 alignleft\" src=\"https:\/\/www.milosnicylasu.olsztyn.pl\/wp-content\/uploads\/2025\/02\/DSCN7699-www-300x225.jpg\" alt=\"\" width=\"300\" height=\"225\" srcset=\"https:\/\/www.milosnicylasu.olsztyn.pl\/wp-content\/uploads\/2025\/02\/DSCN7699-www-300x225.jpg 300w, https:\/\/www.milosnicylasu.olsztyn.pl\/wp-content\/uploads\/2025\/02\/DSCN7699-www-768x576.jpg 768w, https:\/\/www.milosnicylasu.olsztyn.pl\/wp-content\/uploads\/2025\/02\/DSCN7699-www.jpg 1024w\" sizes=\"auto, (max-width: 300px) 100vw, 300px\" \/><\/a>15 lutego 2025 roku odby\u0142o si\u0119 kolejne strzelanie na strzelnicy LOK w Olsztynie. Tym razem by\u0142 to trening strzelecki. Dobrym pomys\u0142em by\u0142o ustalenie nowego dnia na tego typu zaj\u0119cia. W tym roku strzelamy w soboty. Dzi\u0119ki temu w zaj\u0119ciach mog\u0105 wzi\u0105\u0107 udzia\u0142 cz\u0142onkowie rodzin &#8211; dzieci, wnuki. A wi\u0119c &#8222;strzelanie \u0142\u0105czy pokolenia&#8221;. Fajnie, ze mo\u017cna realizowa\u0107 wsp\u00f3lne pasje &#8211; realizowa\u0107 i rywalizowa\u0107.<a href=\"https:\/\/www.milosnicylasu.olsztyn.pl\/wp-content\/uploads\/2025\/02\/DSCN7702-www.jpg\" data-rel=\"lightbox-image-1\" data-magnific_type=\"image\" data-rl_title=\"\" data-rl_caption=\"\" title=\"\"><img loading=\"lazy\" decoding=\"async\" class=\"size-medium wp-image-9276 alignright\" src=\"https:\/\/www.milosnicylasu.olsztyn.pl\/wp-content\/uploads\/2025\/02\/DSCN7702-www-300x225.jpg\" alt=\"\" width=\"300\" height=\"225\" srcset=\"https:\/\/www.milosnicylasu.olsztyn.pl\/wp-content\/uploads\/2025\/02\/DSCN7702-www-300x225.jpg 300w, https:\/\/www.milosnicylasu.olsztyn.pl\/wp-content\/uploads\/2025\/02\/DSCN7702-www-768x576.jpg 768w, https:\/\/www.milosnicylasu.olsztyn.pl\/wp-content\/uploads\/2025\/02\/DSCN7702-www.jpg 1024w\" sizes=\"auto, (max-width: 300px) 100vw, 300px\" \/><\/a><\/p>\n","protected":false},"excerpt":{"rendered":"<p>15 lutego 2025 roku odby\u0142o si\u0119 kolejne strzelanie na strzelnicy LOK w Olsztynie. Tym razem by\u0142 to trening strzelecki. Dobrym pomys\u0142em by\u0142o ustalenie nowego dnia na tego typu zaj\u0119cia. W tym roku strzelamy w soboty. Dzi\u0119ki temu w zaj\u0119ciach mog\u0105 wzi\u0105\u0107 udzia\u0142 cz\u0142onkowie rodzin &#8211; dzieci, wnuki. A wi\u0119c &#8222;strzelanie \u0142\u0105czy pokolenia&#8221;. Fajnie, ze mo\u017cna [&hellip;]<\/p>\n","protected":false},"author":2,"featured_media":0,"comment_status":"open","ping_status":"open","sticky":false,"template":"","format":"standard","meta":{"footnotes":""},"categories":[1,9,17,19,8],"tags":[],"class_list":["post-9274","post","type-post","status-publish","format-standard","hentry","category-bez-kategorii","category-ciekawostki","category-edukacja-w-terenie","category-nasze-zdjecia","category-zawody-strzeleckie"],"_links":{"self":[{"href":"https:\/\/www.milosnicylasu.olsztyn.pl\/index.php?rest_route=\/wp\/v2\/posts\/9274","targetHints":{"allow":["GET"]}}],"collection":[{"href":"https:\/\/www.milosnicylasu.olsztyn.pl\/index.php?rest_route=\/wp\/v2\/posts"}],"about":[{"href":"https:\/\/www.milosnicylasu.olsztyn.pl\/index.php?rest_route=\/wp\/v2\/types\/post"}],"author":[{"embeddable":true,"href":"https:\/\/www.milosnicylasu.olsztyn.pl\/index.php?rest_route=\/wp\/v2\/users\/2"}],"replies":[{"embeddable":true,"href":"https:\/\/www.milosnicylasu.olsztyn.pl\/index.php?rest_route=%2Fwp%2Fv2%2Fcomments&post=9274"}],"version-history":[{"count":1,"href":"https:\/\/www.milosnicylasu.olsztyn.pl\/index.php?rest_route=\/wp\/v2\/posts\/9274\/revisions"}],"predecessor-version":[{"id":9277,"href":"https:\/\/www.milosnicylasu.olsztyn.pl\/index.php?rest_route=\/wp\/v2\/posts\/9274\/revisions\/9277"}],"wp:attachment":[{"href":"https:\/\/www.milosnicylasu.olsztyn.pl\/index.php?rest_route=%2Fwp%2Fv2%2Fmedia&parent=9274"}],"wp:term":[{"taxonomy":"category","embeddable":true,"href":"https:\/\/www.milosnicylasu.olsztyn.pl\/index.php?rest_route=%2Fwp%2Fv2%2Fcategories&post=9274"},{"taxonomy":"post_tag","embeddable":true,"href":"https:\/\/www.milosnicylasu.olsztyn.pl\/index.php?rest_route=%2Fwp%2Fv2%2Ftags&post=9274"}],"curies":[{"name":"wp","href":"https:\/\/api.w.org\/{rel}","templated":true}]}}