{"id":9295,"date":"2025-02-28T10:26:50","date_gmt":"2025-02-28T09:26:50","guid":{"rendered":"https:\/\/www.milosnicylasu.olsztyn.pl\/?p=9295"},"modified":"2025-02-28T21:22:26","modified_gmt":"2025-02-28T20:22:26","slug":"podziekowanie-dla-nadlesniczego","status":"publish","type":"post","link":"https:\/\/www.milosnicylasu.olsztyn.pl\/?p=9295","title":{"rendered":"Podzi\u0119kowanie dla Nadle\u015bniczego"},"content":{"rendered":"<p><a href=\"https:\/\/www.milosnicylasu.olsztyn.pl\/wp-content\/uploads\/2025\/02\/IMG_20250225_102049.jpg\" data-rel=\"lightbox-image-0\" data-magnific_type=\"image\" data-rl_title=\"\" data-rl_caption=\"\" title=\"\"><img loading=\"lazy\" decoding=\"async\" class=\"size-medium wp-image-9299 alignleft\" src=\"https:\/\/www.milosnicylasu.olsztyn.pl\/wp-content\/uploads\/2025\/02\/IMG_20250225_102049-300x225.jpg\" alt=\"\" width=\"300\" height=\"225\" srcset=\"https:\/\/www.milosnicylasu.olsztyn.pl\/wp-content\/uploads\/2025\/02\/IMG_20250225_102049-300x225.jpg 300w, https:\/\/www.milosnicylasu.olsztyn.pl\/wp-content\/uploads\/2025\/02\/IMG_20250225_102049-768x576.jpg 768w, https:\/\/www.milosnicylasu.olsztyn.pl\/wp-content\/uploads\/2025\/02\/IMG_20250225_102049.jpg 1024w\" sizes=\"auto, (max-width: 300px) 100vw, 300px\" \/><\/a><\/p>\n<p>Prezes Ligi Obrony Kraju na podstawie Uchwa\u0142y Rady Krajowej LOK wyr\u00f3\u017cni\u0142 Pana Marka Dzie\u017cyka nadle\u015bniczego Nadle\u015bnictwa\u00a0 Myszyniec Medalem 80-lecia Ligi Obrony Kraju \u201eZa Zas\u0142ugi\u201d.<\/p>\n<p>25 lutego 2025 roku w Nadle\u015bnictwie odby\u0142o si\u0119 spotkanie,\u00a0 w czasie kt\u00f3rego Prezes Ko\u0142a Mi\u0142o\u015bnik\u00f3w Lasu i Militari\u00f3w LOK przy ATW w\u00a0 Olsztynie Anatol Leszczy\u0144ski wr\u0119czy\u0142 odznaczenie Panu Nadle\u015bniczemu.<\/p>\n<p>Podczas spotkania by\u0142a okazja do podzi\u0119kowania w imieniu cz\u0142onk\u00f3w Naszej spo\u0142eczno\u015bci, za dotychczasow\u0105 wsp\u00f3\u0142prac\u0119, wspieranie w realizacji zamierze\u0144.<\/p>\n","protected":false},"excerpt":{"rendered":"<p>Prezes Ligi Obrony Kraju na podstawie Uchwa\u0142y Rady Krajowej LOK wyr\u00f3\u017cni\u0142 Pana Marka Dzie\u017cyka nadle\u015bniczego Nadle\u015bnictwa\u00a0 Myszyniec Medalem 80-lecia Ligi Obrony Kraju \u201eZa Zas\u0142ugi\u201d. 25 lutego 2025 roku w Nadle\u015bnictwie odby\u0142o si\u0119 spotkanie,\u00a0 w czasie kt\u00f3rego Prezes Ko\u0142a Mi\u0142o\u015bnik\u00f3w Lasu i Militari\u00f3w LOK przy ATW w\u00a0 Olsztynie Anatol Leszczy\u0144ski wr\u0119czy\u0142 odznaczenie Panu Nadle\u015bniczemu. Podczas spotkania [&hellip;]<\/p>\n","protected":false},"author":2,"featured_media":0,"comment_status":"open","ping_status":"open","sticky":false,"template":"","format":"standard","meta":{"footnotes":""},"categories":[1,17,6],"tags":[],"class_list":["post-9295","post","type-post","status-publish","format-standard","hentry","category-bez-kategorii","category-edukacja-w-terenie","category-odznaczenia"],"_links":{"self":[{"href":"https:\/\/www.milosnicylasu.olsztyn.pl\/index.php?rest_route=\/wp\/v2\/posts\/9295","targetHints":{"allow":["GET"]}}],"collection":[{"href":"https:\/\/www.milosnicylasu.olsztyn.pl\/index.php?rest_route=\/wp\/v2\/posts"}],"about":[{"href":"https:\/\/www.milosnicylasu.olsztyn.pl\/index.php?rest_route=\/wp\/v2\/types\/post"}],"author":[{"embeddable":true,"href":"https:\/\/www.milosnicylasu.olsztyn.pl\/index.php?rest_route=\/wp\/v2\/users\/2"}],"replies":[{"embeddable":true,"href":"https:\/\/www.milosnicylasu.olsztyn.pl\/index.php?rest_route=%2Fwp%2Fv2%2Fcomments&post=9295"}],"version-history":[{"count":5,"href":"https:\/\/www.milosnicylasu.olsztyn.pl\/index.php?rest_route=\/wp\/v2\/posts\/9295\/revisions"}],"predecessor-version":[{"id":9301,"href":"https:\/\/www.milosnicylasu.olsztyn.pl\/index.php?rest_route=\/wp\/v2\/posts\/9295\/revisions\/9301"}],"wp:attachment":[{"href":"https:\/\/www.milosnicylasu.olsztyn.pl\/index.php?rest_route=%2Fwp%2Fv2%2Fmedia&parent=9295"}],"wp:term":[{"taxonomy":"category","embeddable":true,"href":"https:\/\/www.milosnicylasu.olsztyn.pl\/index.php?rest_route=%2Fwp%2Fv2%2Fcategories&post=9295"},{"taxonomy":"post_tag","embeddable":true,"href":"https:\/\/www.milosnicylasu.olsztyn.pl\/index.php?rest_route=%2Fwp%2Fv2%2Ftags&post=9295"}],"curies":[{"name":"wp","href":"https:\/\/api.w.org\/{rel}","templated":true}]}}