{"id":9303,"date":"2025-03-10T09:24:26","date_gmt":"2025-03-10T08:24:26","guid":{"rendered":"https:\/\/www.milosnicylasu.olsztyn.pl\/?p=9303"},"modified":"2025-03-10T09:37:45","modified_gmt":"2025-03-10T08:37:45","slug":"nowe-rezerwaty-na-100-lecie-lasow-panstwowych","status":"publish","type":"post","link":"https:\/\/www.milosnicylasu.olsztyn.pl\/?p=9303","title":{"rendered":"Nowe rezerwaty na 100-lecie Las\u00f3w Pa\u0144stwowych"},"content":{"rendered":"<p><a href=\"https:\/\/www.milosnicylasu.olsztyn.pl\/wp-content\/uploads\/2025\/03\/DSCN7711-www.jpg\" data-rel=\"lightbox-image-0\" data-magnific_type=\"image\" data-rl_title=\"\" data-rl_caption=\"\" title=\"\"><img loading=\"lazy\" decoding=\"async\" class=\"size-medium wp-image-9304 alignleft\" src=\"https:\/\/www.milosnicylasu.olsztyn.pl\/wp-content\/uploads\/2025\/03\/DSCN7711-www-300x225.jpg\" alt=\"\" width=\"300\" height=\"225\" srcset=\"https:\/\/www.milosnicylasu.olsztyn.pl\/wp-content\/uploads\/2025\/03\/DSCN7711-www-300x225.jpg 300w, https:\/\/www.milosnicylasu.olsztyn.pl\/wp-content\/uploads\/2025\/03\/DSCN7711-www-1024x768.jpg 1024w, https:\/\/www.milosnicylasu.olsztyn.pl\/wp-content\/uploads\/2025\/03\/DSCN7711-www-768x576.jpg 768w, https:\/\/www.milosnicylasu.olsztyn.pl\/wp-content\/uploads\/2025\/03\/DSCN7711-www-1536x1152.jpg 1536w, https:\/\/www.milosnicylasu.olsztyn.pl\/wp-content\/uploads\/2025\/03\/DSCN7711-www.jpg 1600w\" sizes=\"auto, (max-width: 300px) 100vw, 300px\" \/><\/a>Jak zwykle w pierwszy czwartek miesi\u0105ca cz\u0142onkowie Ko\u0142a Mi\u0142o\u015bnik\u00f3w Lasu i Militari\u00f3w LOK przy ATW w Olsztynie spotkali si\u0119 6 marca 2025 roku w Regionalnej Dyrekcji Las\u00f3w Pa\u0144stwowych na zebraniu, w czasie kt\u00f3rego Pani Aleksandra Krzyszto\u0144-Rzodkiewicz przybli\u017cy\u0142a nam\u00a0 temat &#8222;Nowe rezerwaty przyrody na Warmii i Mazurach&#8221;.<\/p>\n<p>Na 100-lecie swojego istnienia Lasy Pa\u0144stwowe og\u0142osi\u0142y inicjatyw\u0119 utworzenia lub powi\u0119kszenia 100 rezerwat\u00f3w przyrody na terenie ca\u0142ego kraju. W wojew\u00f3dztwie warmi\u0144sko-mazurskim Regionalna Dyrekcja Las\u00f3w Pa\u0144stwowych w Bia\u0142ymstoku oraz Regionalna Dyrekcja Las\u00f3w Pa\u0144stwowych w Olsztynie zaproponowa\u0142y wyznaczenie nowych\u00a0 rezerwat\u00f3w.<\/p>\n<p>Nowo powo\u0142ane rezerwaty przyrody obejmuj\u0105 obszar 1136,92 ha, w\u015br\u00f3d nich najwi\u0119kszy \u2013 <strong>torfowiskowy rezerwat Bagno Minta<\/strong> o powierzchni 491,09 ha, po\u0142o\u017cony w gminie Budry, na terenach zarz\u0105dzanych przez RDLP w Bia\u0142ymstoku, Nadle\u015bnictwo Czerwony Dw\u00f3r. Rezerwat zosta\u0142 powo\u0142any w celu zachowania kompleksu ekosystem\u00f3w torfowiskowych, le\u015bnych i wodnych oraz zwi\u0105zanych z nimi naturalnych zbiorowisk ro\u015blinno\u015bci torfowiskowej i stanowisk cennych gatunk\u00f3w zwierz\u0105t i ro\u015blin, w szczeg\u00f3lno\u015bci licznej populacji haczykowca b\u0142yszcz\u0105cego <em>Hamatocaulis vernicosus<\/em>.<\/p>\n<p>Na terenach le\u015bnych zarz\u0105dzanych przez RDLP w Bia\u0142ymstoku ustanowiono tak\u017ce:<\/p>\n<ul>\n<li><strong>torfowiskowy rezerwat przyrody Rysie Bagno<\/strong> o pow. 204,85 ha, po\u0142o\u017cony w gminie Banie Mazurskie, na terenach zarz\u0105dzanych przez Nadle\u015bnictwo Czerwony Dw\u00f3r.<\/li>\n<li>\u00a0<strong>le\u015bny rezerwat Mokra G\u00f3ra<\/strong> o pow. 60,08 ha, po\u0142o\u017cony w gminie Kruklanki, na terenach zarz\u0105dzanych przez Nadle\u015bnictwo Borki. Rezerwat powo\u0142ano w celu zachowania fragment\u00f3w gr\u0105du<\/li>\n<\/ul>\n<p>W zasi\u0119gu terytorialnym RDLP w Olsztynie wyznaczono:<\/p>\n<ul>\n<li><strong>torfowiskowy rezerwat Bagno Krzywek<\/strong> o pow. 74,68 ha, po\u0142o\u017cony w gminach Olsztynek i Nidzica, na terenach zarz\u0105dzanych przez Nadle\u015bnictwo Jedwabno.<\/li>\n<li><strong>le\u015bny rezerwat Dolina G\u00f3rnej Szel\u0105\u017cnicy<\/strong> o pow. 121,61 ha, po\u0142o\u017cony w gminach Ostr\u00f3da i Gietrzwa\u0142d, na terenach zarz\u0105dzanych przez Nadle\u015bnictwo Stare Jab\u0142onki.<\/li>\n<li><strong>le\u015bny rezerwat Las Krawno<\/strong> o pow. 35,48 ha, po\u0142o\u017cony w gminie \u015awi\u0119tajno, na terenach zarz\u0105dzanych przez Nadle\u015bnictwo Strza\u0142owo<\/li>\n<li><strong>torfowiskowy rezerwat \u0141ajskie Bagna<\/strong> o pow. 37,74 ha, po\u0142o\u017cony w gminie Jedwabno, na terenach zarz\u0105dzanych przez Nadle\u015bnictwo Jedwabno<\/li>\n<li><strong>torfowiskowy rezerwat Torfowiska nad jeziorem Zdru\u017cno<\/strong> o pow. 60,75 ha, po\u0142o\u017cony w gminie Piecki, na terenach zarz\u0105dzanych przez Nadle\u015bnictwo Strza\u0142owo.<\/li>\n<li>\u00a0<strong>torfowiskowy rezerwat Uroczysko Korea<\/strong> o pow. 50,64 ha, po\u0142o\u017cony w gminie Jedwabno, na terenach zarz\u0105dzanych przez Nadle\u015bnictwo Szczytno.<\/li>\n<\/ul>\n<p><em>B\u0119d\u0105 te\u017c nowe rezerwaty &#8211; Nie zwalniamy tempa i ju\u017c pracujemy nad ustanowieniem kolejnych rezerwat\u00f3w przyrody<\/em> \u2013 doda\u0142a pani Aleksandra. Rezerwaty przyrody obejmuj\u0105 obszary zachowane w stanie naturalnym lub ma\u0142o zmienionym, ekosystemy, ostoje i siedliska przyrodnicze, a tak\u017ce siedliska ro\u015blin, siedliska zwierz\u0105t i siedliska grzyb\u00f3w oraz twory i sk\u0142adniki przyrody nieo\u017cywionej, kt\u00f3re wyr\u00f3\u017cniaj\u0105 si\u0119 szczeg\u00f3lnymi warto\u015bciami przyrodniczymi, naukowymi, kulturowymi lub walorami krajobrazowymi.<\/p>\n<p>W wojew\u00f3dztwie warmi\u0144sko-mazurskim ustanowiono, wraz z dziewi\u0119cioma nowo powo\u0142anymi, \u0142\u0105cznie 121 rezerwat\u00f3w przyrody.<\/p>\n<p>Serdecznie dzi\u0119kujemy Pani Aleksandrze za spotkanie, za ciekawy wyk\u0142ad. Czekamy na dalsze\u00a0 obiecane wyk\u0142ady.<\/p>\n","protected":false},"excerpt":{"rendered":"<p>Jak zwykle w pierwszy czwartek miesi\u0105ca cz\u0142onkowie Ko\u0142a Mi\u0142o\u015bnik\u00f3w Lasu i Militari\u00f3w LOK przy ATW w Olsztynie spotkali si\u0119 6 marca 2025 roku w Regionalnej Dyrekcji Las\u00f3w Pa\u0144stwowych na zebraniu, w czasie kt\u00f3rego Pani Aleksandra Krzyszto\u0144-Rzodkiewicz przybli\u017cy\u0142a nam\u00a0 temat &#8222;Nowe rezerwaty przyrody na Warmii i Mazurach&#8221;. Na 100-lecie swojego istnienia Lasy Pa\u0144stwowe og\u0142osi\u0142y inicjatyw\u0119 utworzenia [&hellip;]<\/p>\n","protected":false},"author":2,"featured_media":0,"comment_status":"open","ping_status":"open","sticky":false,"template":"","format":"standard","meta":{"footnotes":""},"categories":[9,17,3],"tags":[],"class_list":["post-9303","post","type-post","status-publish","format-standard","hentry","category-ciekawostki","category-edukacja-w-terenie","category-zebrania"],"_links":{"self":[{"href":"https:\/\/www.milosnicylasu.olsztyn.pl\/index.php?rest_route=\/wp\/v2\/posts\/9303","targetHints":{"allow":["GET"]}}],"collection":[{"href":"https:\/\/www.milosnicylasu.olsztyn.pl\/index.php?rest_route=\/wp\/v2\/posts"}],"about":[{"href":"https:\/\/www.milosnicylasu.olsztyn.pl\/index.php?rest_route=\/wp\/v2\/types\/post"}],"author":[{"embeddable":true,"href":"https:\/\/www.milosnicylasu.olsztyn.pl\/index.php?rest_route=\/wp\/v2\/users\/2"}],"replies":[{"embeddable":true,"href":"https:\/\/www.milosnicylasu.olsztyn.pl\/index.php?rest_route=%2Fwp%2Fv2%2Fcomments&post=9303"}],"version-history":[{"count":1,"href":"https:\/\/www.milosnicylasu.olsztyn.pl\/index.php?rest_route=\/wp\/v2\/posts\/9303\/revisions"}],"predecessor-version":[{"id":9305,"href":"https:\/\/www.milosnicylasu.olsztyn.pl\/index.php?rest_route=\/wp\/v2\/posts\/9303\/revisions\/9305"}],"wp:attachment":[{"href":"https:\/\/www.milosnicylasu.olsztyn.pl\/index.php?rest_route=%2Fwp%2Fv2%2Fmedia&parent=9303"}],"wp:term":[{"taxonomy":"category","embeddable":true,"href":"https:\/\/www.milosnicylasu.olsztyn.pl\/index.php?rest_route=%2Fwp%2Fv2%2Fcategories&post=9303"},{"taxonomy":"post_tag","embeddable":true,"href":"https:\/\/www.milosnicylasu.olsztyn.pl\/index.php?rest_route=%2Fwp%2Fv2%2Ftags&post=9303"}],"curies":[{"name":"wp","href":"https:\/\/api.w.org\/{rel}","templated":true}]}}