{"id":9307,"date":"2025-03-10T10:12:05","date_gmt":"2025-03-10T09:12:05","guid":{"rendered":"https:\/\/www.milosnicylasu.olsztyn.pl\/?p=9307"},"modified":"2025-03-10T10:18:39","modified_gmt":"2025-03-10T09:18:39","slug":"dzien-kobiet-w-kole-milosnikow-lasu-i-militariow-lok-w-olsztynie","status":"publish","type":"post","link":"https:\/\/www.milosnicylasu.olsztyn.pl\/?p=9307","title":{"rendered":"Dzie\u0144 Kobiet w Kole Mi\u0142o\u015bnik\u00f3w Lasu i Militari\u00f3w LOK w Olsztynie"},"content":{"rendered":"<p>8 marca 2025 roku spotkali\u015bmy si\u0119 w Le\u015bnictwie Stary Dw\u00f3r Nadle\u015bnictwa Kudypy, aby uczci\u0107 \u015awi\u0119to Kobiet. Mi\u0142ym akcentem naszego spotkania by\u0142o wyst\u0105pienie naszego Kolegi Benka Kuckiego, kt\u00f3ry z tej okazji\u00a0 zaprezentowa\u0142 swoje wiersze.<\/p>\n<p><strong><a href=\"https:\/\/www.milosnicylasu.olsztyn.pl\/wp-content\/uploads\/2024\/03\/DSCN7180-www.jpg\" data-rel=\"lightbox-image-0\" data-magnific_type=\"image\" data-rl_title=\"\" data-rl_caption=\"\" title=\"\"><img loading=\"lazy\" decoding=\"async\" class=\"size-medium wp-image-8672 alignleft\" src=\"https:\/\/www.milosnicylasu.olsztyn.pl\/wp-content\/uploads\/2024\/03\/DSCN7180-www-300x225.jpg\" alt=\"\" width=\"300\" height=\"225\" srcset=\"https:\/\/www.milosnicylasu.olsztyn.pl\/wp-content\/uploads\/2024\/03\/DSCN7180-www-300x225.jpg 300w, https:\/\/www.milosnicylasu.olsztyn.pl\/wp-content\/uploads\/2024\/03\/DSCN7180-www-768x576.jpg 768w, https:\/\/www.milosnicylasu.olsztyn.pl\/wp-content\/uploads\/2024\/03\/DSCN7180-www.jpg 1024w\" sizes=\"auto, (max-width: 300px) 100vw, 300px\" \/><\/a>\u00a0\u00a0\u00a0 \u015awi\u0119to Kobiet<\/strong><\/p>\n<p>Czekali\u015bmy roczek ca\u0142y,<\/p>\n<p>Aby mie\u0107 ten dzie\u0144 wspania\u0142y;<\/p>\n<p>\u015awi\u0119to Kobiet dzisiaj mamy,<\/p>\n<p>Wi\u0119c \u017byczenia Wam sk\u0142adamy.<\/p>\n<p>Miejcie:<\/p>\n<p>Zdrowie zawsze ca\u0142kowite,<\/p>\n<p>Wci\u0105\u017c humory znakomite.<\/p>\n<p>Wygl\u0105dacie nam wspaniale.<\/p>\n<p>B\u0105d\u017acie \u015blicznie doskonale.<\/p>\n<p><a href=\"https:\/\/www.milosnicylasu.olsztyn.pl\/wp-content\/uploads\/2024\/02\/P2180204-www.jpg\" data-rel=\"lightbox-image-1\" data-magnific_type=\"image\" data-rl_title=\"\" data-rl_caption=\"\" title=\"\"><img loading=\"lazy\" decoding=\"async\" class=\"size-medium wp-image-8596\" src=\"https:\/\/www.milosnicylasu.olsztyn.pl\/wp-content\/uploads\/2024\/02\/P2180204-www-300x225.jpg\" alt=\"\" width=\"300\" height=\"225\" srcset=\"https:\/\/www.milosnicylasu.olsztyn.pl\/wp-content\/uploads\/2024\/02\/P2180204-www-300x225.jpg 300w, https:\/\/www.milosnicylasu.olsztyn.pl\/wp-content\/uploads\/2024\/02\/P2180204-www-768x576.jpg 768w, https:\/\/www.milosnicylasu.olsztyn.pl\/wp-content\/uploads\/2024\/02\/P2180204-www.jpg 1024w\" sizes=\"auto, (max-width: 300px) 100vw, 300px\" \/><\/a><\/p>\n<p>By\u015bcie:<\/p>\n<p>Marzenia mia\u0142y spe\u0142niane,<\/p>\n<p>Przez nas by\u0142y wci\u0105\u017c kochane,<\/p>\n<p>Humor mia\u0142y przez rok ca\u0142y.<\/p>\n<p>Ch\u0119tnie ch\u0142opc\u00f3w spotyka\u0142y.<\/p>\n<p><a href=\"https:\/\/www.milosnicylasu.olsztyn.pl\/wp-content\/uploads\/2025\/03\/P3080013-www.jpg\" data-rel=\"lightbox-image-2\" data-magnific_type=\"image\" data-rl_title=\"\" data-rl_caption=\"\" title=\"\"><img loading=\"lazy\" decoding=\"async\" class=\"size-medium wp-image-9309\" src=\"https:\/\/www.milosnicylasu.olsztyn.pl\/wp-content\/uploads\/2025\/03\/P3080013-www-300x225.jpg\" alt=\"\" width=\"300\" height=\"225\" srcset=\"https:\/\/www.milosnicylasu.olsztyn.pl\/wp-content\/uploads\/2025\/03\/P3080013-www-300x225.jpg 300w, https:\/\/www.milosnicylasu.olsztyn.pl\/wp-content\/uploads\/2025\/03\/P3080013-www-768x576.jpg 768w, https:\/\/www.milosnicylasu.olsztyn.pl\/wp-content\/uploads\/2025\/03\/P3080013-www.jpg 1024w\" sizes=\"auto, (max-width: 300px) 100vw, 300px\" \/><\/a><\/p>\n<p>Chciejcie:<\/p>\n<p>Wszystkie Panie bez wyj\u0105tku,<\/p>\n<p>Od soboty a\u017c do pi\u0105tku<\/p>\n<p>Sprawno\u015b\u0107 swoj\u0105 utrzymywa\u0107,<\/p>\n<p>Mo\u017cliwo\u015bci swe odkrywa\u0107.<\/p>\n<p>Oraz \u017cyczmy:<\/p>\n<p>Szcz\u0119\u015bcia wielkiego, sta\u0142ego,<\/p>\n<p>Pi\u0119knej mi\u0142o\u015bci do tego.<\/p>\n<p><em>_________________________<\/em><\/p>\n<p><a href=\"https:\/\/www.milosnicylasu.olsztyn.pl\/wp-content\/uploads\/2025\/03\/P3080008-www.jpg\" data-rel=\"lightbox-image-3\" data-magnific_type=\"image\" data-rl_title=\"\" data-rl_caption=\"\" title=\"\"><img loading=\"lazy\" decoding=\"async\" class=\"size-medium wp-image-9311 alignright\" src=\"https:\/\/www.milosnicylasu.olsztyn.pl\/wp-content\/uploads\/2025\/03\/P3080008-www-300x225.jpg\" alt=\"\" width=\"300\" height=\"225\" srcset=\"https:\/\/www.milosnicylasu.olsztyn.pl\/wp-content\/uploads\/2025\/03\/P3080008-www-300x225.jpg 300w, https:\/\/www.milosnicylasu.olsztyn.pl\/wp-content\/uploads\/2025\/03\/P3080008-www-768x576.jpg 768w, https:\/\/www.milosnicylasu.olsztyn.pl\/wp-content\/uploads\/2025\/03\/P3080008-www.jpg 1024w\" sizes=\"auto, (max-width: 300px) 100vw, 300px\" \/><\/a><\/p>\n<p>W trakcie imprezy prezes Anatol Leszczy\u0144ski z\u0142o\u017cy\u0142 \u017cyczenia z okazji Dnia Kobiet\u00a0 a w ramach prezentu wszyscy uczestnicy rajdu otrzymali mapy Nadle\u015bnictw Myszyniec i Go\u0142dap.\u00a0 Jak zwykle Nasi Koledzy Antoni Jarczyk i J\u00f3zek Gazda zaj\u0119li si\u0119 ogniskiem, na kt\u00f3rym upiekli\u015bmy kie\u0142baski.<\/p>\n<p>&nbsp;<\/p>\n<p>&nbsp;<\/p>\n<p>&nbsp;<\/p>\n<p>&nbsp;<\/p>\n","protected":false},"excerpt":{"rendered":"<p>8 marca 2025 roku spotkali\u015bmy si\u0119 w Le\u015bnictwie Stary Dw\u00f3r Nadle\u015bnictwa Kudypy, aby uczci\u0107 \u015awi\u0119to Kobiet. Mi\u0142ym akcentem naszego spotkania by\u0142o wyst\u0105pienie naszego Kolegi Benka Kuckiego, kt\u00f3ry z tej okazji\u00a0 zaprezentowa\u0142 swoje wiersze. \u00a0\u00a0\u00a0 \u015awi\u0119to Kobiet Czekali\u015bmy roczek ca\u0142y, Aby mie\u0107 ten dzie\u0144 wspania\u0142y; \u015awi\u0119to Kobiet dzisiaj mamy, Wi\u0119c \u017byczenia Wam sk\u0142adamy. Miejcie: Zdrowie zawsze [&hellip;]<\/p>\n","protected":false},"author":2,"featured_media":0,"comment_status":"open","ping_status":"open","sticky":false,"template":"","format":"standard","meta":{"footnotes":""},"categories":[1,9,17,2,7],"tags":[],"class_list":["post-9307","post","type-post","status-publish","format-standard","hentry","category-bez-kategorii","category-ciekawostki","category-edukacja-w-terenie","category-rajdy","category-wiersze"],"_links":{"self":[{"href":"https:\/\/www.milosnicylasu.olsztyn.pl\/index.php?rest_route=\/wp\/v2\/posts\/9307","targetHints":{"allow":["GET"]}}],"collection":[{"href":"https:\/\/www.milosnicylasu.olsztyn.pl\/index.php?rest_route=\/wp\/v2\/posts"}],"about":[{"href":"https:\/\/www.milosnicylasu.olsztyn.pl\/index.php?rest_route=\/wp\/v2\/types\/post"}],"author":[{"embeddable":true,"href":"https:\/\/www.milosnicylasu.olsztyn.pl\/index.php?rest_route=\/wp\/v2\/users\/2"}],"replies":[{"embeddable":true,"href":"https:\/\/www.milosnicylasu.olsztyn.pl\/index.php?rest_route=%2Fwp%2Fv2%2Fcomments&post=9307"}],"version-history":[{"count":4,"href":"https:\/\/www.milosnicylasu.olsztyn.pl\/index.php?rest_route=\/wp\/v2\/posts\/9307\/revisions"}],"predecessor-version":[{"id":9313,"href":"https:\/\/www.milosnicylasu.olsztyn.pl\/index.php?rest_route=\/wp\/v2\/posts\/9307\/revisions\/9313"}],"wp:attachment":[{"href":"https:\/\/www.milosnicylasu.olsztyn.pl\/index.php?rest_route=%2Fwp%2Fv2%2Fmedia&parent=9307"}],"wp:term":[{"taxonomy":"category","embeddable":true,"href":"https:\/\/www.milosnicylasu.olsztyn.pl\/index.php?rest_route=%2Fwp%2Fv2%2Fcategories&post=9307"},{"taxonomy":"post_tag","embeddable":true,"href":"https:\/\/www.milosnicylasu.olsztyn.pl\/index.php?rest_route=%2Fwp%2Fv2%2Ftags&post=9307"}],"curies":[{"name":"wp","href":"https:\/\/api.w.org\/{rel}","templated":true}]}}