{"id":9317,"date":"2025-03-10T13:09:37","date_gmt":"2025-03-10T12:09:37","guid":{"rendered":"https:\/\/www.milosnicylasu.olsztyn.pl\/?p=9317"},"modified":"2025-03-10T13:10:16","modified_gmt":"2025-03-10T12:10:16","slug":"zarty-od-wiesi","status":"publish","type":"post","link":"https:\/\/www.milosnicylasu.olsztyn.pl\/?p=9317","title":{"rendered":"\u017barty od Wiesi"},"content":{"rendered":"<div><a href=\"https:\/\/www.milosnicylasu.olsztyn.pl\/wp-content\/uploads\/2023\/03\/DSCN6231-www.jpg\" data-rel=\"lightbox-image-0\" data-magnific_type=\"image\" data-rl_title=\"\" data-rl_caption=\"\" title=\"\"><img loading=\"lazy\" decoding=\"async\" class=\"size-medium wp-image-7921 alignleft\" src=\"https:\/\/www.milosnicylasu.olsztyn.pl\/wp-content\/uploads\/2023\/03\/DSCN6231-www-300x225.jpg\" alt=\"\" width=\"300\" height=\"225\" srcset=\"https:\/\/www.milosnicylasu.olsztyn.pl\/wp-content\/uploads\/2023\/03\/DSCN6231-www-300x225.jpg 300w, https:\/\/www.milosnicylasu.olsztyn.pl\/wp-content\/uploads\/2023\/03\/DSCN6231-www-768x576.jpg 768w, https:\/\/www.milosnicylasu.olsztyn.pl\/wp-content\/uploads\/2023\/03\/DSCN6231-www.jpg 1024w\" sizes=\"auto, (max-width: 300px) 100vw, 300px\" \/><\/a>Wiesia Filipek przes\u0142a\u0142a \u017carty. Oto one:<\/div>\n<div><span class=\"font\"><span class=\"size\">Czym zajmuje si\u0119 tw\u00f3j tata? \u2013 pyta nauczycielka Tomka.<\/span><\/span><\/div>\n<div><span class=\"font\"><span class=\"size\">\u2013\u00a0Stawia ludzi na nogi.<\/span><\/span><\/div>\n<div><span class=\"font\"><span class=\"size\">\u2013\u00a0O! To znaczy, \u017ce jest lekarzem?<\/span><\/span><\/div>\n<div><span class=\"font\"><span class=\"size\">\u2013\u00a0Nie, naprawia budziki.<\/span><\/span><\/div>\n<div><\/div>\n<div><span class=\"font\"><span class=\"size\">Na wyk\u0142adzie socjologii w\u00a0Berlinie profesor stawia pytanie:<\/span><\/span><\/div>\n<div><span class=\"font\"><span class=\"size\">\u2013\u00a0Czy wiecie, dlaczego 8\u00a0na 10\u00a0kobiet nie chce wychodzi\u0107 za m\u0105\u017c?<\/span><\/span><\/div>\n<div><span class=\"font\"><span class=\"size\">Zg\u0142asza si\u0119 jedna ze studentek:<\/span><\/span><\/div>\n<div><span class=\"font\"><span class=\"size\">\u2013\u00a0Te kobiety dobrze wiedz\u0105, \u017ce aby dosta\u0107 60\u00a0gram\u00f3w kie\u0142basy nie musz\u0105 kupowa\u0107 ca\u0142ej \u015bwini!<\/span><\/span><\/div>\n<div><\/div>\n<div><span class=\"font\"><span class=\"size\">Samo \u017cycie:<\/span><\/span><\/div>\n<div><span class=\"font\"><span class=\"size\">Zosta\u0142am porz\u0105dnie zbesztana przez\u00a0mam\u0119 jakiego\u015b malucha za to, \u017ce w\u00a0og\u00f3le do\u00a0niego zagada\u0142am. Kobieta krzycza\u0142a na mnie, \u017ce nie mam prawa rozmawia\u0107 z\u00a0jej dzieckiem bez jej zgody. Ale co innego mia\u0142am zrobi\u0107, kiedy maluch w\u00a0kolejce do\u00a0kasy zacz\u0105\u0142 liza\u0107 moje buty?<\/span><\/span><\/div>\n<div><\/div>\n","protected":false},"excerpt":{"rendered":"<p>Wiesia Filipek przes\u0142a\u0142a \u017carty. Oto one: Czym zajmuje si\u0119 tw\u00f3j tata? \u2013 pyta nauczycielka Tomka. \u2013\u00a0Stawia ludzi na nogi. \u2013\u00a0O! To znaczy, \u017ce jest lekarzem? \u2013\u00a0Nie, naprawia budziki. Na wyk\u0142adzie socjologii w\u00a0Berlinie profesor stawia pytanie: \u2013\u00a0Czy wiecie, dlaczego 8\u00a0na 10\u00a0kobiet nie chce wychodzi\u0107 za m\u0105\u017c? Zg\u0142asza si\u0119 jedna ze studentek: \u2013\u00a0Te kobiety dobrze wiedz\u0105, \u017ce [&hellip;]<\/p>\n","protected":false},"author":2,"featured_media":0,"comment_status":"open","ping_status":"open","sticky":false,"template":"","format":"standard","meta":{"footnotes":""},"categories":[1],"tags":[],"class_list":["post-9317","post","type-post","status-publish","format-standard","hentry","category-bez-kategorii"],"_links":{"self":[{"href":"https:\/\/www.milosnicylasu.olsztyn.pl\/index.php?rest_route=\/wp\/v2\/posts\/9317","targetHints":{"allow":["GET"]}}],"collection":[{"href":"https:\/\/www.milosnicylasu.olsztyn.pl\/index.php?rest_route=\/wp\/v2\/posts"}],"about":[{"href":"https:\/\/www.milosnicylasu.olsztyn.pl\/index.php?rest_route=\/wp\/v2\/types\/post"}],"author":[{"embeddable":true,"href":"https:\/\/www.milosnicylasu.olsztyn.pl\/index.php?rest_route=\/wp\/v2\/users\/2"}],"replies":[{"embeddable":true,"href":"https:\/\/www.milosnicylasu.olsztyn.pl\/index.php?rest_route=%2Fwp%2Fv2%2Fcomments&post=9317"}],"version-history":[{"count":1,"href":"https:\/\/www.milosnicylasu.olsztyn.pl\/index.php?rest_route=\/wp\/v2\/posts\/9317\/revisions"}],"predecessor-version":[{"id":9318,"href":"https:\/\/www.milosnicylasu.olsztyn.pl\/index.php?rest_route=\/wp\/v2\/posts\/9317\/revisions\/9318"}],"wp:attachment":[{"href":"https:\/\/www.milosnicylasu.olsztyn.pl\/index.php?rest_route=%2Fwp%2Fv2%2Fmedia&parent=9317"}],"wp:term":[{"taxonomy":"category","embeddable":true,"href":"https:\/\/www.milosnicylasu.olsztyn.pl\/index.php?rest_route=%2Fwp%2Fv2%2Fcategories&post=9317"},{"taxonomy":"post_tag","embeddable":true,"href":"https:\/\/www.milosnicylasu.olsztyn.pl\/index.php?rest_route=%2Fwp%2Fv2%2Ftags&post=9317"}],"curies":[{"name":"wp","href":"https:\/\/api.w.org\/{rel}","templated":true}]}}