{"id":9324,"date":"2025-03-19T09:25:04","date_gmt":"2025-03-19T08:25:04","guid":{"rendered":"https:\/\/www.milosnicylasu.olsztyn.pl\/?p=9324"},"modified":"2025-03-19T13:01:36","modified_gmt":"2025-03-19T12:01:36","slug":"sprzatanie-lasu-2","status":"publish","type":"post","link":"https:\/\/www.milosnicylasu.olsztyn.pl\/?p=9324","title":{"rendered":"Sprz\u0105tanie lasu"},"content":{"rendered":"<p><a href=\"https:\/\/www.milosnicylasu.olsztyn.pl\/wp-content\/uploads\/2025\/03\/DSCN7714-www.jpg\" data-rel=\"lightbox-image-0\" data-magnific_type=\"image\" data-rl_title=\"\" data-rl_caption=\"\" title=\"\"><img loading=\"lazy\" decoding=\"async\" class=\"size-medium wp-image-9325 alignleft\" src=\"https:\/\/www.milosnicylasu.olsztyn.pl\/wp-content\/uploads\/2025\/03\/DSCN7714-www-300x225.jpg\" alt=\"\" width=\"300\" height=\"225\" srcset=\"https:\/\/www.milosnicylasu.olsztyn.pl\/wp-content\/uploads\/2025\/03\/DSCN7714-www-300x225.jpg 300w, https:\/\/www.milosnicylasu.olsztyn.pl\/wp-content\/uploads\/2025\/03\/DSCN7714-www-768x576.jpg 768w, https:\/\/www.milosnicylasu.olsztyn.pl\/wp-content\/uploads\/2025\/03\/DSCN7714-www.jpg 1024w\" sizes=\"auto, (max-width: 300px) 100vw, 300px\" \/><\/a>\u00a0 15 marca cz\u0142onkowie Ko\u0142a Mi\u0142o\u015bnik\u00f3w Lasu i Militari\u00f3w LOK przy ATW w Olsztynie, pod kierownictwem Pana Wojciecha D\u0105browskiego le\u015bniczego Le\u015bnictwa Stary Dw\u00f3r , sprz\u0105tali las. Uzbierali\u015bmy 11 work\u00f3w \u015bmieci, w tym opakowania szklane po napojach, puszki po piwie, plastiki&#8230;&#8230; Cieszy, \u017ce w tym roku tych \u015bmieci jest nieco mniej ni\u017c w poprzednich latach.<a href=\"https:\/\/www.milosnicylasu.olsztyn.pl\/wp-content\/uploads\/2025\/03\/DSCN7721-www.jpg\" data-rel=\"lightbox-image-1\" data-magnific_type=\"image\" data-rl_title=\"\" data-rl_caption=\"\" title=\"\"><img loading=\"lazy\" decoding=\"async\" class=\"size-medium wp-image-9326 alignright\" src=\"https:\/\/www.milosnicylasu.olsztyn.pl\/wp-content\/uploads\/2025\/03\/DSCN7721-www-300x225.jpg\" alt=\"\" width=\"300\" height=\"225\" srcset=\"https:\/\/www.milosnicylasu.olsztyn.pl\/wp-content\/uploads\/2025\/03\/DSCN7721-www-300x225.jpg 300w, https:\/\/www.milosnicylasu.olsztyn.pl\/wp-content\/uploads\/2025\/03\/DSCN7721-www-768x576.jpg 768w, https:\/\/www.milosnicylasu.olsztyn.pl\/wp-content\/uploads\/2025\/03\/DSCN7721-www.jpg 1024w\" sizes=\"auto, (max-width: 300px) 100vw, 300px\" \/><\/a><\/p>\n<p>Dzi\u0119kujemy Panu Wojtkowi oraz jego dzieciom Zuzi, Szymonowi i Stasiowi za wsparcie podczas tej kolejnej akcji sprz\u0105tania. <a href=\"https:\/\/www.milosnicylasu.olsztyn.pl\/wp-content\/uploads\/2025\/03\/DSCN7718-www.jpg\" data-rel=\"lightbox-image-2\" data-magnific_type=\"image\" data-rl_title=\"\" data-rl_caption=\"\" title=\"\"><img loading=\"lazy\" decoding=\"async\" class=\"size-medium wp-image-9327 aligncenter\" src=\"https:\/\/www.milosnicylasu.olsztyn.pl\/wp-content\/uploads\/2025\/03\/DSCN7718-www-300x225.jpg\" alt=\"\" width=\"300\" height=\"225\" srcset=\"https:\/\/www.milosnicylasu.olsztyn.pl\/wp-content\/uploads\/2025\/03\/DSCN7718-www-300x225.jpg 300w, https:\/\/www.milosnicylasu.olsztyn.pl\/wp-content\/uploads\/2025\/03\/DSCN7718-www-768x576.jpg 768w, https:\/\/www.milosnicylasu.olsztyn.pl\/wp-content\/uploads\/2025\/03\/DSCN7718-www.jpg 1024w\" sizes=\"auto, (max-width: 300px) 100vw, 300px\" \/><\/a> \u00a0 <a href=\"https:\/\/www.milosnicylasu.olsztyn.pl\/wp-content\/uploads\/2025\/03\/DSCN7725-www.jpg\" data-rel=\"lightbox-image-3\" data-magnific_type=\"image\" data-rl_title=\"\" data-rl_caption=\"\" title=\"\"><img loading=\"lazy\" decoding=\"async\" class=\"size-medium wp-image-9328 alignleft\" src=\"https:\/\/www.milosnicylasu.olsztyn.pl\/wp-content\/uploads\/2025\/03\/DSCN7725-www-300x225.jpg\" alt=\"\" width=\"300\" height=\"225\" srcset=\"https:\/\/www.milosnicylasu.olsztyn.pl\/wp-content\/uploads\/2025\/03\/DSCN7725-www-300x225.jpg 300w, https:\/\/www.milosnicylasu.olsztyn.pl\/wp-content\/uploads\/2025\/03\/DSCN7725-www-768x576.jpg 768w, https:\/\/www.milosnicylasu.olsztyn.pl\/wp-content\/uploads\/2025\/03\/DSCN7725-www.jpg 1024w\" sizes=\"auto, (max-width: 300px) 100vw, 300px\" \/><\/a>Wiosenne niespodzianki !<\/p>\n<p><strong>Wawrzynek wilcze\u0142yko<\/strong> jest krzewem do 150 cm wysoko\u015bci, rzadko wi\u0119kszym. Kwiaty pojawiaj\u0105 si\u0119 przed rozwojem li\u015bci, rozwijaj\u0105 z du\u017cych, odstaj\u0105cych p\u0105czk\u00f3w bocznych. Kwitni\u0119cie rozpoczyna si\u0119 nawet w styczniu, przewa\u017cnie w lutym a\u017c do kwietnia a nawet maja. <strong>W ch\u0142odniejszych regionach (np. w g\u00f3rach) ich rozw\u00f3j nast\u0119puje p\u00f3\u017aniej <\/strong>i jest r\u00f3wnoczesny z rozwojem li\u015bci, kt\u00f3re pojawiaj\u0105 si\u0119 na szczytach p\u0119d\u00f3w.<\/p>\n<p><strong>R\u00f3\u017cowe kwiaty, silnie pachn\u0105ce, przywabiaj\u0105ce zapylaj\u0105ce je owady, <\/strong>osadzone s\u0105 g\u0119sto, zwykle po kilka, w k\u0105tach blizn po zesz\u0142orocznych li\u015bciach. Kwiaty s\u0105 obup\u0142ciowe, bezp\u0142atkowe, z czterema barwnymi dzia\u0142kami okwiatu. <strong>Nektar wydzielany przez kwiaty nale\u017cy do pierwszych po\u017cytk\u00f3w pszczelich.<\/strong><\/p>\n<p><strong>Owocem jest szkar\u0142atnoczerwony kulisty pestkowiec, o \u015brednicy ok. 1 cm. Wcze\u015bnie<\/strong> dojrzewa i szybko opada. <strong>Roznoszony jest przez ptaki.<\/strong><\/p>\n<p><strong>Wawrzynek wilcze\u0142yko<\/strong> wyst\u0119puje w Europie, Azji Mniejszej, zachodniej Syberii i na Kaukazie. Ro\u015bnie w ca\u0142ej Polsce, ale w rozproszeniu. U nas mo\u017cna go spotka\u0107 zwykle w cienistych lasach na \u017cyznych glebach, cz\u0119sto wapiennych, ale \u015bwie\u017cych i ch\u0142odnych. <strong>Bardzo nie lubi gleb suchych i nagrzewaj\u0105cych si\u0119.\u00a0<\/strong><\/p>\n<p><strong>Ca\u0142a ro\u015blina jest silnie truj\u0105ca zw\u0142aszcza owoce.<\/strong> Zjedzenie nawet jednego owocu mo\u017ce si\u0119 okaza\u0107 \u015bmiertelne dla dziecka.<\/p>\n<p><a href=\"https:\/\/www.milosnicylasu.olsztyn.pl\/wp-content\/uploads\/2025\/03\/DSCN7727-www.jpg\" data-rel=\"lightbox-image-4\" data-magnific_type=\"image\" data-rl_title=\"\" data-rl_caption=\"\" title=\"\"><img loading=\"lazy\" decoding=\"async\" class=\"size-medium wp-image-9332 alignright\" src=\"https:\/\/www.milosnicylasu.olsztyn.pl\/wp-content\/uploads\/2025\/03\/DSCN7727-www-300x225.jpg\" alt=\"\" width=\"300\" height=\"225\" srcset=\"https:\/\/www.milosnicylasu.olsztyn.pl\/wp-content\/uploads\/2025\/03\/DSCN7727-www-300x225.jpg 300w, https:\/\/www.milosnicylasu.olsztyn.pl\/wp-content\/uploads\/2025\/03\/DSCN7727-www-768x576.jpg 768w, https:\/\/www.milosnicylasu.olsztyn.pl\/wp-content\/uploads\/2025\/03\/DSCN7727-www.jpg 1024w\" sizes=\"auto, (max-width: 300px) 100vw, 300px\" \/><\/a><strong>Krokus wiosenny nazywany jest r\u00f3wnie\u017c szafranem wiosennym.<\/strong><\/p>\n<p><strong>Kwitnie<\/strong>\u00a0oczywi\u015bcie wiosn\u0105 \u2013 od lutego do kwietnia, dlatego cz\u0119sto przebija si\u0119 przez le\u017c\u0105c\u0105 jeszcze warstw\u0119 \u015bniegu! Ro\u015blina\u00a0jest\u00a0zaliczana do najpi\u0119kniejszych kwiat\u00f3w wiosny. Wi\u0119kszo\u015b\u0107 odmian krokus\u00f3w ma p\u0142atki w r\u00f3\u017cnych odcieniach fioletu, ale wyst\u0119puj\u0105 te\u017c odmiany bia\u0142e, \u017c\u00f3\u0142te oraz wielokolorowe. S\u0105 pachn\u0105ce i\u00a0ch\u0119tnie odwiedzane przez wcze\u015bnie budz\u0105ce si\u0119 z zimowego snu\u00a0pszczo\u0142y.<\/p>\n","protected":false},"excerpt":{"rendered":"<p>\u00a0 15 marca cz\u0142onkowie Ko\u0142a Mi\u0142o\u015bnik\u00f3w Lasu i Militari\u00f3w LOK przy ATW w Olsztynie, pod kierownictwem Pana Wojciecha D\u0105browskiego le\u015bniczego Le\u015bnictwa Stary Dw\u00f3r , sprz\u0105tali las. Uzbierali\u015bmy 11 work\u00f3w \u015bmieci, w tym opakowania szklane po napojach, puszki po piwie, plastiki&#8230;&#8230; Cieszy, \u017ce w tym roku tych \u015bmieci jest nieco mniej ni\u017c w poprzednich latach. Dzi\u0119kujemy [&hellip;]<\/p>\n","protected":false},"author":2,"featured_media":0,"comment_status":"open","ping_status":"open","sticky":false,"template":"","format":"standard","meta":{"footnotes":""},"categories":[1,9,17,2],"tags":[],"class_list":["post-9324","post","type-post","status-publish","format-standard","hentry","category-bez-kategorii","category-ciekawostki","category-edukacja-w-terenie","category-rajdy"],"_links":{"self":[{"href":"https:\/\/www.milosnicylasu.olsztyn.pl\/index.php?rest_route=\/wp\/v2\/posts\/9324","targetHints":{"allow":["GET"]}}],"collection":[{"href":"https:\/\/www.milosnicylasu.olsztyn.pl\/index.php?rest_route=\/wp\/v2\/posts"}],"about":[{"href":"https:\/\/www.milosnicylasu.olsztyn.pl\/index.php?rest_route=\/wp\/v2\/types\/post"}],"author":[{"embeddable":true,"href":"https:\/\/www.milosnicylasu.olsztyn.pl\/index.php?rest_route=\/wp\/v2\/users\/2"}],"replies":[{"embeddable":true,"href":"https:\/\/www.milosnicylasu.olsztyn.pl\/index.php?rest_route=%2Fwp%2Fv2%2Fcomments&post=9324"}],"version-history":[{"count":6,"href":"https:\/\/www.milosnicylasu.olsztyn.pl\/index.php?rest_route=\/wp\/v2\/posts\/9324\/revisions"}],"predecessor-version":[{"id":9335,"href":"https:\/\/www.milosnicylasu.olsztyn.pl\/index.php?rest_route=\/wp\/v2\/posts\/9324\/revisions\/9335"}],"wp:attachment":[{"href":"https:\/\/www.milosnicylasu.olsztyn.pl\/index.php?rest_route=%2Fwp%2Fv2%2Fmedia&parent=9324"}],"wp:term":[{"taxonomy":"category","embeddable":true,"href":"https:\/\/www.milosnicylasu.olsztyn.pl\/index.php?rest_route=%2Fwp%2Fv2%2Fcategories&post=9324"},{"taxonomy":"post_tag","embeddable":true,"href":"https:\/\/www.milosnicylasu.olsztyn.pl\/index.php?rest_route=%2Fwp%2Fv2%2Ftags&post=9324"}],"curies":[{"name":"wp","href":"https:\/\/api.w.org\/{rel}","templated":true}]}}