{"id":9340,"date":"2025-03-25T09:27:11","date_gmt":"2025-03-25T08:27:11","guid":{"rendered":"https:\/\/www.milosnicylasu.olsztyn.pl\/?p=9340"},"modified":"2025-03-25T09:47:31","modified_gmt":"2025-03-25T08:47:31","slug":"opiekun-na-dzialce","status":"publish","type":"post","link":"https:\/\/www.milosnicylasu.olsztyn.pl\/?p=9340","title":{"rendered":"Opiekun na dzia\u0142ce"},"content":{"rendered":"<p><a href=\"https:\/\/www.milosnicylasu.olsztyn.pl\/wp-content\/uploads\/2025\/03\/P3200019-www.jpg\" data-rel=\"lightbox-image-0\" data-magnific_type=\"image\" data-rl_title=\"\" data-rl_caption=\"\" title=\"\"><img loading=\"lazy\" decoding=\"async\" class=\"size-medium wp-image-9342 alignleft\" src=\"https:\/\/www.milosnicylasu.olsztyn.pl\/wp-content\/uploads\/2025\/03\/P3200019-www-300x225.jpg\" alt=\"\" width=\"300\" height=\"225\" srcset=\"https:\/\/www.milosnicylasu.olsztyn.pl\/wp-content\/uploads\/2025\/03\/P3200019-www-300x225.jpg 300w, https:\/\/www.milosnicylasu.olsztyn.pl\/wp-content\/uploads\/2025\/03\/P3200019-www-768x576.jpg 768w, https:\/\/www.milosnicylasu.olsztyn.pl\/wp-content\/uploads\/2025\/03\/P3200019-www.jpg 1024w\" sizes=\"auto, (max-width: 300px) 100vw, 300px\" \/><\/a><\/p>\n<p><strong>Dzi\u0119cio\u0142 du\u017cy (<em>Dendrocopos major<\/em>)<\/strong><\/p>\n<p>Przez wiele lat obserwowali\u015bmy dzi\u0119cio\u0142y nad rzek\u0105 Wad\u0105g. Najcz\u0119\u015bciej jednak mo\u017cna by\u0142o pos\u0142ucha\u0107 jak stukaj\u0105. Ka\u017cdego roku zim\u0105 dokarmiamy ptaki. przylatuj\u0105 sikorki, inne ptaszki.W tym roku mamy nowego sto\u0142ownika &#8211; dzi\u0119cio\u0142a du\u017cego.<\/p>\n<p>W wielu kulturach dzi\u0119cio\u0142, uznawany by\u0142 za <strong>ptaka opieku\u0144czego i przynosz\u0105cego szcz\u0119\u015bcie<\/strong>. <strong>A wi\u0119c mamy opiekuna i czekamy na wielkie szcz\u0119\u015bcie.<\/strong><\/p>\n<p>Dzi\u0119cio\u0142y cenione by\u0142y r\u00f3wnie\u017c za wr\u00f3\u017cenie i przepowiadanie pogody.<\/p>\n<p>W staro\u017cytnym Rzymie dzi\u0119cio\u0142 by\u0142 ptakiem boga Marsa. Dla syberyjskich szaman\u00f3w dzi\u0119cio\u0142 mia\u0142 moc uzdrawiania.<\/p>\n<p>Najliczniejszy dzi\u0119cio\u0142 w Polsce wyst\u0119puj\u0105cy w lasach r\u00f3\u017cnego rodzaju, r\u00f3wnie\u017c w parkach i ogrodach. Upierzenie ma czarno-bia\u0142e z czerwonymi elementami. \u0141atwo go rozpozna\u0107 po stosunkowo du\u017cym rozmiarze, bia\u0142ym brzuchu przechodz\u0105cym w czerwie\u0144 pod ogonem, czarno-bia\u0142ych bokach cia\u0142a i pr\u0105\u017ckowanych skrzyd\u0142ach. Samca mo\u017cna odr\u00f3\u017cni\u0107 od samicy po obecno\u015bci czerwonej plamy na potylicy.<\/p>\n<p>Rozpi\u0119to\u015b\u0107 skrzyde\u0142: 38-44 cm<\/p>\n<p>Latem dzi\u0119cio\u0142y du\u017ce \u017cyj\u0105 samotnie, zim\u0105 czasami przebywaj\u0105 w towarzystwie kr\u0119c\u0105cych si\u0119 po lesie sikor, pe\u0142zaczy i mysikr\u00f3lik\u00f3w. Jak podaje Andrzej Kruszewicz w swojej ksi\u0105\u017cce &#8222;Ptaki Polski&#8221; <strong>jeden z zaobr\u0105czkowanych dzi\u0119cio\u0142\u00f3w du\u017cych prze\u017cy\u0142 ponad 9 lat<\/strong>.<\/p>\n","protected":false},"excerpt":{"rendered":"<p>Dzi\u0119cio\u0142 du\u017cy (Dendrocopos major) Przez wiele lat obserwowali\u015bmy dzi\u0119cio\u0142y nad rzek\u0105 Wad\u0105g. Najcz\u0119\u015bciej jednak mo\u017cna by\u0142o pos\u0142ucha\u0107 jak stukaj\u0105. Ka\u017cdego roku zim\u0105 dokarmiamy ptaki. przylatuj\u0105 sikorki, inne ptaszki.W tym roku mamy nowego sto\u0142ownika &#8211; dzi\u0119cio\u0142a du\u017cego. W wielu kulturach dzi\u0119cio\u0142, uznawany by\u0142 za ptaka opieku\u0144czego i przynosz\u0105cego szcz\u0119\u015bcie. A wi\u0119c mamy opiekuna i czekamy na [&hellip;]<\/p>\n","protected":false},"author":2,"featured_media":0,"comment_status":"open","ping_status":"open","sticky":false,"template":"","format":"standard","meta":{"footnotes":""},"categories":[1,9,17],"tags":[],"class_list":["post-9340","post","type-post","status-publish","format-standard","hentry","category-bez-kategorii","category-ciekawostki","category-edukacja-w-terenie"],"_links":{"self":[{"href":"https:\/\/www.milosnicylasu.olsztyn.pl\/index.php?rest_route=\/wp\/v2\/posts\/9340","targetHints":{"allow":["GET"]}}],"collection":[{"href":"https:\/\/www.milosnicylasu.olsztyn.pl\/index.php?rest_route=\/wp\/v2\/posts"}],"about":[{"href":"https:\/\/www.milosnicylasu.olsztyn.pl\/index.php?rest_route=\/wp\/v2\/types\/post"}],"author":[{"embeddable":true,"href":"https:\/\/www.milosnicylasu.olsztyn.pl\/index.php?rest_route=\/wp\/v2\/users\/2"}],"replies":[{"embeddable":true,"href":"https:\/\/www.milosnicylasu.olsztyn.pl\/index.php?rest_route=%2Fwp%2Fv2%2Fcomments&post=9340"}],"version-history":[{"count":4,"href":"https:\/\/www.milosnicylasu.olsztyn.pl\/index.php?rest_route=\/wp\/v2\/posts\/9340\/revisions"}],"predecessor-version":[{"id":9345,"href":"https:\/\/www.milosnicylasu.olsztyn.pl\/index.php?rest_route=\/wp\/v2\/posts\/9340\/revisions\/9345"}],"wp:attachment":[{"href":"https:\/\/www.milosnicylasu.olsztyn.pl\/index.php?rest_route=%2Fwp%2Fv2%2Fmedia&parent=9340"}],"wp:term":[{"taxonomy":"category","embeddable":true,"href":"https:\/\/www.milosnicylasu.olsztyn.pl\/index.php?rest_route=%2Fwp%2Fv2%2Fcategories&post=9340"},{"taxonomy":"post_tag","embeddable":true,"href":"https:\/\/www.milosnicylasu.olsztyn.pl\/index.php?rest_route=%2Fwp%2Fv2%2Ftags&post=9340"}],"curies":[{"name":"wp","href":"https:\/\/api.w.org\/{rel}","templated":true}]}}