{"id":935,"date":"2014-02-10T19:28:29","date_gmt":"2014-02-10T18:28:29","guid":{"rendered":"http:\/\/www.milosnicylasu.olsztyn.pl\/?p=935"},"modified":"2014-02-10T19:35:45","modified_gmt":"2014-02-10T18:35:45","slug":"trening-strzelecki-10-lutego-2014","status":"publish","type":"post","link":"https:\/\/www.milosnicylasu.olsztyn.pl\/?p=935","title":{"rendered":"Trening strzelecki 10 lutego 2014"},"content":{"rendered":"<p><a href=\"http:\/\/www.milosnicylasu.olsztyn.pl\/wp-content\/uploads\/2014\/02\/P2100001-www.jpg\" data-rel=\"lightbox-image-0\" data-magnific_type=\"image\" data-rl_title=\"\" data-rl_caption=\"\" title=\"\"><img loading=\"lazy\" decoding=\"async\" class=\"alignleft size-medium wp-image-936\" alt=\"P2100001-www\" src=\"http:\/\/www.milosnicylasu.olsztyn.pl\/wp-content\/uploads\/2014\/02\/P2100001-www-300x225.jpg\" width=\"300\" height=\"225\" srcset=\"https:\/\/www.milosnicylasu.olsztyn.pl\/wp-content\/uploads\/2014\/02\/P2100001-www-300x225.jpg 300w, https:\/\/www.milosnicylasu.olsztyn.pl\/wp-content\/uploads\/2014\/02\/P2100001-www-400x300.jpg 400w, https:\/\/www.milosnicylasu.olsztyn.pl\/wp-content\/uploads\/2014\/02\/P2100001-www.jpg 1024w\" sizes=\"auto, (max-width: 300px) 100vw, 300px\" \/><\/a><\/p>\n<p>&nbsp;<\/p>\n<p>10 lutego na strzelnicy\u00a0 LOK w Olsztynie cz\u0142onkowie Ko\u0142a odbyli kolejny &#8211; ostatni przed zawodami, trening strzelecki. By\u0142y liczne &#8222;dziesi\u0105tki&#8221;, a wi\u0119c zawody, a w\u0142a\u015bciwie wyniki\u00a0b\u0119d\u0105 ciekawe.<\/p>\n<p>&nbsp;<\/p>\n<p>W naszym treningu uczestniczy\u0142 Pan Jerzy Kowalski &#8211; prezes Warmi\u0144sko-Mazurskiej Organizacji LOK.<a href=\"http:\/\/www.milosnicylasu.olsztyn.pl\/wp-content\/uploads\/2014\/02\/P2100004-www.jpg\" data-rel=\"lightbox-image-1\" data-magnific_type=\"image\" data-rl_title=\"\" data-rl_caption=\"\" title=\"\"><img loading=\"lazy\" decoding=\"async\" class=\"size-medium wp-image-938 alignright\" alt=\"P2100004-www\" src=\"http:\/\/www.milosnicylasu.olsztyn.pl\/wp-content\/uploads\/2014\/02\/P2100004-www-300x225.jpg\" width=\"300\" height=\"225\" srcset=\"https:\/\/www.milosnicylasu.olsztyn.pl\/wp-content\/uploads\/2014\/02\/P2100004-www-300x225.jpg 300w, https:\/\/www.milosnicylasu.olsztyn.pl\/wp-content\/uploads\/2014\/02\/P2100004-www-400x300.jpg 400w, https:\/\/www.milosnicylasu.olsztyn.pl\/wp-content\/uploads\/2014\/02\/P2100004-www.jpg 1024w\" sizes=\"auto, (max-width: 300px) 100vw, 300px\" \/><\/a><\/p>\n","protected":false},"excerpt":{"rendered":"<p>&nbsp; 10 lutego na strzelnicy\u00a0 LOK w Olsztynie cz\u0142onkowie Ko\u0142a odbyli kolejny &#8211; ostatni przed zawodami, trening strzelecki. By\u0142y liczne &#8222;dziesi\u0105tki&#8221;, a wi\u0119c zawody, a w\u0142a\u015bciwie wyniki\u00a0b\u0119d\u0105 ciekawe. &nbsp; W naszym treningu uczestniczy\u0142 Pan Jerzy Kowalski &#8211; prezes Warmi\u0144sko-Mazurskiej Organizacji LOK.<\/p>\n","protected":false},"author":1,"featured_media":0,"comment_status":"open","ping_status":"open","sticky":false,"template":"","format":"standard","meta":{"footnotes":""},"categories":[1,8],"tags":[],"class_list":["post-935","post","type-post","status-publish","format-standard","hentry","category-bez-kategorii","category-zawody-strzeleckie"],"_links":{"self":[{"href":"https:\/\/www.milosnicylasu.olsztyn.pl\/index.php?rest_route=\/wp\/v2\/posts\/935","targetHints":{"allow":["GET"]}}],"collection":[{"href":"https:\/\/www.milosnicylasu.olsztyn.pl\/index.php?rest_route=\/wp\/v2\/posts"}],"about":[{"href":"https:\/\/www.milosnicylasu.olsztyn.pl\/index.php?rest_route=\/wp\/v2\/types\/post"}],"author":[{"embeddable":true,"href":"https:\/\/www.milosnicylasu.olsztyn.pl\/index.php?rest_route=\/wp\/v2\/users\/1"}],"replies":[{"embeddable":true,"href":"https:\/\/www.milosnicylasu.olsztyn.pl\/index.php?rest_route=%2Fwp%2Fv2%2Fcomments&post=935"}],"version-history":[{"count":3,"href":"https:\/\/www.milosnicylasu.olsztyn.pl\/index.php?rest_route=\/wp\/v2\/posts\/935\/revisions"}],"predecessor-version":[{"id":940,"href":"https:\/\/www.milosnicylasu.olsztyn.pl\/index.php?rest_route=\/wp\/v2\/posts\/935\/revisions\/940"}],"wp:attachment":[{"href":"https:\/\/www.milosnicylasu.olsztyn.pl\/index.php?rest_route=%2Fwp%2Fv2%2Fmedia&parent=935"}],"wp:term":[{"taxonomy":"category","embeddable":true,"href":"https:\/\/www.milosnicylasu.olsztyn.pl\/index.php?rest_route=%2Fwp%2Fv2%2Fcategories&post=935"},{"taxonomy":"post_tag","embeddable":true,"href":"https:\/\/www.milosnicylasu.olsztyn.pl\/index.php?rest_route=%2Fwp%2Fv2%2Ftags&post=935"}],"curies":[{"name":"wp","href":"https:\/\/api.w.org\/{rel}","templated":true}]}}