{"id":9361,"date":"2025-04-09T08:58:15","date_gmt":"2025-04-09T06:58:15","guid":{"rendered":"https:\/\/www.milosnicylasu.olsztyn.pl\/?p=9361"},"modified":"2025-04-09T10:29:30","modified_gmt":"2025-04-09T08:29:30","slug":"wiedza-lesna-i-kolorowa-wielkanoc","status":"publish","type":"post","link":"https:\/\/www.milosnicylasu.olsztyn.pl\/?p=9361","title":{"rendered":"Wiedza le\u015bna i kolorowa Wielkanoc"},"content":{"rendered":"<p><a href=\"https:\/\/www.milosnicylasu.olsztyn.pl\/wp-content\/uploads\/2025\/04\/P4030008-www.jpg\" data-rel=\"lightbox-image-0\" data-magnific_type=\"image\" data-rl_title=\"\" data-rl_caption=\"\" title=\"\"><img loading=\"lazy\" decoding=\"async\" class=\"size-medium wp-image-9363 alignleft\" src=\"https:\/\/www.milosnicylasu.olsztyn.pl\/wp-content\/uploads\/2025\/04\/P4030008-www-300x225.jpg\" alt=\"\" width=\"300\" height=\"225\" srcset=\"https:\/\/www.milosnicylasu.olsztyn.pl\/wp-content\/uploads\/2025\/04\/P4030008-www-300x225.jpg 300w, https:\/\/www.milosnicylasu.olsztyn.pl\/wp-content\/uploads\/2025\/04\/P4030008-www-768x576.jpg 768w, https:\/\/www.milosnicylasu.olsztyn.pl\/wp-content\/uploads\/2025\/04\/P4030008-www.jpg 1024w\" sizes=\"auto, (max-width: 300px) 100vw, 300px\" \/><\/a><\/p>\n<p>3.04.2025 -kolejny czwartek ekologiczny w Regionalnej Dyrekcji Las\u00f3w Pa\u0144stwowych w Olsztynie. Ko\u0142o Mi\u0142o\u015bnik\u00f3w Lasu i Militari\u00f3w LOK przy ATW w Olsztynie istnieje ju\u017c 16 lat. Spotykamy si\u0119 w ka\u017cdy pierwszy czwartek miesi\u0105ca, przez 9 m-cy w roku, a wi\u0119c to by\u0142o ok 140 razy. Troch\u0119 mniej ni\u017c wynika z wyliczenia, bo przecie\u017c by\u0142a pandemia&#8230;&#8230;&#8230;..<\/p>\n<p><a href=\"https:\/\/www.milosnicylasu.olsztyn.pl\/wp-content\/uploads\/2025\/04\/P4030012-www.jpg\" data-rel=\"lightbox-image-1\" data-magnific_type=\"image\" data-rl_title=\"\" data-rl_caption=\"\" title=\"\"><img loading=\"lazy\" decoding=\"async\" class=\"size-medium wp-image-9362 alignright\" src=\"https:\/\/www.milosnicylasu.olsztyn.pl\/wp-content\/uploads\/2025\/04\/P4030012-www-300x225.jpg\" alt=\"\" width=\"300\" height=\"225\" srcset=\"https:\/\/www.milosnicylasu.olsztyn.pl\/wp-content\/uploads\/2025\/04\/P4030012-www-300x225.jpg 300w, https:\/\/www.milosnicylasu.olsztyn.pl\/wp-content\/uploads\/2025\/04\/P4030012-www-768x576.jpg 768w, https:\/\/www.milosnicylasu.olsztyn.pl\/wp-content\/uploads\/2025\/04\/P4030012-www.jpg 1024w\" sizes=\"auto, (max-width: 300px) 100vw, 300px\" \/><\/a><\/p>\n<p>A trzeciego kwietnia naszym wyk\u0142adowc\u0105 by\u0142 Pan Piotr Mioduszewski &#8211; naczelnik Wydzia\u0142u Gospodarki Le\u015bnej i Ochrony Lasu RDLP w Olsztynie, a tematem spotkania by\u0142o&#8221; O czym szumi\u0105 olszty\u0144skie lasy&#8221;. Ciekawy wyk\u0142ad, poparty\u00a0 ilustracjami, ujmuj\u0105cy w spos\u00f3b syntetyczny wiele spraw dotycz\u0105cych dzia\u0142alno\u015bci olszty\u0144skiej Dyrekcji. Przez 16 lat wys\u0142uchali\u015bmy wielu wyk\u0142ad\u00f3w, odwiedzili\u015bmy wi\u0119kszo\u015b\u0107 nadle\u015bnictw RDLP w Olsztynie st\u0105d cz\u0119\u015b\u0107\u00a0 ilustracji by\u0142o dla nas \u0142atwych do rozpoznania. Zdaniem uczestnik\u00f3w spotkania wyk\u0142ad by\u0142 bardzo potrzebny, pozwoli\u0142 nam na poznanie nowych i przypomnienie spraw z zakresu naszej le\u015bnej wiedzy. Dzi\u0119kujemy Panu Piotrowi za to spotkanie i liczymy oczywi\u015bcie na wi\u0119cej.<\/p>\n<p>Na pami\u0105tk\u0119 spotkania, Pan Piotr otrzyma\u0142 pejza\u017c namalowany przez Ani\u0119 Wo\u0142czy\u0144sk\u0105, nasz\u0105 kole\u017cank\u0119 z Krakowa<\/p>\n<p><a href=\"https:\/\/www.milosnicylasu.olsztyn.pl\/wp-content\/uploads\/2025\/04\/P4030003-www.jpg\" data-rel=\"lightbox-image-2\" data-magnific_type=\"image\" data-rl_title=\"\" data-rl_caption=\"\" title=\"\"><img loading=\"lazy\" decoding=\"async\" class=\"size-medium wp-image-9377\" src=\"https:\/\/www.milosnicylasu.olsztyn.pl\/wp-content\/uploads\/2025\/04\/P4030003-www-300x225.jpg\" alt=\"\" width=\"300\" height=\"225\" srcset=\"https:\/\/www.milosnicylasu.olsztyn.pl\/wp-content\/uploads\/2025\/04\/P4030003-www-300x225.jpg 300w, https:\/\/www.milosnicylasu.olsztyn.pl\/wp-content\/uploads\/2025\/04\/P4030003-www-768x576.jpg 768w, https:\/\/www.milosnicylasu.olsztyn.pl\/wp-content\/uploads\/2025\/04\/P4030003-www.jpg 1024w\" sizes=\"auto, (max-width: 300px) 100vw, 300px\" \/><\/a><\/p>\n<p><a href=\"https:\/\/www.milosnicylasu.olsztyn.pl\/wp-content\/uploads\/2025\/04\/P4030016-www.jpg\" data-rel=\"lightbox-image-3\" data-magnific_type=\"image\" data-rl_title=\"\" data-rl_caption=\"\" title=\"\"><img loading=\"lazy\" decoding=\"async\" class=\"size-medium wp-image-9367 alignright\" src=\"https:\/\/www.milosnicylasu.olsztyn.pl\/wp-content\/uploads\/2025\/04\/P4030016-www-300x225.jpg\" alt=\"\" width=\"300\" height=\"225\" srcset=\"https:\/\/www.milosnicylasu.olsztyn.pl\/wp-content\/uploads\/2025\/04\/P4030016-www-300x225.jpg 300w, https:\/\/www.milosnicylasu.olsztyn.pl\/wp-content\/uploads\/2025\/04\/P4030016-www-768x576.jpg 768w, https:\/\/www.milosnicylasu.olsztyn.pl\/wp-content\/uploads\/2025\/04\/P4030016-www.jpg 1024w\" sizes=\"auto, (max-width: 300px) 100vw, 300px\" \/><\/a><\/p>\n<p>Tradycyjnie, przed \u015bwi\u0119tami, kole\u017canki &#8211;artystki, r\u0119kodzielniczki Jasia Kluczek, Bo\u017cenka B\u0142aszczyk, Wiesia Filipek zorganizowa\u0142y\u00a0 wystaw\u0119, kt\u00f3ra przypomnia\u0142a nam o zbli\u017caj\u0105cych si\u0119 \u015awi\u0119tach\u00a0 Wielkanocnych. By\u0142o pi\u0119knie, kolorowo, bajecznie.<\/p>\n<p><a href=\"https:\/\/www.milosnicylasu.olsztyn.pl\/wp-content\/uploads\/2025\/04\/P4030014-www.jpg\" data-rel=\"lightbox-image-4\" data-magnific_type=\"image\" data-rl_title=\"\" data-rl_caption=\"\" title=\"\"><img loading=\"lazy\" decoding=\"async\" class=\"size-medium wp-image-9366 alignright\" src=\"https:\/\/www.milosnicylasu.olsztyn.pl\/wp-content\/uploads\/2025\/04\/P4030014-www-300x225.jpg\" alt=\"\" width=\"300\" height=\"225\" srcset=\"https:\/\/www.milosnicylasu.olsztyn.pl\/wp-content\/uploads\/2025\/04\/P4030014-www-300x225.jpg 300w, https:\/\/www.milosnicylasu.olsztyn.pl\/wp-content\/uploads\/2025\/04\/P4030014-www-768x576.jpg 768w, https:\/\/www.milosnicylasu.olsztyn.pl\/wp-content\/uploads\/2025\/04\/P4030014-www.jpg 1024w\" sizes=\"auto, (max-width: 300px) 100vw, 300px\" \/><\/a><\/p>\n","protected":false},"excerpt":{"rendered":"<p>3.04.2025 -kolejny czwartek ekologiczny w Regionalnej Dyrekcji Las\u00f3w Pa\u0144stwowych w Olsztynie. Ko\u0142o Mi\u0142o\u015bnik\u00f3w Lasu i Militari\u00f3w LOK przy ATW w Olsztynie istnieje ju\u017c 16 lat. Spotykamy si\u0119 w ka\u017cdy pierwszy czwartek miesi\u0105ca, przez 9 m-cy w roku, a wi\u0119c to by\u0142o ok 140 razy. Troch\u0119 mniej ni\u017c wynika z wyliczenia, bo przecie\u017c by\u0142a pandemia&#8230;&#8230;&#8230;.. A [&hellip;]<\/p>\n","protected":false},"author":2,"featured_media":0,"comment_status":"open","ping_status":"open","sticky":false,"template":"","format":"standard","meta":{"footnotes":""},"categories":[1,9,4,3],"tags":[],"class_list":["post-9361","post","type-post","status-publish","format-standard","hentry","category-bez-kategorii","category-ciekawostki","category-wystawy","category-zebrania"],"_links":{"self":[{"href":"https:\/\/www.milosnicylasu.olsztyn.pl\/index.php?rest_route=\/wp\/v2\/posts\/9361","targetHints":{"allow":["GET"]}}],"collection":[{"href":"https:\/\/www.milosnicylasu.olsztyn.pl\/index.php?rest_route=\/wp\/v2\/posts"}],"about":[{"href":"https:\/\/www.milosnicylasu.olsztyn.pl\/index.php?rest_route=\/wp\/v2\/types\/post"}],"author":[{"embeddable":true,"href":"https:\/\/www.milosnicylasu.olsztyn.pl\/index.php?rest_route=\/wp\/v2\/users\/2"}],"replies":[{"embeddable":true,"href":"https:\/\/www.milosnicylasu.olsztyn.pl\/index.php?rest_route=%2Fwp%2Fv2%2Fcomments&post=9361"}],"version-history":[{"count":5,"href":"https:\/\/www.milosnicylasu.olsztyn.pl\/index.php?rest_route=\/wp\/v2\/posts\/9361\/revisions"}],"predecessor-version":[{"id":9378,"href":"https:\/\/www.milosnicylasu.olsztyn.pl\/index.php?rest_route=\/wp\/v2\/posts\/9361\/revisions\/9378"}],"wp:attachment":[{"href":"https:\/\/www.milosnicylasu.olsztyn.pl\/index.php?rest_route=%2Fwp%2Fv2%2Fmedia&parent=9361"}],"wp:term":[{"taxonomy":"category","embeddable":true,"href":"https:\/\/www.milosnicylasu.olsztyn.pl\/index.php?rest_route=%2Fwp%2Fv2%2Fcategories&post=9361"},{"taxonomy":"post_tag","embeddable":true,"href":"https:\/\/www.milosnicylasu.olsztyn.pl\/index.php?rest_route=%2Fwp%2Fv2%2Ftags&post=9361"}],"curies":[{"name":"wp","href":"https:\/\/api.w.org\/{rel}","templated":true}]}}