{"id":9379,"date":"2025-04-13T09:10:18","date_gmt":"2025-04-13T07:10:18","guid":{"rendered":"https:\/\/www.milosnicylasu.olsztyn.pl\/?p=9379"},"modified":"2025-04-13T09:15:34","modified_gmt":"2025-04-13T07:15:34","slug":"lasy-na-nowe-100-lecie-sadzilismy-las-w-nadlesnictwie-kudypy","status":"publish","type":"post","link":"https:\/\/www.milosnicylasu.olsztyn.pl\/?p=9379","title":{"rendered":"Lasy na nowe 100-lecie &#8211;  sadzili\u015bmy las w Nadle\u015bnictwie Kudypy"},"content":{"rendered":"<p><em><strong><a href=\"https:\/\/www.milosnicylasu.olsztyn.pl\/wp-content\/uploads\/2025\/04\/DSCN7738-www.jpg\" data-rel=\"lightbox-image-0\" data-magnific_type=\"image\" data-rl_title=\"\" data-rl_caption=\"\" title=\"\"><img loading=\"lazy\" decoding=\"async\" class=\"size-medium wp-image-9380 alignleft\" src=\"https:\/\/www.milosnicylasu.olsztyn.pl\/wp-content\/uploads\/2025\/04\/DSCN7738-www-300x225.jpg\" alt=\"\" width=\"300\" height=\"225\" srcset=\"https:\/\/www.milosnicylasu.olsztyn.pl\/wp-content\/uploads\/2025\/04\/DSCN7738-www-300x225.jpg 300w, https:\/\/www.milosnicylasu.olsztyn.pl\/wp-content\/uploads\/2025\/04\/DSCN7738-www-768x576.jpg 768w, https:\/\/www.milosnicylasu.olsztyn.pl\/wp-content\/uploads\/2025\/04\/DSCN7738-www.jpg 1024w\" sizes=\"auto, (max-width: 300px) 100vw, 300px\" \/><\/a>&#8222;Je\u015bli zawsze chcia\u0142e\u015b\/ chcia\u0142a\u015b posadzi\u0107 las \u015bwietnie si\u0119 sk\u0142ada. Ju\u017c 12 kwietnia 2024r. zapraszamy na Rodzinne Sadzenie Lasu. Pod okiem do\u015bwiadczonych le\u015bnik\u00f3w dowiecie si\u0119 jak poprawnie sadzi\u0107 m\u0142ode drzewka, poznacie tajniki gospodarki le\u015bnej i przy okazji mi\u0142o sp\u0119dzicie czas na \u015bwie\u017cym powietrzu&#8221;<\/strong><\/em><\/p>\n<p><a href=\"https:\/\/www.milosnicylasu.olsztyn.pl\/wp-content\/uploads\/2025\/04\/DSCN7730-www.jpg\" data-rel=\"lightbox-image-1\" data-magnific_type=\"image\" data-rl_title=\"\" data-rl_caption=\"\" title=\"\"><img loading=\"lazy\" decoding=\"async\" class=\"size-medium wp-image-9381 alignright\" src=\"https:\/\/www.milosnicylasu.olsztyn.pl\/wp-content\/uploads\/2025\/04\/DSCN7730-www-300x225.jpg\" alt=\"\" width=\"300\" height=\"225\" srcset=\"https:\/\/www.milosnicylasu.olsztyn.pl\/wp-content\/uploads\/2025\/04\/DSCN7730-www-300x225.jpg 300w, https:\/\/www.milosnicylasu.olsztyn.pl\/wp-content\/uploads\/2025\/04\/DSCN7730-www-768x576.jpg 768w, https:\/\/www.milosnicylasu.olsztyn.pl\/wp-content\/uploads\/2025\/04\/DSCN7730-www.jpg 1024w\" sizes=\"auto, (max-width: 300px) 100vw, 300px\" \/><\/a>Tak Nadle\u015bnictwo Kudypy zaprasza\u0142o do Rodzinnego Sadzenia Lasu. Oczywi\u015bcie ch\u0119tnie\u00a0 i czynnie w\u0142\u0105czyli\u015bmy si\u0119 do tej\u00a0 inicjatywy &#8211; jak zawsze. Przez 16 lat istnienia Ko\u0142a posadzili\u015bmy lasy nie tylko w okolicach Olsztyna, ale te\u017c w odleglejszych nadle\u015bnictwach np. mamy kilka &#8221; swoich kawa\u0142k\u00f3w las\u00f3w&#8221; w Nadle\u015bnictwie w Mr\u0105gowie.<\/p>\n<p>W sobot\u0119 12 kwietnia 2025 roku pogoda dopisa\u0142a. Fajnie, \u017ce dopisa\u0142a te\u017c frekwencja. Przyby\u0142o wiele rodzin z dzie\u0107mi, dla kt\u00f3rych by\u0142a to wspania\u0142a lekcja przyrody i mo\u017cliwo\u015b\u0107 wsp\u00f3lnego sp\u0119dzenia czasu.<\/p>\n<p><a href=\"https:\/\/www.milosnicylasu.olsztyn.pl\/wp-content\/uploads\/2025\/04\/DSCN7729-www.jpg\" data-rel=\"lightbox-image-2\" data-magnific_type=\"image\" data-rl_title=\"\" data-rl_caption=\"\" title=\"\"><img loading=\"lazy\" decoding=\"async\" class=\"size-medium wp-image-9382 aligncenter\" src=\"https:\/\/www.milosnicylasu.olsztyn.pl\/wp-content\/uploads\/2025\/04\/DSCN7729-www-300x225.jpg\" alt=\"\" width=\"300\" height=\"225\" srcset=\"https:\/\/www.milosnicylasu.olsztyn.pl\/wp-content\/uploads\/2025\/04\/DSCN7729-www-300x225.jpg 300w, https:\/\/www.milosnicylasu.olsztyn.pl\/wp-content\/uploads\/2025\/04\/DSCN7729-www-768x576.jpg 768w, https:\/\/www.milosnicylasu.olsztyn.pl\/wp-content\/uploads\/2025\/04\/DSCN7729-www.jpg 1024w\" sizes=\"auto, (max-width: 300px) 100vw, 300px\" \/><\/a> Na zako\u0144czenie pracownicy Nadle\u015bnictwa Kudypy zaprosili uczestnik\u00f3w na ognisko, pieczenie kie\u0142basek. Na pami\u0105tk\u0119 otrzymali\u015bmy fajne koszulki z napisem jak na pierwszym zdj\u0119ciu.<a href=\"https:\/\/www.milosnicylasu.olsztyn.pl\/wp-content\/uploads\/2025\/04\/DSCN7734-www.jpg\" data-rel=\"lightbox-image-3\" data-magnific_type=\"image\" data-rl_title=\"\" data-rl_caption=\"\" title=\"\"><img loading=\"lazy\" decoding=\"async\" class=\"size-medium wp-image-9383 alignright\" src=\"https:\/\/www.milosnicylasu.olsztyn.pl\/wp-content\/uploads\/2025\/04\/DSCN7734-www-300x225.jpg\" alt=\"\" width=\"300\" height=\"225\" srcset=\"https:\/\/www.milosnicylasu.olsztyn.pl\/wp-content\/uploads\/2025\/04\/DSCN7734-www-300x225.jpg 300w, https:\/\/www.milosnicylasu.olsztyn.pl\/wp-content\/uploads\/2025\/04\/DSCN7734-www-768x576.jpg 768w, https:\/\/www.milosnicylasu.olsztyn.pl\/wp-content\/uploads\/2025\/04\/DSCN7734-www.jpg 1024w\" sizes=\"auto, (max-width: 300px) 100vw, 300px\" \/><\/a><\/p>\n","protected":false},"excerpt":{"rendered":"<p>&#8222;Je\u015bli zawsze chcia\u0142e\u015b\/ chcia\u0142a\u015b posadzi\u0107 las \u015bwietnie si\u0119 sk\u0142ada. Ju\u017c 12 kwietnia 2024r. zapraszamy na Rodzinne Sadzenie Lasu. Pod okiem do\u015bwiadczonych le\u015bnik\u00f3w dowiecie si\u0119 jak poprawnie sadzi\u0107 m\u0142ode drzewka, poznacie tajniki gospodarki le\u015bnej i przy okazji mi\u0142o sp\u0119dzicie czas na \u015bwie\u017cym powietrzu&#8221; Tak Nadle\u015bnictwo Kudypy zaprasza\u0142o do Rodzinnego Sadzenia Lasu. Oczywi\u015bcie ch\u0119tnie\u00a0 i czynnie w\u0142\u0105czyli\u015bmy [&hellip;]<\/p>\n","protected":false},"author":2,"featured_media":0,"comment_status":"open","ping_status":"open","sticky":false,"template":"","format":"standard","meta":{"footnotes":""},"categories":[1,9,17,2],"tags":[],"class_list":["post-9379","post","type-post","status-publish","format-standard","hentry","category-bez-kategorii","category-ciekawostki","category-edukacja-w-terenie","category-rajdy"],"_links":{"self":[{"href":"https:\/\/www.milosnicylasu.olsztyn.pl\/index.php?rest_route=\/wp\/v2\/posts\/9379","targetHints":{"allow":["GET"]}}],"collection":[{"href":"https:\/\/www.milosnicylasu.olsztyn.pl\/index.php?rest_route=\/wp\/v2\/posts"}],"about":[{"href":"https:\/\/www.milosnicylasu.olsztyn.pl\/index.php?rest_route=\/wp\/v2\/types\/post"}],"author":[{"embeddable":true,"href":"https:\/\/www.milosnicylasu.olsztyn.pl\/index.php?rest_route=\/wp\/v2\/users\/2"}],"replies":[{"embeddable":true,"href":"https:\/\/www.milosnicylasu.olsztyn.pl\/index.php?rest_route=%2Fwp%2Fv2%2Fcomments&post=9379"}],"version-history":[{"count":3,"href":"https:\/\/www.milosnicylasu.olsztyn.pl\/index.php?rest_route=\/wp\/v2\/posts\/9379\/revisions"}],"predecessor-version":[{"id":9386,"href":"https:\/\/www.milosnicylasu.olsztyn.pl\/index.php?rest_route=\/wp\/v2\/posts\/9379\/revisions\/9386"}],"wp:attachment":[{"href":"https:\/\/www.milosnicylasu.olsztyn.pl\/index.php?rest_route=%2Fwp%2Fv2%2Fmedia&parent=9379"}],"wp:term":[{"taxonomy":"category","embeddable":true,"href":"https:\/\/www.milosnicylasu.olsztyn.pl\/index.php?rest_route=%2Fwp%2Fv2%2Fcategories&post=9379"},{"taxonomy":"post_tag","embeddable":true,"href":"https:\/\/www.milosnicylasu.olsztyn.pl\/index.php?rest_route=%2Fwp%2Fv2%2Ftags&post=9379"}],"curies":[{"name":"wp","href":"https:\/\/api.w.org\/{rel}","templated":true}]}}