{"id":9403,"date":"2025-04-22T14:56:36","date_gmt":"2025-04-22T12:56:36","guid":{"rendered":"https:\/\/www.milosnicylasu.olsztyn.pl\/?p=9403"},"modified":"2025-04-22T14:56:36","modified_gmt":"2025-04-22T12:56:36","slug":"wyroznienia-lesnikow","status":"publish","type":"post","link":"https:\/\/www.milosnicylasu.olsztyn.pl\/?p=9403","title":{"rendered":"Wyr\u00f3\u017cnienia le\u015bnik\u00f3w"},"content":{"rendered":"<p><strong>Wyr\u00f3\u017cnienia le\u015bnik\u00f3w za aktywno\u015b\u0107 w dzia\u0142alno\u015bci spo\u0142ecznej, wspieranie Zarz\u0105du Ko\u0142a w realizacji planu pracy w Kole Mi\u0142o\u015bnik\u00f3w Lasu i Militari\u00f3w LOK przy ATW w Olsztynie<\/strong><\/p>\n<p>Prezes Ligi Obrony Kraju na podstawie Uchwa\u0142y Rady Krajowej LOK nada\u0142:<\/p>\n<p>Medal 80-lecia Ligi Obrony Kraju \u201eZa Zas\u0142ugi\u201d<\/p>\n<ol>\n<li>Dawidowicz Mariusz<\/li>\n<li>Turek Jaros\u0142aw<\/li>\n<li>Drumi\u0144ski Tomasz<\/li>\n<li>Michniewicz Jerzy<\/li>\n<\/ol>\n<p>Podczas odprawy w Regionalnej Dyrekcji Las\u00f3w Pa\u0144stwowych w dniu 17 kwietnia 2025r. w obecno\u015bci Pana Wojciecha Matuszaka Dyrektora ds. gospodarki le\u015bnej zosta\u0142y wr\u0119czone medale zas\u0142u\u017conym le\u015bnikom.<\/p>\n<p>&nbsp;<\/p>\n","protected":false},"excerpt":{"rendered":"<p>Wyr\u00f3\u017cnienia le\u015bnik\u00f3w za aktywno\u015b\u0107 w dzia\u0142alno\u015bci spo\u0142ecznej, wspieranie Zarz\u0105du Ko\u0142a w realizacji planu pracy w Kole Mi\u0142o\u015bnik\u00f3w Lasu i Militari\u00f3w LOK przy ATW w Olsztynie Prezes Ligi Obrony Kraju na podstawie Uchwa\u0142y Rady Krajowej LOK nada\u0142: Medal 80-lecia Ligi Obrony Kraju \u201eZa Zas\u0142ugi\u201d Dawidowicz Mariusz Turek Jaros\u0142aw Drumi\u0144ski Tomasz Michniewicz Jerzy Podczas odprawy w Regionalnej [&hellip;]<\/p>\n","protected":false},"author":2,"featured_media":0,"comment_status":"open","ping_status":"open","sticky":false,"template":"","format":"standard","meta":{"footnotes":""},"categories":[1,9,17],"tags":[],"class_list":["post-9403","post","type-post","status-publish","format-standard","hentry","category-bez-kategorii","category-ciekawostki","category-edukacja-w-terenie"],"_links":{"self":[{"href":"https:\/\/www.milosnicylasu.olsztyn.pl\/index.php?rest_route=\/wp\/v2\/posts\/9403","targetHints":{"allow":["GET"]}}],"collection":[{"href":"https:\/\/www.milosnicylasu.olsztyn.pl\/index.php?rest_route=\/wp\/v2\/posts"}],"about":[{"href":"https:\/\/www.milosnicylasu.olsztyn.pl\/index.php?rest_route=\/wp\/v2\/types\/post"}],"author":[{"embeddable":true,"href":"https:\/\/www.milosnicylasu.olsztyn.pl\/index.php?rest_route=\/wp\/v2\/users\/2"}],"replies":[{"embeddable":true,"href":"https:\/\/www.milosnicylasu.olsztyn.pl\/index.php?rest_route=%2Fwp%2Fv2%2Fcomments&post=9403"}],"version-history":[{"count":1,"href":"https:\/\/www.milosnicylasu.olsztyn.pl\/index.php?rest_route=\/wp\/v2\/posts\/9403\/revisions"}],"predecessor-version":[{"id":9404,"href":"https:\/\/www.milosnicylasu.olsztyn.pl\/index.php?rest_route=\/wp\/v2\/posts\/9403\/revisions\/9404"}],"wp:attachment":[{"href":"https:\/\/www.milosnicylasu.olsztyn.pl\/index.php?rest_route=%2Fwp%2Fv2%2Fmedia&parent=9403"}],"wp:term":[{"taxonomy":"category","embeddable":true,"href":"https:\/\/www.milosnicylasu.olsztyn.pl\/index.php?rest_route=%2Fwp%2Fv2%2Fcategories&post=9403"},{"taxonomy":"post_tag","embeddable":true,"href":"https:\/\/www.milosnicylasu.olsztyn.pl\/index.php?rest_route=%2Fwp%2Fv2%2Ftags&post=9403"}],"curies":[{"name":"wp","href":"https:\/\/api.w.org\/{rel}","templated":true}]}}