{"id":9406,"date":"2025-04-30T07:49:32","date_gmt":"2025-04-30T05:49:32","guid":{"rendered":"https:\/\/www.milosnicylasu.olsztyn.pl\/?p=9406"},"modified":"2025-04-30T07:49:32","modified_gmt":"2025-04-30T05:49:32","slug":"wycieczka-25-26-27-kwietnia-2025-roku-cz-i","status":"publish","type":"post","link":"https:\/\/www.milosnicylasu.olsztyn.pl\/?p=9406","title":{"rendered":"Wycieczka 25, 26, 27 kwietnia 2025 roku cz.I"},"content":{"rendered":"<p><a href=\"https:\/\/www.milosnicylasu.olsztyn.pl\/wp-content\/uploads\/2025\/04\/P4260135-www.jpg\" data-rel=\"lightbox-image-0\" data-magnific_type=\"image\" data-rl_title=\"\" data-rl_caption=\"\" title=\"\"><img loading=\"lazy\" decoding=\"async\" class=\"size-medium wp-image-9407 alignleft\" src=\"https:\/\/www.milosnicylasu.olsztyn.pl\/wp-content\/uploads\/2025\/04\/P4260135-www-300x225.jpg\" alt=\"\" width=\"300\" height=\"225\" srcset=\"https:\/\/www.milosnicylasu.olsztyn.pl\/wp-content\/uploads\/2025\/04\/P4260135-www-300x225.jpg 300w, https:\/\/www.milosnicylasu.olsztyn.pl\/wp-content\/uploads\/2025\/04\/P4260135-www-768x576.jpg 768w, https:\/\/www.milosnicylasu.olsztyn.pl\/wp-content\/uploads\/2025\/04\/P4260135-www.jpg 1024w\" sizes=\"auto, (max-width: 300px) 100vw, 300px\" \/><\/a>Dzie\u0144 coraz d\u0142u\u017cszy, \u015bwieci\u0142o s\u0142oneczko, troch\u0119 wia\u0142o, ale c\u00f3\u017c to dla nas- turyst\u00f3w, kt\u00f3rzy w\u0119druj\u0105 w ka\u017cd\u0105 sobot\u0119. Tym razem wyruszyli\u015bmy w Polsk\u0119&#8230;&#8230;. Prezes Ko\u0142a Mi\u0142o\u015bnik\u00f3w Lasu i Militari\u00f3w LOK przy ATW w Olsztynie Anatol Leszczy\u0144ski zorganizowa\u0142 nam trzydniowy wypad na Hel, w kt\u00f3rym byli\u015bmy 25, 26, 27 kwietnia 2025 roku. Bardzo dobry okres na zwiedzenie, szczeg\u00f3lnie, \u017ce nie ma du\u017co turyst\u00f3w.<\/p>\n<p><a href=\"https:\/\/www.milosnicylasu.olsztyn.pl\/wp-content\/uploads\/2025\/04\/P4250002-www.jpg\" data-rel=\"lightbox-image-1\" data-magnific_type=\"image\" data-rl_title=\"\" data-rl_caption=\"\" title=\"\"><img loading=\"lazy\" decoding=\"async\" class=\"size-medium wp-image-9416 alignright\" src=\"https:\/\/www.milosnicylasu.olsztyn.pl\/wp-content\/uploads\/2025\/04\/P4250002-www-300x225.jpg\" alt=\"\" width=\"300\" height=\"225\" srcset=\"https:\/\/www.milosnicylasu.olsztyn.pl\/wp-content\/uploads\/2025\/04\/P4250002-www-300x225.jpg 300w, https:\/\/www.milosnicylasu.olsztyn.pl\/wp-content\/uploads\/2025\/04\/P4250002-www-768x576.jpg 768w, https:\/\/www.milosnicylasu.olsztyn.pl\/wp-content\/uploads\/2025\/04\/P4250002-www.jpg 1024w\" sizes=\"auto, (max-width: 300px) 100vw, 300px\" \/><\/a><strong>Hel<\/strong>\u00a0 \u2013miasto w wojew\u00f3dztwie pomorskim, w powiecie puckim, po\u0142o\u017cone na cyplu Mierzei Helskiej nad Morzem Ba\u0142tyckim. Wed\u0142ug danych na 31 grudnia 2022 w mie\u015bcie mieszka 2835 os\u00f3b.<\/p>\n<p><a href=\"https:\/\/www.milosnicylasu.olsztyn.pl\/wp-content\/uploads\/2025\/04\/P4250014-www.jpg\" data-rel=\"lightbox-image-2\" data-magnific_type=\"image\" data-rl_title=\"\" data-rl_caption=\"\" title=\"\"><img loading=\"lazy\" decoding=\"async\" class=\"size-medium wp-image-9419 alignright\" src=\"https:\/\/www.milosnicylasu.olsztyn.pl\/wp-content\/uploads\/2025\/04\/P4250014-www-225x300.jpg\" alt=\"\" width=\"225\" height=\"300\" srcset=\"https:\/\/www.milosnicylasu.olsztyn.pl\/wp-content\/uploads\/2025\/04\/P4250014-www-225x300.jpg 225w, https:\/\/www.milosnicylasu.olsztyn.pl\/wp-content\/uploads\/2025\/04\/P4250014-www.jpg 768w\" sizes=\"auto, (max-width: 225px) 100vw, 225px\" \/><\/a><\/p>\n<p>Hel to popularne i urokliwe miasteczko, kt\u00f3re przyci\u0105ga tysi\u0105ce turyst\u00f3w pragn\u0105cych znale\u017a\u0107 odpoczynek od codzienno\u015bci lub po prostu wyj\u0105tkowo sp\u0119dzi\u0107\u00a0 czas. Usytuowany na samym kra\u0144cu P\u00f3\u0142wyspu Helskiego, potocznie nazywany jest &#8222;pocz\u0105tkiem Polski&#8221;, co uwidoczniono na pomniku usypanym z kamieni pochodz\u0105cych\u00a0 z r\u00f3\u017cnych stron Kaszub.<\/p>\n<p>P\u00f3\u0142wysep (zwany przez miejscowych <strong>Helsk\u0105 Kos\u0105<\/strong>) ukszta\u0142towany zosta\u0142 przez pr\u0105dy morskie, \u0142\u0105cz\u0105c licznie rozproszone wyspy w jedn\u0105 ca\u0142o\u015b\u0107. Dzisiejszy Hel po\u0142o\u017cony jest ok.1,5 km na wsch\u00f3d od pierwotnej lokalizacji miasta. Stary Hel prawa miejskie uzyska\u0142 ju\u017c w XIII w. z r\u0105k ksi\u0119cia pomorskiego \u015awi\u0119tope\u0142ka II, jednak si\u0142y natury sprawi\u0142y, \u017ce na pocz. XV w. rozpocz\u0119\u0142a si\u0119 budowa nowej osady w obecnym miejscu. Dzi\u015b ju\u017c bardzo trudno jest odszuka\u0107 jakichkolwiek <strong>\u015blad\u00f3w pierwotnego miasta<\/strong>, tote\u017c najstarsze dzieje Helu pozostaj\u0105 historyczn\u0105 zagadk\u0105 archeologiczn\u0105.<\/p>\n<p><a href=\"https:\/\/www.milosnicylasu.olsztyn.pl\/wp-content\/uploads\/2025\/04\/P4250006-www.jpg\" data-rel=\"lightbox-image-3\" data-magnific_type=\"image\" data-rl_title=\"\" data-rl_caption=\"\" title=\"\"><img loading=\"lazy\" decoding=\"async\" class=\"size-medium wp-image-9410 alignright\" src=\"https:\/\/www.milosnicylasu.olsztyn.pl\/wp-content\/uploads\/2025\/04\/P4250006-www-300x225.jpg\" alt=\"\" width=\"300\" height=\"225\" srcset=\"https:\/\/www.milosnicylasu.olsztyn.pl\/wp-content\/uploads\/2025\/04\/P4250006-www-300x225.jpg 300w, https:\/\/www.milosnicylasu.olsztyn.pl\/wp-content\/uploads\/2025\/04\/P4250006-www-768x576.jpg 768w, https:\/\/www.milosnicylasu.olsztyn.pl\/wp-content\/uploads\/2025\/04\/P4250006-www.jpg 1024w\" sizes=\"auto, (max-width: 300px) 100vw, 300px\" \/><\/a><\/p>\n<p><a href=\"https:\/\/www.milosnicylasu.olsztyn.pl\/wp-content\/uploads\/2025\/04\/P4250008-www.jpg\" data-rel=\"lightbox-image-4\" data-magnific_type=\"image\" data-rl_title=\"\" data-rl_caption=\"\" title=\"\"><img loading=\"lazy\" decoding=\"async\" class=\"size-medium wp-image-9411 alignleft\" src=\"https:\/\/www.milosnicylasu.olsztyn.pl\/wp-content\/uploads\/2025\/04\/P4250008-www-300x225.jpg\" alt=\"\" width=\"300\" height=\"225\" srcset=\"https:\/\/www.milosnicylasu.olsztyn.pl\/wp-content\/uploads\/2025\/04\/P4250008-www-300x225.jpg 300w, https:\/\/www.milosnicylasu.olsztyn.pl\/wp-content\/uploads\/2025\/04\/P4250008-www-768x576.jpg 768w, https:\/\/www.milosnicylasu.olsztyn.pl\/wp-content\/uploads\/2025\/04\/P4250008-www.jpg 1024w\" sizes=\"auto, (max-width: 300px) 100vw, 300px\" \/><\/a><\/p>\n<p>Prawdziwym sercem Helu jest <strong>ulica Wiejska<\/strong>, uznawana za jedn\u0105 z najpi\u0119kniejszych uliczek w turystycznych miejscowo\u015bciach po\u0142o\u017conych nad polskim Ba\u0142tykiem.<\/p>\n<p><a href=\"https:\/\/www.milosnicylasu.olsztyn.pl\/wp-content\/uploads\/2025\/04\/P4250010-www.jpg\" data-rel=\"lightbox-image-5\" data-magnific_type=\"image\" data-rl_title=\"\" data-rl_caption=\"\" title=\"\"><img loading=\"lazy\" decoding=\"async\" class=\"size-medium wp-image-9420\" src=\"https:\/\/www.milosnicylasu.olsztyn.pl\/wp-content\/uploads\/2025\/04\/P4250010-www-300x225.jpg\" alt=\"\" width=\"300\" height=\"225\" srcset=\"https:\/\/www.milosnicylasu.olsztyn.pl\/wp-content\/uploads\/2025\/04\/P4250010-www-300x225.jpg 300w, https:\/\/www.milosnicylasu.olsztyn.pl\/wp-content\/uploads\/2025\/04\/P4250010-www-768x576.jpg 768w, https:\/\/www.milosnicylasu.olsztyn.pl\/wp-content\/uploads\/2025\/04\/P4250010-www.jpg 1024w\" sizes=\"auto, (max-width: 300px) 100vw, 300px\" \/><\/a><\/p>\n<p>Zachowa\u0142y si\u0119 tu liczne <strong>ryglowe i ceglane domki rybackie,<\/strong> kt\u00f3re niegdy\u015b tworzy\u0142y unikaln\u0105 zabudow\u0119 kaszubskiej wsi. Dzi\u015b jest tu ca\u0142e mn\u00f3stwo restauracji, bar\u00f3w, kawiarni i sklep\u00f3w, gdzie tury\u015bci skosztowa\u0107 mog\u0105 <strong>tradycyjnej kuchni<\/strong> oraz zakupi\u0107 pami\u0105tki.<\/p>\n<p><a href=\"https:\/\/www.milosnicylasu.olsztyn.pl\/wp-content\/uploads\/2025\/04\/P4250092-www.jpg\" data-rel=\"lightbox-image-6\" data-magnific_type=\"image\" data-rl_title=\"\" data-rl_caption=\"\" title=\"\"><img loading=\"lazy\" decoding=\"async\" class=\"size-medium wp-image-9422 alignleft\" src=\"https:\/\/www.milosnicylasu.olsztyn.pl\/wp-content\/uploads\/2025\/04\/P4250092-www-300x225.jpg\" alt=\"\" width=\"300\" height=\"225\" srcset=\"https:\/\/www.milosnicylasu.olsztyn.pl\/wp-content\/uploads\/2025\/04\/P4250092-www-300x225.jpg 300w, https:\/\/www.milosnicylasu.olsztyn.pl\/wp-content\/uploads\/2025\/04\/P4250092-www-768x576.jpg 768w, https:\/\/www.milosnicylasu.olsztyn.pl\/wp-content\/uploads\/2025\/04\/P4250092-www.jpg 1024w\" sizes=\"auto, (max-width: 300px) 100vw, 300px\" \/><\/a><\/p>\n<p>Najstarszym zabytkiem w Helu\u00a0jest poewangelicki, gotycki ko\u015bci\u00f3\u0142, malowniczo usytuowany w pobli\u017cu portu i promenady spacerowej. Dawna \u015bwi\u0105tynia nie pe\u0142ni ju\u017c dzi\u015b funkcji sakralnych, za to jest siedzib\u0105 Muzeum Rybo\u0142\u00f3wstwa i dzia\u0142a jako oddzia\u0142 Narodowego Muzeum Morskiego w Gda\u0144sku.<\/p>\n<p><a href=\"https:\/\/www.milosnicylasu.olsztyn.pl\/wp-content\/uploads\/2025\/04\/P4260118-www.jpg\" data-rel=\"lightbox-image-7\" data-magnific_type=\"image\" data-rl_title=\"\" data-rl_caption=\"\" title=\"\"><img loading=\"lazy\" decoding=\"async\" class=\"size-medium wp-image-9423 alignright\" src=\"https:\/\/www.milosnicylasu.olsztyn.pl\/wp-content\/uploads\/2025\/04\/P4260118-www-225x300.jpg\" alt=\"\" width=\"225\" height=\"300\" srcset=\"https:\/\/www.milosnicylasu.olsztyn.pl\/wp-content\/uploads\/2025\/04\/P4260118-www-225x300.jpg 225w, https:\/\/www.milosnicylasu.olsztyn.pl\/wp-content\/uploads\/2025\/04\/P4260118-www.jpg 768w\" sizes=\"auto, (max-width: 225px) 100vw, 225px\" \/><\/a><\/p>\n<p>&nbsp;<\/p>\n<p>Wspaniale zaaran\u017cowane wystawy prezentuj\u0105 bogate dzieje rybo\u0142\u00f3wstwa na <strong>Morzu Ba\u0142tyckim,<\/strong> za\u015b dawna wie\u017ca ko\u015bcielna pe\u0142ni obecnie funkcj\u0119 <strong>punktu widokowego<\/strong>.<\/p>\n<p><a href=\"https:\/\/www.milosnicylasu.olsztyn.pl\/wp-content\/uploads\/2025\/04\/P4260137-www.jpg\" data-rel=\"lightbox-image-8\" data-magnific_type=\"image\" data-rl_title=\"\" data-rl_caption=\"\" title=\"\"><img loading=\"lazy\" decoding=\"async\" class=\"size-medium wp-image-9424 alignright\" src=\"https:\/\/www.milosnicylasu.olsztyn.pl\/wp-content\/uploads\/2025\/04\/P4260137-www-300x225.jpg\" alt=\"\" width=\"300\" height=\"225\" srcset=\"https:\/\/www.milosnicylasu.olsztyn.pl\/wp-content\/uploads\/2025\/04\/P4260137-www-300x225.jpg 300w, https:\/\/www.milosnicylasu.olsztyn.pl\/wp-content\/uploads\/2025\/04\/P4260137-www-768x576.jpg 768w, https:\/\/www.milosnicylasu.olsztyn.pl\/wp-content\/uploads\/2025\/04\/P4260137-www.jpg 1024w\" sizes=\"auto, (max-width: 300px) 100vw, 300px\" \/><\/a><\/p>\n<p>Jest to miejsce szczeg\u00f3lnie warte odwiedzenia, chyba na ca\u0142ym P\u00f3\u0142wyspie nie ma drugiego takiego widoku, panorama helskiego portu, widok na <strong>Zatok\u0119 Puck\u0105<\/strong>, a przy dobrej widoczno\u015bci Tr\u00f3jmiasto na horyzoncie. Wdrapuj\u0105c si\u0119 na dawn\u0105 wie\u017c\u0119 ko\u015bcio\u0142a zobaczyli\u015bmy co\u015b, co na d\u0142ugo pozostanie w naszej turystycznej pami\u0119ci.<\/p>\n<p>&nbsp;<\/p>\n","protected":false},"excerpt":{"rendered":"<p>Dzie\u0144 coraz d\u0142u\u017cszy, \u015bwieci\u0142o s\u0142oneczko, troch\u0119 wia\u0142o, ale c\u00f3\u017c to dla nas- turyst\u00f3w, kt\u00f3rzy w\u0119druj\u0105 w ka\u017cd\u0105 sobot\u0119. Tym razem wyruszyli\u015bmy w Polsk\u0119&#8230;&#8230;. Prezes Ko\u0142a Mi\u0142o\u015bnik\u00f3w Lasu i Militari\u00f3w LOK przy ATW w Olsztynie Anatol Leszczy\u0144ski zorganizowa\u0142 nam trzydniowy wypad na Hel, w kt\u00f3rym byli\u015bmy 25, 26, 27 kwietnia 2025 roku. Bardzo dobry okres na [&hellip;]<\/p>\n","protected":false},"author":2,"featured_media":0,"comment_status":"open","ping_status":"open","sticky":false,"template":"","format":"standard","meta":{"footnotes":""},"categories":[1],"tags":[],"class_list":["post-9406","post","type-post","status-publish","format-standard","hentry","category-bez-kategorii"],"_links":{"self":[{"href":"https:\/\/www.milosnicylasu.olsztyn.pl\/index.php?rest_route=\/wp\/v2\/posts\/9406","targetHints":{"allow":["GET"]}}],"collection":[{"href":"https:\/\/www.milosnicylasu.olsztyn.pl\/index.php?rest_route=\/wp\/v2\/posts"}],"about":[{"href":"https:\/\/www.milosnicylasu.olsztyn.pl\/index.php?rest_route=\/wp\/v2\/types\/post"}],"author":[{"embeddable":true,"href":"https:\/\/www.milosnicylasu.olsztyn.pl\/index.php?rest_route=\/wp\/v2\/users\/2"}],"replies":[{"embeddable":true,"href":"https:\/\/www.milosnicylasu.olsztyn.pl\/index.php?rest_route=%2Fwp%2Fv2%2Fcomments&post=9406"}],"version-history":[{"count":10,"href":"https:\/\/www.milosnicylasu.olsztyn.pl\/index.php?rest_route=\/wp\/v2\/posts\/9406\/revisions"}],"predecessor-version":[{"id":9427,"href":"https:\/\/www.milosnicylasu.olsztyn.pl\/index.php?rest_route=\/wp\/v2\/posts\/9406\/revisions\/9427"}],"wp:attachment":[{"href":"https:\/\/www.milosnicylasu.olsztyn.pl\/index.php?rest_route=%2Fwp%2Fv2%2Fmedia&parent=9406"}],"wp:term":[{"taxonomy":"category","embeddable":true,"href":"https:\/\/www.milosnicylasu.olsztyn.pl\/index.php?rest_route=%2Fwp%2Fv2%2Fcategories&post=9406"},{"taxonomy":"post_tag","embeddable":true,"href":"https:\/\/www.milosnicylasu.olsztyn.pl\/index.php?rest_route=%2Fwp%2Fv2%2Ftags&post=9406"}],"curies":[{"name":"wp","href":"https:\/\/api.w.org\/{rel}","templated":true}]}}