{"id":9428,"date":"2025-05-01T06:40:20","date_gmt":"2025-05-01T04:40:20","guid":{"rendered":"https:\/\/www.milosnicylasu.olsztyn.pl\/?p=9428"},"modified":"2025-05-01T06:46:02","modified_gmt":"2025-05-01T04:46:02","slug":"wycieczka-na-hel-cz-ii-lasy","status":"publish","type":"post","link":"https:\/\/www.milosnicylasu.olsztyn.pl\/?p=9428","title":{"rendered":"Wycieczka na Hel cz.II lasy"},"content":{"rendered":"<p><a href=\"https:\/\/www.milosnicylasu.olsztyn.pl\/wp-content\/uploads\/2025\/05\/P4250018-www.jpg\" data-rel=\"lightbox-image-0\" data-magnific_type=\"image\" data-rl_title=\"\" data-rl_caption=\"\" title=\"\"><img loading=\"lazy\" decoding=\"async\" class=\"size-medium wp-image-9429 alignleft\" src=\"https:\/\/www.milosnicylasu.olsztyn.pl\/wp-content\/uploads\/2025\/05\/P4250018-www-300x225.jpg\" alt=\"\" width=\"300\" height=\"225\" srcset=\"https:\/\/www.milosnicylasu.olsztyn.pl\/wp-content\/uploads\/2025\/05\/P4250018-www-300x225.jpg 300w, https:\/\/www.milosnicylasu.olsztyn.pl\/wp-content\/uploads\/2025\/05\/P4250018-www-768x576.jpg 768w, https:\/\/www.milosnicylasu.olsztyn.pl\/wp-content\/uploads\/2025\/05\/P4250018-www.jpg 1024w\" sizes=\"auto, (max-width: 300px) 100vw, 300px\" \/><\/a><\/p>\n<p>Jak przysta\u0142o na mi\u0142o\u015bnik\u00f3w lasu, na naszej wycieczce nie mog\u0142o zabrakn\u0105\u0107 &#8230;&#8230;. wielkiej atrakcji przyrodniczej.\u00a0 Po kr\u00f3tkim odpoczynku ruszyli\u015bmy wi\u0119c w las.<\/p>\n<p><a href=\"https:\/\/www.milosnicylasu.olsztyn.pl\/wp-content\/uploads\/2025\/05\/P4250020-www.jpg\" data-rel=\"lightbox-image-1\" data-magnific_type=\"image\" data-rl_title=\"\" data-rl_caption=\"\" title=\"\"><img loading=\"lazy\" decoding=\"async\" class=\"size-medium wp-image-9430\" src=\"https:\/\/www.milosnicylasu.olsztyn.pl\/wp-content\/uploads\/2025\/05\/P4250020-www-300x225.jpg\" alt=\"\" width=\"300\" height=\"225\" srcset=\"https:\/\/www.milosnicylasu.olsztyn.pl\/wp-content\/uploads\/2025\/05\/P4250020-www-300x225.jpg 300w, https:\/\/www.milosnicylasu.olsztyn.pl\/wp-content\/uploads\/2025\/05\/P4250020-www-768x576.jpg 768w, https:\/\/www.milosnicylasu.olsztyn.pl\/wp-content\/uploads\/2025\/05\/P4250020-www.jpg 1024w\" sizes=\"auto, (max-width: 300px) 100vw, 300px\" \/><\/a><\/p>\n<p>Sosny w okolicach <strong>Helu <\/strong>tworz\u0105 <strong>ba\u017cynowy b\u00f3r. To las nadmorski, w kt\u00f3rym sosny s\u0105 niskie, poskr\u0119cane, o krzywych pniach zniekszta\u0142conych przez silne wiatry<\/strong>. Korony maj\u0105 roz\u0142o\u017cyste i raczej wiotkie, by wsp\u00f3\u0142gra\u0107 z podmuchami morskich wichr\u00f3w<strong>.<\/strong><\/p>\n<p><a href=\"https:\/\/www.milosnicylasu.olsztyn.pl\/wp-content\/uploads\/2025\/05\/P4250023-www.jpg\" data-rel=\"lightbox-image-2\" data-magnific_type=\"image\" data-rl_title=\"\" data-rl_caption=\"\" title=\"\"><img loading=\"lazy\" decoding=\"async\" class=\"size-medium wp-image-9437\" src=\"https:\/\/www.milosnicylasu.olsztyn.pl\/wp-content\/uploads\/2025\/05\/P4250023-www-300x225.jpg\" alt=\"\" width=\"300\" height=\"225\" srcset=\"https:\/\/www.milosnicylasu.olsztyn.pl\/wp-content\/uploads\/2025\/05\/P4250023-www-300x225.jpg 300w, https:\/\/www.milosnicylasu.olsztyn.pl\/wp-content\/uploads\/2025\/05\/P4250023-www-768x576.jpg 768w, https:\/\/www.milosnicylasu.olsztyn.pl\/wp-content\/uploads\/2025\/05\/P4250023-www.jpg 1024w\" sizes=\"auto, (max-width: 300px) 100vw, 300px\" \/><\/a><\/p>\n<p><a href=\"https:\/\/www.milosnicylasu.olsztyn.pl\/wp-content\/uploads\/2025\/05\/P4250027-www.jpg\" data-rel=\"lightbox-image-3\" data-magnific_type=\"image\" data-rl_title=\"\" data-rl_caption=\"\" title=\"\"><img loading=\"lazy\" decoding=\"async\" class=\"size-medium wp-image-9432 alignright\" src=\"https:\/\/www.milosnicylasu.olsztyn.pl\/wp-content\/uploads\/2025\/05\/P4250027-www-300x225.jpg\" alt=\"\" width=\"300\" height=\"225\" srcset=\"https:\/\/www.milosnicylasu.olsztyn.pl\/wp-content\/uploads\/2025\/05\/P4250027-www-300x225.jpg 300w, https:\/\/www.milosnicylasu.olsztyn.pl\/wp-content\/uploads\/2025\/05\/P4250027-www-768x576.jpg 768w, https:\/\/www.milosnicylasu.olsztyn.pl\/wp-content\/uploads\/2025\/05\/P4250027-www.jpg 1024w\" sizes=\"auto, (max-width: 300px) 100vw, 300px\" \/><\/a><\/p>\n<p>&nbsp;<\/p>\n<p>&nbsp;<\/p>\n<p>Pomi\u0119dzy drzewami pojawiaj\u0105 si\u0119 rachityczne mchy i porosty oraz krzewinki (niskie, wieloletnie ro\u015bliny o rozga\u0142\u0119zionych zdrewnia\u0142ych p\u0119dach bez wyra\u017anego pnia g\u0142\u00f3wnego), takie jak ba\u017cyna czarna (st\u0105d nazwa boru), bor\u00f3wki, brusznica i wrzos.\u00a0 Pi\u0119knie opisa\u0142 to \u017beromski w \u201eMi\u0119dzymorzu&#8221;:<\/p>\n<p><a href=\"https:\/\/www.milosnicylasu.olsztyn.pl\/wp-content\/uploads\/2025\/05\/P4250024-www.jpg\" data-rel=\"lightbox-image-4\" data-magnific_type=\"image\" data-rl_title=\"\" data-rl_caption=\"\" title=\"\"><img loading=\"lazy\" decoding=\"async\" class=\"size-medium wp-image-9431 alignleft\" src=\"https:\/\/www.milosnicylasu.olsztyn.pl\/wp-content\/uploads\/2025\/05\/P4250024-www-300x225.jpg\" alt=\"\" width=\"300\" height=\"225\" srcset=\"https:\/\/www.milosnicylasu.olsztyn.pl\/wp-content\/uploads\/2025\/05\/P4250024-www-300x225.jpg 300w, https:\/\/www.milosnicylasu.olsztyn.pl\/wp-content\/uploads\/2025\/05\/P4250024-www-768x576.jpg 768w, https:\/\/www.milosnicylasu.olsztyn.pl\/wp-content\/uploads\/2025\/05\/P4250024-www.jpg 1024w\" sizes=\"auto, (max-width: 300px) 100vw, 300px\" \/><\/a><\/p>\n<p><strong>&#8222;<em> Za wa\u0142em piaszczystym, kt\u00f3ry morze wygarn\u0119\u0142o ze siebie i usypa\u0142o na brzegu w niezbadanych swych zamys\u0142ach, czaj\u0105 si\u0119 pnie ko\u015blawe, garbate, skr\u0119cone. Przysiad\u0142szy, niczem ludzie strudzeni, ubodzy, \u015bcigani przez prawo okrutne, straszliwe i wieczne, za \u015bcian\u0105 przychyln\u0105, \u017cyj\u0105 cichcem, ukradkiem, pokornie. Rosn\u0105 wszerz i na poprzek, gn\u0105 si\u0119 w g\u0142\u0105b, le\u017c\u0105 w piasku, unikaj\u0105c wychylenia si\u0119 koron ponad grzebie\u0144 zas\u0142ony. Rozpo\u015bcieraj\u0105 si\u0119 po ziemi w pa\u0142\u0105k skulone i sun\u0105 w dal po kryjomu. Wypuszczaj\u0105 d\u0142ugie liny ga\u0142\u0119zi, niepomiernie rozleg\u0142e \u015bciel\u0105 wici obwieszone zieleni\u0105 przyziemn\u0105 i czubatemi szyszkami. (\u2026)<\/em>\u201d.<\/strong><\/p>\n","protected":false},"excerpt":{"rendered":"<p>Jak przysta\u0142o na mi\u0142o\u015bnik\u00f3w lasu, na naszej wycieczce nie mog\u0142o zabrakn\u0105\u0107 &#8230;&#8230;. wielkiej atrakcji przyrodniczej.\u00a0 Po kr\u00f3tkim odpoczynku ruszyli\u015bmy wi\u0119c w las. Sosny w okolicach Helu tworz\u0105 ba\u017cynowy b\u00f3r. To las nadmorski, w kt\u00f3rym sosny s\u0105 niskie, poskr\u0119cane, o krzywych pniach zniekszta\u0142conych przez silne wiatry. Korony maj\u0105 roz\u0142o\u017cyste i raczej wiotkie, by wsp\u00f3\u0142gra\u0107 z podmuchami [&hellip;]<\/p>\n","protected":false},"author":2,"featured_media":0,"comment_status":"open","ping_status":"open","sticky":false,"template":"","format":"standard","meta":{"footnotes":""},"categories":[1,9,17,5],"tags":[],"class_list":["post-9428","post","type-post","status-publish","format-standard","hentry","category-bez-kategorii","category-ciekawostki","category-edukacja-w-terenie","category-wycieczki"],"_links":{"self":[{"href":"https:\/\/www.milosnicylasu.olsztyn.pl\/index.php?rest_route=\/wp\/v2\/posts\/9428","targetHints":{"allow":["GET"]}}],"collection":[{"href":"https:\/\/www.milosnicylasu.olsztyn.pl\/index.php?rest_route=\/wp\/v2\/posts"}],"about":[{"href":"https:\/\/www.milosnicylasu.olsztyn.pl\/index.php?rest_route=\/wp\/v2\/types\/post"}],"author":[{"embeddable":true,"href":"https:\/\/www.milosnicylasu.olsztyn.pl\/index.php?rest_route=\/wp\/v2\/users\/2"}],"replies":[{"embeddable":true,"href":"https:\/\/www.milosnicylasu.olsztyn.pl\/index.php?rest_route=%2Fwp%2Fv2%2Fcomments&post=9428"}],"version-history":[{"count":4,"href":"https:\/\/www.milosnicylasu.olsztyn.pl\/index.php?rest_route=\/wp\/v2\/posts\/9428\/revisions"}],"predecessor-version":[{"id":9438,"href":"https:\/\/www.milosnicylasu.olsztyn.pl\/index.php?rest_route=\/wp\/v2\/posts\/9428\/revisions\/9438"}],"wp:attachment":[{"href":"https:\/\/www.milosnicylasu.olsztyn.pl\/index.php?rest_route=%2Fwp%2Fv2%2Fmedia&parent=9428"}],"wp:term":[{"taxonomy":"category","embeddable":true,"href":"https:\/\/www.milosnicylasu.olsztyn.pl\/index.php?rest_route=%2Fwp%2Fv2%2Fcategories&post=9428"},{"taxonomy":"post_tag","embeddable":true,"href":"https:\/\/www.milosnicylasu.olsztyn.pl\/index.php?rest_route=%2Fwp%2Fv2%2Ftags&post=9428"}],"curies":[{"name":"wp","href":"https:\/\/api.w.org\/{rel}","templated":true}]}}