{"id":9439,"date":"2025-05-05T13:20:58","date_gmt":"2025-05-05T11:20:58","guid":{"rendered":"https:\/\/www.milosnicylasu.olsztyn.pl\/?p=9439"},"modified":"2025-05-05T13:40:00","modified_gmt":"2025-05-05T11:40:00","slug":"wycieczka-na-hel-cz-iii-militaria","status":"publish","type":"post","link":"https:\/\/www.milosnicylasu.olsztyn.pl\/?p=9439","title":{"rendered":"Wycieczka na Hel cz.III militaria"},"content":{"rendered":"<h2>By\u0142y lasy, a teraz &#8230;&#8230;<\/h2>\n<h2>Hel &#8211; zabytki militarne, czyli to co mamy w nazwie naszego Ko\u0142a<\/h2>\n<p><a href=\"https:\/\/www.milosnicylasu.olsztyn.pl\/wp-content\/uploads\/2025\/05\/P4250037-www.jpg\" data-rel=\"lightbox-image-0\" data-magnific_type=\"image\" data-rl_title=\"\" data-rl_caption=\"\" title=\"\"><img loading=\"lazy\" decoding=\"async\" class=\"size-medium wp-image-9442 alignleft\" src=\"https:\/\/www.milosnicylasu.olsztyn.pl\/wp-content\/uploads\/2025\/05\/P4250037-www-300x225.jpg\" alt=\"\" width=\"300\" height=\"225\" srcset=\"https:\/\/www.milosnicylasu.olsztyn.pl\/wp-content\/uploads\/2025\/05\/P4250037-www-300x225.jpg 300w, https:\/\/www.milosnicylasu.olsztyn.pl\/wp-content\/uploads\/2025\/05\/P4250037-www-768x576.jpg 768w, https:\/\/www.milosnicylasu.olsztyn.pl\/wp-content\/uploads\/2025\/05\/P4250037-www.jpg 1024w\" sizes=\"auto, (max-width: 300px) 100vw, 300px\" \/><\/a><\/p>\n<p>W lesie otaczaj\u0105cym Hel zachowa\u0142y si\u0119 liczne przyk\u0142ady zabytk\u00f3w militarnych. Cz\u0119\u015b\u0107 z nich powsta\u0142a jeszcze przed wojn\u0105 w ramach <strong>Rejonu Umocnionego Hel<\/strong>, a pozosta\u0142e zosta\u0142y wzniesione przez Niemc\u00f3w w trakcie II wojny \u015bwiatowej lub ju\u017c po jej zako\u0144czeniu przez \u00f3wczesne w\u0142adze polskie.<\/p>\n<p>Do najbardziej imponuj\u0105cych zabytk\u00f3w nale\u017c\u0105 pozosta\u0142o\u015bci po <strong>najwi\u0119kszej na \u015bwiecie baterii artylerii nadbrze\u017cnej Schleswig-Holstein<\/strong> zbudowanej przez Niemc\u00f3w w <strong>1940 roku<\/strong>. Bateria sk\u0142ada\u0142a si\u0119 z trzech stanowisk artyleryjskich dla <strong>dzia\u0142 kalibru 406 mm<\/strong>, <strong>9-kondygnacyjnej wie\u017cy sterowania ogniem<\/strong> oraz dw\u00f3ch \u017celbetonowych magazyn\u00f3w amunicji.<\/p>\n<p><a href=\"https:\/\/www.milosnicylasu.olsztyn.pl\/wp-content\/uploads\/2025\/05\/P4250051-www.jpg\" data-rel=\"lightbox-image-1\" data-magnific_type=\"image\" data-rl_title=\"\" data-rl_caption=\"\" title=\"\"><img loading=\"lazy\" decoding=\"async\" class=\"size-medium wp-image-9443 alignright\" src=\"https:\/\/www.milosnicylasu.olsztyn.pl\/wp-content\/uploads\/2025\/05\/P4250051-www-300x225.jpg\" alt=\"\" width=\"300\" height=\"225\" srcset=\"https:\/\/www.milosnicylasu.olsztyn.pl\/wp-content\/uploads\/2025\/05\/P4250051-www-300x225.jpg 300w, https:\/\/www.milosnicylasu.olsztyn.pl\/wp-content\/uploads\/2025\/05\/P4250051-www-768x576.jpg 768w, https:\/\/www.milosnicylasu.olsztyn.pl\/wp-content\/uploads\/2025\/05\/P4250051-www.jpg 1024w\" sizes=\"auto, (max-width: 300px) 100vw, 300px\" \/><\/a><\/p>\n<p>W obiektach stanowiska artyleryjskiego B1 mie\u015bci si\u0119\u00a0 <strong>Muzeum Helu<\/strong>, a stanowisko artyleryjskie B2 wraz z s\u0105siaduj\u0105cymi z nim koszarami przekszta\u0142cono w <strong>Muzeum Obrony Wybrze\u017ca<\/strong>. Tak\u017ce wysoka wie\u017ca sterowania ogniem pe\u0142ni dzi\u015b funkcje wystawowe.<\/p>\n<p><a href=\"https:\/\/www.milosnicylasu.olsztyn.pl\/wp-content\/uploads\/2025\/05\/P4250054-www.jpg\" data-rel=\"lightbox-image-2\" data-magnific_type=\"image\" data-rl_title=\"\" data-rl_caption=\"\" title=\"\"><img loading=\"lazy\" decoding=\"async\" class=\"size-medium wp-image-9444 alignright\" src=\"https:\/\/www.milosnicylasu.olsztyn.pl\/wp-content\/uploads\/2025\/05\/P4250054-www-300x225.jpg\" alt=\"\" width=\"300\" height=\"225\" srcset=\"https:\/\/www.milosnicylasu.olsztyn.pl\/wp-content\/uploads\/2025\/05\/P4250054-www-300x225.jpg 300w, https:\/\/www.milosnicylasu.olsztyn.pl\/wp-content\/uploads\/2025\/05\/P4250054-www-768x576.jpg 768w, https:\/\/www.milosnicylasu.olsztyn.pl\/wp-content\/uploads\/2025\/05\/P4250054-www.jpg 1024w\" sizes=\"auto, (max-width: 300px) 100vw, 300px\" \/><\/a><\/p>\n<p>&nbsp;<\/p>\n","protected":false},"excerpt":{"rendered":"<p>By\u0142y lasy, a teraz &#8230;&#8230; Hel &#8211; zabytki militarne, czyli to co mamy w nazwie naszego Ko\u0142a W lesie otaczaj\u0105cym Hel zachowa\u0142y si\u0119 liczne przyk\u0142ady zabytk\u00f3w militarnych. Cz\u0119\u015b\u0107 z nich powsta\u0142a jeszcze przed wojn\u0105 w ramach Rejonu Umocnionego Hel, a pozosta\u0142e zosta\u0142y wzniesione przez Niemc\u00f3w w trakcie II wojny \u015bwiatowej lub ju\u017c po jej zako\u0144czeniu [&hellip;]<\/p>\n","protected":false},"author":2,"featured_media":0,"comment_status":"open","ping_status":"open","sticky":false,"template":"","format":"standard","meta":{"footnotes":""},"categories":[1,9,17,5],"tags":[],"class_list":["post-9439","post","type-post","status-publish","format-standard","hentry","category-bez-kategorii","category-ciekawostki","category-edukacja-w-terenie","category-wycieczki"],"_links":{"self":[{"href":"https:\/\/www.milosnicylasu.olsztyn.pl\/index.php?rest_route=\/wp\/v2\/posts\/9439","targetHints":{"allow":["GET"]}}],"collection":[{"href":"https:\/\/www.milosnicylasu.olsztyn.pl\/index.php?rest_route=\/wp\/v2\/posts"}],"about":[{"href":"https:\/\/www.milosnicylasu.olsztyn.pl\/index.php?rest_route=\/wp\/v2\/types\/post"}],"author":[{"embeddable":true,"href":"https:\/\/www.milosnicylasu.olsztyn.pl\/index.php?rest_route=\/wp\/v2\/users\/2"}],"replies":[{"embeddable":true,"href":"https:\/\/www.milosnicylasu.olsztyn.pl\/index.php?rest_route=%2Fwp%2Fv2%2Fcomments&post=9439"}],"version-history":[{"count":7,"href":"https:\/\/www.milosnicylasu.olsztyn.pl\/index.php?rest_route=\/wp\/v2\/posts\/9439\/revisions"}],"predecessor-version":[{"id":9450,"href":"https:\/\/www.milosnicylasu.olsztyn.pl\/index.php?rest_route=\/wp\/v2\/posts\/9439\/revisions\/9450"}],"wp:attachment":[{"href":"https:\/\/www.milosnicylasu.olsztyn.pl\/index.php?rest_route=%2Fwp%2Fv2%2Fmedia&parent=9439"}],"wp:term":[{"taxonomy":"category","embeddable":true,"href":"https:\/\/www.milosnicylasu.olsztyn.pl\/index.php?rest_route=%2Fwp%2Fv2%2Fcategories&post=9439"},{"taxonomy":"post_tag","embeddable":true,"href":"https:\/\/www.milosnicylasu.olsztyn.pl\/index.php?rest_route=%2Fwp%2Fv2%2Ftags&post=9439"}],"curies":[{"name":"wp","href":"https:\/\/api.w.org\/{rel}","templated":true}]}}