{"id":944,"date":"2014-02-11T23:12:19","date_gmt":"2014-02-11T22:12:19","guid":{"rendered":"http:\/\/www.milosnicylasu.olsztyn.pl\/?p=944"},"modified":"2014-02-11T23:13:29","modified_gmt":"2014-02-11T22:13:29","slug":"spotkanie-pocztowkowe","status":"publish","type":"post","link":"https:\/\/www.milosnicylasu.olsztyn.pl\/?p=944","title":{"rendered":"Spotkanie poczt\u00f3wkowe"},"content":{"rendered":"<p><a href=\"http:\/\/www.milosnicylasu.olsztyn.pl\/wp-content\/uploads\/2014\/02\/P2110001-www.jpg\" data-rel=\"lightbox-image-0\" data-magnific_type=\"image\" data-rl_title=\"\" data-rl_caption=\"\" title=\"\"><img loading=\"lazy\" decoding=\"async\" class=\"alignleft size-medium wp-image-945\" alt=\"P2110001-www\" src=\"http:\/\/www.milosnicylasu.olsztyn.pl\/wp-content\/uploads\/2014\/02\/P2110001-www-300x225.jpg\" width=\"300\" height=\"225\" srcset=\"https:\/\/www.milosnicylasu.olsztyn.pl\/wp-content\/uploads\/2014\/02\/P2110001-www-300x225.jpg 300w, https:\/\/www.milosnicylasu.olsztyn.pl\/wp-content\/uploads\/2014\/02\/P2110001-www-400x300.jpg 400w, https:\/\/www.milosnicylasu.olsztyn.pl\/wp-content\/uploads\/2014\/02\/P2110001-www.jpg 1024w\" sizes=\"auto, (max-width: 300px) 100vw, 300px\" \/><\/a> 11 lutego w siedzibie LOK przy ul. Westerplatte odby\u0142o si\u0119 spotkanie, w czasie kt\u00f3rego ozdabiali\u015bmy poczt\u00f3wki kolorowymi paseczkami z papieru.\u00a0A \u017ce by\u0142a z nami przedstawicielka \u00a0m\u0142odego pokolenia &#8211; Majka, by\u0142o to r\u00f3wnie\u017c spotkanie w ramach \u0142\u0105czenia pokole\u0144.<a href=\"http:\/\/www.milosnicylasu.olsztyn.pl\/wp-content\/uploads\/2014\/02\/P2110014-www.jpg\" data-rel=\"lightbox-image-1\" data-magnific_type=\"image\" data-rl_title=\"\" data-rl_caption=\"\" title=\"\"><img loading=\"lazy\" decoding=\"async\" class=\"size-medium wp-image-947 alignright\" alt=\"P2110014-www\" src=\"http:\/\/www.milosnicylasu.olsztyn.pl\/wp-content\/uploads\/2014\/02\/P2110014-www-300x225.jpg\" width=\"300\" height=\"225\" srcset=\"https:\/\/www.milosnicylasu.olsztyn.pl\/wp-content\/uploads\/2014\/02\/P2110014-www-300x225.jpg 300w, https:\/\/www.milosnicylasu.olsztyn.pl\/wp-content\/uploads\/2014\/02\/P2110014-www-400x300.jpg 400w, https:\/\/www.milosnicylasu.olsztyn.pl\/wp-content\/uploads\/2014\/02\/P2110014-www.jpg 1024w\" sizes=\"auto, (max-width: 300px) 100vw, 300px\" \/><\/a><\/p>\n<p>&nbsp;<\/p>\n<p>&nbsp;<\/p>\n<p>Sztuka quillingu okaza\u0142a si\u0119 \u0142atwiejsza ni\u017c wydawa\u0142a si\u0119 pocz\u0105tkowo i w czasie dw\u00f3ch godzin powsta\u0142y ma\u0142e dzie\u0142a sztuki.<\/p>\n<p>Oczywi\u015bcie, drobne r\u0105czki Majki by\u0142y najsprawniejsze, ale te\u017c &#8222;troch\u0119&#8221; starsze kole\u017canki &#8211; kursantki, \u015bwietnie sobie radzi\u0142y.\u00a0Do nast\u0119pnego spotkania w marcu, w czasie kt\u00f3rego b\u0119dziemy robi\u0142y poczt\u00f3wki wielkanocne.<a href=\"http:\/\/www.milosnicylasu.olsztyn.pl\/wp-content\/uploads\/2014\/02\/P2110017-www.jpg\" data-rel=\"lightbox-image-2\" data-magnific_type=\"image\" data-rl_title=\"\" data-rl_caption=\"\" title=\"\"><img loading=\"lazy\" decoding=\"async\" class=\"alignleft size-medium wp-image-948\" alt=\"P2110017-www\" src=\"http:\/\/www.milosnicylasu.olsztyn.pl\/wp-content\/uploads\/2014\/02\/P2110017-www-300x225.jpg\" width=\"300\" height=\"225\" srcset=\"https:\/\/www.milosnicylasu.olsztyn.pl\/wp-content\/uploads\/2014\/02\/P2110017-www-300x225.jpg 300w, https:\/\/www.milosnicylasu.olsztyn.pl\/wp-content\/uploads\/2014\/02\/P2110017-www-400x300.jpg 400w, https:\/\/www.milosnicylasu.olsztyn.pl\/wp-content\/uploads\/2014\/02\/P2110017-www.jpg 1024w\" sizes=\"auto, (max-width: 300px) 100vw, 300px\" \/><\/a><a href=\"http:\/\/www.milosnicylasu.olsztyn.pl\/wp-content\/uploads\/2014\/02\/P2110015-www.jpg\" data-rel=\"lightbox-image-3\" data-magnific_type=\"image\" data-rl_title=\"\" data-rl_caption=\"\" title=\"\"><img loading=\"lazy\" decoding=\"async\" class=\"size-medium wp-image-946 alignleft\" alt=\"P2110015-www\" src=\"http:\/\/www.milosnicylasu.olsztyn.pl\/wp-content\/uploads\/2014\/02\/P2110015-www-300x225.jpg\" width=\"300\" height=\"225\" srcset=\"https:\/\/www.milosnicylasu.olsztyn.pl\/wp-content\/uploads\/2014\/02\/P2110015-www-300x225.jpg 300w, https:\/\/www.milosnicylasu.olsztyn.pl\/wp-content\/uploads\/2014\/02\/P2110015-www-400x300.jpg 400w, https:\/\/www.milosnicylasu.olsztyn.pl\/wp-content\/uploads\/2014\/02\/P2110015-www.jpg 1024w\" sizes=\"auto, (max-width: 300px) 100vw, 300px\" \/><\/a><\/p>\n","protected":false},"excerpt":{"rendered":"<p>11 lutego w siedzibie LOK przy ul. Westerplatte odby\u0142o si\u0119 spotkanie, w czasie kt\u00f3rego ozdabiali\u015bmy poczt\u00f3wki kolorowymi paseczkami z papieru.\u00a0A \u017ce by\u0142a z nami przedstawicielka \u00a0m\u0142odego pokolenia &#8211; Majka, by\u0142o to r\u00f3wnie\u017c spotkanie w ramach \u0142\u0105czenia pokole\u0144. &nbsp; &nbsp; Sztuka quillingu okaza\u0142a si\u0119 \u0142atwiejsza ni\u017c wydawa\u0142a si\u0119 pocz\u0105tkowo i w czasie dw\u00f3ch godzin powsta\u0142y ma\u0142e [&hellip;]<\/p>\n","protected":false},"author":1,"featured_media":0,"comment_status":"open","ping_status":"open","sticky":false,"template":"","format":"standard","meta":{"footnotes":""},"categories":[1,11],"tags":[],"class_list":["post-944","post","type-post","status-publish","format-standard","hentry","category-bez-kategorii","category-spotkania-artystyczne"],"_links":{"self":[{"href":"https:\/\/www.milosnicylasu.olsztyn.pl\/index.php?rest_route=\/wp\/v2\/posts\/944","targetHints":{"allow":["GET"]}}],"collection":[{"href":"https:\/\/www.milosnicylasu.olsztyn.pl\/index.php?rest_route=\/wp\/v2\/posts"}],"about":[{"href":"https:\/\/www.milosnicylasu.olsztyn.pl\/index.php?rest_route=\/wp\/v2\/types\/post"}],"author":[{"embeddable":true,"href":"https:\/\/www.milosnicylasu.olsztyn.pl\/index.php?rest_route=\/wp\/v2\/users\/1"}],"replies":[{"embeddable":true,"href":"https:\/\/www.milosnicylasu.olsztyn.pl\/index.php?rest_route=%2Fwp%2Fv2%2Fcomments&post=944"}],"version-history":[{"count":2,"href":"https:\/\/www.milosnicylasu.olsztyn.pl\/index.php?rest_route=\/wp\/v2\/posts\/944\/revisions"}],"predecessor-version":[{"id":950,"href":"https:\/\/www.milosnicylasu.olsztyn.pl\/index.php?rest_route=\/wp\/v2\/posts\/944\/revisions\/950"}],"wp:attachment":[{"href":"https:\/\/www.milosnicylasu.olsztyn.pl\/index.php?rest_route=%2Fwp%2Fv2%2Fmedia&parent=944"}],"wp:term":[{"taxonomy":"category","embeddable":true,"href":"https:\/\/www.milosnicylasu.olsztyn.pl\/index.php?rest_route=%2Fwp%2Fv2%2Fcategories&post=944"},{"taxonomy":"post_tag","embeddable":true,"href":"https:\/\/www.milosnicylasu.olsztyn.pl\/index.php?rest_route=%2Fwp%2Fv2%2Ftags&post=944"}],"curies":[{"name":"wp","href":"https:\/\/api.w.org\/{rel}","templated":true}]}}