{"id":9452,"date":"2025-05-05T14:29:45","date_gmt":"2025-05-05T12:29:45","guid":{"rendered":"https:\/\/www.milosnicylasu.olsztyn.pl\/?p=9452"},"modified":"2025-05-09T17:16:04","modified_gmt":"2025-05-09T15:16:04","slug":"wycieczka-na-hel-cz-iv-fokarium-portplaze","status":"publish","type":"post","link":"https:\/\/www.milosnicylasu.olsztyn.pl\/?p=9452","title":{"rendered":"Wycieczka na Hel cz. IV &#8211; fokarium, port,pla\u017ce"},"content":{"rendered":"<p>Odwiedzaj\u0105c Hel nie spos\u00f3b nie przespacerowa\u0107 si\u0119 cho\u0107 przez chwil\u0119 <strong>Bulwarem Nadmorskim<\/strong>, kt\u00f3ry doprowadzi nas do Fokarium.<\/p>\n<p><a href=\"https:\/\/www.milosnicylasu.olsztyn.pl\/wp-content\/uploads\/2025\/05\/P4260164-www.jpg\" data-rel=\"lightbox-image-0\" data-magnific_type=\"image\" data-rl_title=\"\" data-rl_caption=\"\" title=\"\"><img loading=\"lazy\" decoding=\"async\" class=\"size-medium wp-image-9455 alignleft\" src=\"https:\/\/www.milosnicylasu.olsztyn.pl\/wp-content\/uploads\/2025\/05\/P4260164-www-300x225.jpg\" alt=\"\" width=\"300\" height=\"225\" srcset=\"https:\/\/www.milosnicylasu.olsztyn.pl\/wp-content\/uploads\/2025\/05\/P4260164-www-300x225.jpg 300w, https:\/\/www.milosnicylasu.olsztyn.pl\/wp-content\/uploads\/2025\/05\/P4260164-www-768x576.jpg 768w, https:\/\/www.milosnicylasu.olsztyn.pl\/wp-content\/uploads\/2025\/05\/P4260164-www.jpg 1024w\" sizes=\"auto, (max-width: 300px) 100vw, 300px\" \/><\/a><\/p>\n<h3>Fokarium jest cz\u0119\u015bci\u0105 Stacji Morskiej, naukowej plac\u00f3wki terenowej Instytutu Oceanografii Uniwersytetu Gda\u0144skiego. Pokaz karmienia wytresowanych i zaprzyja\u017anionych z opiekunami fok to zawsze niesamowity widok.<\/h3>\n<p><a href=\"https:\/\/www.milosnicylasu.olsztyn.pl\/wp-content\/uploads\/2025\/05\/P4250091-www.jpg\" data-rel=\"lightbox-image-1\" data-magnific_type=\"image\" data-rl_title=\"\" data-rl_caption=\"\" title=\"\"><img loading=\"lazy\" decoding=\"async\" class=\"size-medium wp-image-9456 alignright\" src=\"https:\/\/www.milosnicylasu.olsztyn.pl\/wp-content\/uploads\/2025\/05\/P4250091-www-225x300.jpg\" alt=\"\" width=\"225\" height=\"300\" srcset=\"https:\/\/www.milosnicylasu.olsztyn.pl\/wp-content\/uploads\/2025\/05\/P4250091-www-225x300.jpg 225w, https:\/\/www.milosnicylasu.olsztyn.pl\/wp-content\/uploads\/2025\/05\/P4250091-www.jpg 768w\" sizes=\"auto, (max-width: 225px) 100vw, 225px\" \/><\/a><\/p>\n<p><strong>Port morski Hel<\/strong> \u2013 cywilny port morski nad Morzem Ba\u0142tyckim, w po\u0142udniowej cz\u0119\u015bci Mierzei Helskiej, po\u0142o\u017cony w woj. pomorskim, w powiecie puckim, w Helu.<\/p>\n<p><a href=\"https:\/\/www.milosnicylasu.olsztyn.pl\/wp-content\/uploads\/2025\/05\/P4250097-www.jpg\" data-rel=\"lightbox-image-2\" data-magnific_type=\"image\" data-rl_title=\"\" data-rl_caption=\"\" title=\"\"><img loading=\"lazy\" decoding=\"async\" class=\"size-medium wp-image-9457 alignright\" src=\"https:\/\/www.milosnicylasu.olsztyn.pl\/wp-content\/uploads\/2025\/05\/P4250097-www-300x225.jpg\" alt=\"\" width=\"300\" height=\"225\" srcset=\"https:\/\/www.milosnicylasu.olsztyn.pl\/wp-content\/uploads\/2025\/05\/P4250097-www-300x225.jpg 300w, https:\/\/www.milosnicylasu.olsztyn.pl\/wp-content\/uploads\/2025\/05\/P4250097-www-768x576.jpg 768w, https:\/\/www.milosnicylasu.olsztyn.pl\/wp-content\/uploads\/2025\/05\/P4250097-www.jpg 1024w\" sizes=\"auto, (max-width: 300px) 100vw, 300px\" \/><\/a><\/p>\n<p>&nbsp;<\/p>\n<p>Port stanowi baz\u0119 dla floty rybackiej i \u017ceglugi turystycznej. <strong>Aktualnie port rybacki w Helu<\/strong> posiada 3 g\u0142\u00f3wne baseny &#8211; wewn\u0119trzny, jachtowy oraz zewn\u0119trzny, zajmuj\u0105ce razem ponad 9,5 hektara. Oddzielaj\u0105 je kolejne pirsy, rybacki, wewn\u0119trzny i kaszubski.<\/p>\n<p>&nbsp;<\/p>\n<p><a href=\"https:\/\/www.milosnicylasu.olsztyn.pl\/wp-content\/uploads\/2025\/05\/P4260138-www.jpg\" data-rel=\"lightbox-image-3\" data-magnific_type=\"image\" data-rl_title=\"\" data-rl_caption=\"\" title=\"\"><img loading=\"lazy\" decoding=\"async\" class=\"size-medium wp-image-9458 alignleft\" src=\"https:\/\/www.milosnicylasu.olsztyn.pl\/wp-content\/uploads\/2025\/05\/P4260138-www-300x225.jpg\" alt=\"\" width=\"300\" height=\"225\" srcset=\"https:\/\/www.milosnicylasu.olsztyn.pl\/wp-content\/uploads\/2025\/05\/P4260138-www-300x225.jpg 300w, https:\/\/www.milosnicylasu.olsztyn.pl\/wp-content\/uploads\/2025\/05\/P4260138-www-768x576.jpg 768w, https:\/\/www.milosnicylasu.olsztyn.pl\/wp-content\/uploads\/2025\/05\/P4260138-www.jpg 1024w\" sizes=\"auto, (max-width: 300px) 100vw, 300px\" \/><\/a><\/p>\n<p>\u0141\u0105czna d\u0142ugo\u015b\u0107 \u015bcianek cumowniczych to ok. 654 m.<\/p>\n<p><a href=\"https:\/\/www.milosnicylasu.olsztyn.pl\/wp-content\/uploads\/2025\/05\/P4260195-www.jpg\" data-rel=\"lightbox-image-4\" data-magnific_type=\"image\" data-rl_title=\"\" data-rl_caption=\"\" title=\"\"><img loading=\"lazy\" decoding=\"async\" class=\"size-medium wp-image-9465 alignright\" src=\"https:\/\/www.milosnicylasu.olsztyn.pl\/wp-content\/uploads\/2025\/05\/P4260195-www-300x225.jpg\" alt=\"\" width=\"300\" height=\"225\" srcset=\"https:\/\/www.milosnicylasu.olsztyn.pl\/wp-content\/uploads\/2025\/05\/P4260195-www-300x225.jpg 300w, https:\/\/www.milosnicylasu.olsztyn.pl\/wp-content\/uploads\/2025\/05\/P4260195-www-768x576.jpg 768w, https:\/\/www.milosnicylasu.olsztyn.pl\/wp-content\/uploads\/2025\/05\/P4260195-www.jpg 1024w\" sizes=\"auto, (max-width: 300px) 100vw, 300px\" \/><\/a><\/p>\n<h3>Pla\u017ce<\/h3>\n<p>Hel mo\u017ce kojarzy\u0107 nam si\u0119 z zat\u0142oczonymi pla\u017cami. I faktycznie, pla\u017ca na Cyplu Helskim &#8211; uwa\u017cana za jedn\u0105 z najpi\u0119kniejszych w Polsce .<\/p>\n<p>\u017begnaj\u0105c Hel, cieszyli\u015bmy si\u0119, \u017ce w sumie w kr\u00f3tkim czasie zobaczyli\u015bmy tak du\u017co. Oczywi\u015bcie na stronie internetowej trudno umie\u015bci\u0107 wszystkie obiekty, kt\u00f3re zwiedzili\u015bmy. Nie spos\u00f3b odda\u0107 te\u017c\u00a0 jak fajna, serdeczna atmosfera panowa\u0142a w\u015br\u00f3d uczestnik\u00f3w. Mi\u0142o wspominamy wieczorne spotkania u Stefanii i Antoniego. 'Dzi\u0119kujemy Tolkowi Leszczy\u0144skiemu za wycieczk\u0119. Zdj\u0119cia s\u0105 te\u017c autorstwa prezesa.<\/p>\n<p>A kwiatki s\u0105 od pieska z Helu&#8230;&#8230;&#8230;..<\/p>\n<p><a href=\"https:\/\/www.milosnicylasu.olsztyn.pl\/wp-content\/uploads\/2025\/05\/P4260201-www.jpg\" data-rel=\"lightbox-image-5\" data-magnific_type=\"image\" data-rl_title=\"\" data-rl_caption=\"\" title=\"\"><img loading=\"lazy\" decoding=\"async\" class=\"size-medium wp-image-9463\" src=\"https:\/\/www.milosnicylasu.olsztyn.pl\/wp-content\/uploads\/2025\/05\/P4260201-www-300x225.jpg\" alt=\"\" width=\"300\" height=\"225\" srcset=\"https:\/\/www.milosnicylasu.olsztyn.pl\/wp-content\/uploads\/2025\/05\/P4260201-www-300x225.jpg 300w, https:\/\/www.milosnicylasu.olsztyn.pl\/wp-content\/uploads\/2025\/05\/P4260201-www-768x576.jpg 768w, https:\/\/www.milosnicylasu.olsztyn.pl\/wp-content\/uploads\/2025\/05\/P4260201-www.jpg 1024w\" sizes=\"auto, (max-width: 300px) 100vw, 300px\" \/><\/a><\/p>\n<p>&nbsp;<\/p>\n<p>&nbsp;<\/p>\n","protected":false},"excerpt":{"rendered":"<p>Odwiedzaj\u0105c Hel nie spos\u00f3b nie przespacerowa\u0107 si\u0119 cho\u0107 przez chwil\u0119 Bulwarem Nadmorskim, kt\u00f3ry doprowadzi nas do Fokarium. Fokarium jest cz\u0119\u015bci\u0105 Stacji Morskiej, naukowej plac\u00f3wki terenowej Instytutu Oceanografii Uniwersytetu Gda\u0144skiego. Pokaz karmienia wytresowanych i zaprzyja\u017anionych z opiekunami fok to zawsze niesamowity widok. Port morski Hel \u2013 cywilny port morski nad Morzem Ba\u0142tyckim, w po\u0142udniowej cz\u0119\u015bci Mierzei [&hellip;]<\/p>\n","protected":false},"author":2,"featured_media":0,"comment_status":"open","ping_status":"open","sticky":false,"template":"","format":"standard","meta":{"footnotes":""},"categories":[1,9,17,5],"tags":[],"class_list":["post-9452","post","type-post","status-publish","format-standard","hentry","category-bez-kategorii","category-ciekawostki","category-edukacja-w-terenie","category-wycieczki"],"_links":{"self":[{"href":"https:\/\/www.milosnicylasu.olsztyn.pl\/index.php?rest_route=\/wp\/v2\/posts\/9452","targetHints":{"allow":["GET"]}}],"collection":[{"href":"https:\/\/www.milosnicylasu.olsztyn.pl\/index.php?rest_route=\/wp\/v2\/posts"}],"about":[{"href":"https:\/\/www.milosnicylasu.olsztyn.pl\/index.php?rest_route=\/wp\/v2\/types\/post"}],"author":[{"embeddable":true,"href":"https:\/\/www.milosnicylasu.olsztyn.pl\/index.php?rest_route=\/wp\/v2\/users\/2"}],"replies":[{"embeddable":true,"href":"https:\/\/www.milosnicylasu.olsztyn.pl\/index.php?rest_route=%2Fwp%2Fv2%2Fcomments&post=9452"}],"version-history":[{"count":11,"href":"https:\/\/www.milosnicylasu.olsztyn.pl\/index.php?rest_route=\/wp\/v2\/posts\/9452\/revisions"}],"predecessor-version":[{"id":9473,"href":"https:\/\/www.milosnicylasu.olsztyn.pl\/index.php?rest_route=\/wp\/v2\/posts\/9452\/revisions\/9473"}],"wp:attachment":[{"href":"https:\/\/www.milosnicylasu.olsztyn.pl\/index.php?rest_route=%2Fwp%2Fv2%2Fmedia&parent=9452"}],"wp:term":[{"taxonomy":"category","embeddable":true,"href":"https:\/\/www.milosnicylasu.olsztyn.pl\/index.php?rest_route=%2Fwp%2Fv2%2Fcategories&post=9452"},{"taxonomy":"post_tag","embeddable":true,"href":"https:\/\/www.milosnicylasu.olsztyn.pl\/index.php?rest_route=%2Fwp%2Fv2%2Ftags&post=9452"}],"curies":[{"name":"wp","href":"https:\/\/api.w.org\/{rel}","templated":true}]}}