{"id":9475,"date":"2025-05-12T18:05:24","date_gmt":"2025-05-12T16:05:24","guid":{"rendered":"https:\/\/www.milosnicylasu.olsztyn.pl\/?p=9475"},"modified":"2025-05-12T18:12:54","modified_gmt":"2025-05-12T16:12:54","slug":"spotkanie-w-rdlp-w-olsztynie-8-maja-2025r","status":"publish","type":"post","link":"https:\/\/www.milosnicylasu.olsztyn.pl\/?p=9475","title":{"rendered":"Spotkanie W RDLP w Olsztynie 8 maja 2025r."},"content":{"rendered":"<p><a href=\"https:\/\/www.milosnicylasu.olsztyn.pl\/wp-content\/uploads\/2025\/05\/P5080266-ww.jpg\" data-rel=\"lightbox-image-0\" data-magnific_type=\"image\" data-rl_title=\"\" data-rl_caption=\"\" title=\"\"><img loading=\"lazy\" decoding=\"async\" class=\"size-medium wp-image-9476 alignleft\" src=\"https:\/\/www.milosnicylasu.olsztyn.pl\/wp-content\/uploads\/2025\/05\/P5080266-ww-300x225.jpg\" alt=\"\" width=\"300\" height=\"225\" srcset=\"https:\/\/www.milosnicylasu.olsztyn.pl\/wp-content\/uploads\/2025\/05\/P5080266-ww-300x225.jpg 300w, https:\/\/www.milosnicylasu.olsztyn.pl\/wp-content\/uploads\/2025\/05\/P5080266-ww-768x576.jpg 768w, https:\/\/www.milosnicylasu.olsztyn.pl\/wp-content\/uploads\/2025\/05\/P5080266-ww.jpg 1024w\" sizes=\"auto, (max-width: 300px) 100vw, 300px\" \/><\/a><\/p>\n<p>8 maja 2025 roku cz\u0142onkowie Ko\u0142a Mi\u0142o\u015bnik\u00f3w Lasu i Militari\u00f3w LOK przy ATW w Olsztynie spotkali si\u0119 w Regionalnej Dyrekcji Las\u00f3w Pa\u0144stwowych w Olsztynie na kolejnym czwartku ekologicznym. Naszym wyk\u0142adowc\u0105 by\u0142 Pan Tomasz Jarczyk\u00a0 Naczelnik Wydzia\u0142u Urz\u0105dzania Lasu i Geomatyki\u00a0 RDLP w Olsztynie. Tematem wyk\u0142adu by\u0142y: &#8222;Zasady prowadzenia gospodarki le\u015bnej przez Pa\u0144stwowe Gospodarstwa Le\u015bne. Lasy Pa\u0144stwowe.&#8221;<\/p>\n<p><a href=\"https:\/\/www.milosnicylasu.olsztyn.pl\/wp-content\/uploads\/2025\/05\/P5080269-www.jpg\" data-rel=\"lightbox-image-1\" data-magnific_type=\"image\" data-rl_title=\"\" data-rl_caption=\"\" title=\"\"><img loading=\"lazy\" decoding=\"async\" class=\"size-medium wp-image-9477 alignright\" src=\"https:\/\/www.milosnicylasu.olsztyn.pl\/wp-content\/uploads\/2025\/05\/P5080269-www-300x225.jpg\" alt=\"\" width=\"300\" height=\"225\" srcset=\"https:\/\/www.milosnicylasu.olsztyn.pl\/wp-content\/uploads\/2025\/05\/P5080269-www-300x225.jpg 300w, https:\/\/www.milosnicylasu.olsztyn.pl\/wp-content\/uploads\/2025\/05\/P5080269-www-768x576.jpg 768w, https:\/\/www.milosnicylasu.olsztyn.pl\/wp-content\/uploads\/2025\/05\/P5080269-www.jpg 1024w\" sizes=\"auto, (max-width: 300px) 100vw, 300px\" \/><\/a><\/p>\n<p>Temat bardzo ciekawy. Wyk\u0142adowca poruszy\u0142 wiele spraw, w tym szczeg\u00f3lnie tych, kt\u00f3re dotycz\u0105 gospodarki le\u015bnej przedstawianej w mediach, szczeg\u00f3lnie prasowych, niezgodnie z prawd\u0105. Zainteresowa\u0142a nas szczeg\u00f3lnie sytuacja finansowa Las\u00f3w. By\u0142y mapy, wykresy, liczby, procenty. \u017beby nie przek\u0142ama\u0107, podaj\u0119 informacj\u0119 za strony internetowej Las\u00f3w:<\/p>\n<p class=\"description\"><em><strong>Lasy Pa\u0144stwowe w 2024 roku osi\u0105gn\u0119\u0142y wynik finansowy na poziomie ok. 764 mln z\u0142 netto, przy planowanym wyniku w wysoko\u015bci ok. 350 mln z\u0142. Plany na 2024 rok tworzy\u0142o jeszcze poprzednie kierownictwo Las\u00f3w Pa\u0144stwowych; wynik finansowy jest wy\u017cszy od zaplanowanego dzi\u0119ki rezygnacji z niepotrzebnych wydatk\u00f3w. Co istotne, wysoko\u015b\u0107 wyniku finansowego ukszta\u0142towa\u0142a si\u0119 na podstawie realizacji planu opartego o potrzeby lasu.<\/strong><\/em><\/p>\n<p><em><strong>Lasy Pa\u0144stwowe zamkn\u0119\u0142y finansowo rok 2024, osi\u0105gaj\u0105c wynik finansowy na poziomie 764 mln z\u0142 netto. Obowi\u0105zkowa wp\u0142ata, kt\u00f3r\u0105 LP przekaza\u0142y do bud\u017cetu Pa\u0144stwa z tytu\u0142u prowadzonej przez siebie sprzeda\u017cy drewna za 2024 r. wynios\u0142a ok. 224 mln z\u0142.<\/strong><\/em><\/p>\n<p><em><strong>Poza powy\u017csz\u0105 wp\u0142at\u0105 do bud\u017cetu, Lasy Pa\u0144stwowe w minionym roku odprowadzi\u0142y m.in. 387 mln z\u0142 podatku le\u015bnego oraz 36 mln z\u0142 podatku od nieruchomo\u015bci, 1,5 mld z\u0142 podatk\u00f3w i innych obci\u0105\u017ce\u0144 po\u015brednich, 1,8 mld z\u0142 podatku VAT. W sumie daje to kwot\u0119 ponad 4 mld z\u0142otych.<\/strong><\/em><\/p>\n<p><em><strong>&#8211; Mamy \u015bwiadomo\u015b\u0107 ogromnej roli gospodarczej, jak\u0105 pe\u0142ni\u0105 Lasy Pa\u0144stwowe w naszym kraju. Suma wp\u0142yw\u00f3w do bud\u017cetu pa\u0144stwa bezpo\u015brednio od Las\u00f3w Pa\u0144stwowych prawie to 4 miliardy z\u0142otych. Dodatkowo, rzeczywiste koszty, jakie LP ponosz\u0105 z tytu\u0142u realizacji zada\u0144 zwi\u0105zanych z ochron\u0105 przyrody szacowane nawet na miliard z\u0142otych. Rosn\u0105 koszty wynikaj\u0105ce z potrzeby dostosowania las\u00f3w do zmian klimatu oraz ochrony lasu, sam koszt rocznej ochrony przeciwpo\u017carowej Las\u00f3w Pa\u0144stwowych to niemal 160 mln z\u0142. Wyzwa\u0144 jest du\u017co, ale zesz\u0142oroczny wynik finansowy pokazuje, \u017ce le\u015bnicy dobrze gospodaruj\u0105 maj\u0105tkiem skarbu Pa\u0144stwa &#8211; m\u00f3wi Jerzy Fijas , zast\u0119pca dyrektora generalnego Las\u00f3w Pa\u0144stwowych ds. zr\u00f3wnowa\u017conej gospodarki le\u015bnej&#8221;<\/strong><\/em><\/p>\n<p>W drugiej cz\u0119\u015bci spotkania prezes Anatol Leszczy\u0144ski poinformowa\u0142 cz\u0142onk\u00f3w Ko\u0142a o realizacji planu pracy w kwietniu 2025r\u00a0 oraz przedstawi\u0142 plan na maj 2025r. Sobotnie rajdy odby\u0142y si\u0119 5 i 12 kwietnia 2025, po &#8222;Wojtkowym Lesie&#8221;. 12 kwietnia brali\u015bmy udzia\u0142 w &#8222;Rodzinnym Sadzeniu Lasu w Nadle\u015bnictwie Kudypy&#8221;. W dniach 25,26,27 kwietnia wzi\u0119li\u015bmy udzia\u0142 w wycieczce do miejscowo\u015bci Hel. Wyjazd zosta\u0142 opisany ju\u017c wcze\u015bniej.<\/p>\n","protected":false},"excerpt":{"rendered":"<p>8 maja 2025 roku cz\u0142onkowie Ko\u0142a Mi\u0142o\u015bnik\u00f3w Lasu i Militari\u00f3w LOK przy ATW w Olsztynie spotkali si\u0119 w Regionalnej Dyrekcji Las\u00f3w Pa\u0144stwowych w Olsztynie na kolejnym czwartku ekologicznym. Naszym wyk\u0142adowc\u0105 by\u0142 Pan Tomasz Jarczyk\u00a0 Naczelnik Wydzia\u0142u Urz\u0105dzania Lasu i Geomatyki\u00a0 RDLP w Olsztynie. Tematem wyk\u0142adu by\u0142y: &#8222;Zasady prowadzenia gospodarki le\u015bnej przez Pa\u0144stwowe Gospodarstwa Le\u015bne. Lasy [&hellip;]<\/p>\n","protected":false},"author":2,"featured_media":0,"comment_status":"open","ping_status":"open","sticky":false,"template":"","format":"standard","meta":{"footnotes":""},"categories":[1,9,2,3],"tags":[],"class_list":["post-9475","post","type-post","status-publish","format-standard","hentry","category-bez-kategorii","category-ciekawostki","category-rajdy","category-zebrania"],"_links":{"self":[{"href":"https:\/\/www.milosnicylasu.olsztyn.pl\/index.php?rest_route=\/wp\/v2\/posts\/9475","targetHints":{"allow":["GET"]}}],"collection":[{"href":"https:\/\/www.milosnicylasu.olsztyn.pl\/index.php?rest_route=\/wp\/v2\/posts"}],"about":[{"href":"https:\/\/www.milosnicylasu.olsztyn.pl\/index.php?rest_route=\/wp\/v2\/types\/post"}],"author":[{"embeddable":true,"href":"https:\/\/www.milosnicylasu.olsztyn.pl\/index.php?rest_route=\/wp\/v2\/users\/2"}],"replies":[{"embeddable":true,"href":"https:\/\/www.milosnicylasu.olsztyn.pl\/index.php?rest_route=%2Fwp%2Fv2%2Fcomments&post=9475"}],"version-history":[{"count":4,"href":"https:\/\/www.milosnicylasu.olsztyn.pl\/index.php?rest_route=\/wp\/v2\/posts\/9475\/revisions"}],"predecessor-version":[{"id":9481,"href":"https:\/\/www.milosnicylasu.olsztyn.pl\/index.php?rest_route=\/wp\/v2\/posts\/9475\/revisions\/9481"}],"wp:attachment":[{"href":"https:\/\/www.milosnicylasu.olsztyn.pl\/index.php?rest_route=%2Fwp%2Fv2%2Fmedia&parent=9475"}],"wp:term":[{"taxonomy":"category","embeddable":true,"href":"https:\/\/www.milosnicylasu.olsztyn.pl\/index.php?rest_route=%2Fwp%2Fv2%2Fcategories&post=9475"},{"taxonomy":"post_tag","embeddable":true,"href":"https:\/\/www.milosnicylasu.olsztyn.pl\/index.php?rest_route=%2Fwp%2Fv2%2Ftags&post=9475"}],"curies":[{"name":"wp","href":"https:\/\/api.w.org\/{rel}","templated":true}]}}