{"id":9484,"date":"2025-05-16T10:08:12","date_gmt":"2025-05-16T08:08:12","guid":{"rendered":"https:\/\/www.milosnicylasu.olsztyn.pl\/?p=9484"},"modified":"2025-05-16T10:54:07","modified_gmt":"2025-05-16T08:54:07","slug":"uroczyste-spotkanie-w-arboretum-w-kudypach","status":"publish","type":"post","link":"https:\/\/www.milosnicylasu.olsztyn.pl\/?p=9484","title":{"rendered":"Uroczyste spotkanie w Arboretum w Kudypach"},"content":{"rendered":"<p><a href=\"https:\/\/www.milosnicylasu.olsztyn.pl\/wp-content\/uploads\/2025\/05\/P5090273-www.jpg\" data-rel=\"lightbox-image-0\" data-magnific_type=\"image\" data-rl_title=\"\" data-rl_caption=\"\" title=\"\"><img loading=\"lazy\" decoding=\"async\" class=\"size-medium wp-image-9485 alignleft\" src=\"https:\/\/www.milosnicylasu.olsztyn.pl\/wp-content\/uploads\/2025\/05\/P5090273-www-300x225.jpg\" alt=\"\" width=\"300\" height=\"225\" srcset=\"https:\/\/www.milosnicylasu.olsztyn.pl\/wp-content\/uploads\/2025\/05\/P5090273-www-300x225.jpg 300w, https:\/\/www.milosnicylasu.olsztyn.pl\/wp-content\/uploads\/2025\/05\/P5090273-www-768x576.jpg 768w, https:\/\/www.milosnicylasu.olsztyn.pl\/wp-content\/uploads\/2025\/05\/P5090273-www.jpg 1024w\" sizes=\"auto, (max-width: 300px) 100vw, 300px\" \/><\/a><\/p>\n<p>9 maja 2025 roku cz\u0142onkowie Ko\u0142a Mi\u0142o\u015bnik\u00f3w Lasu i Militari\u00f3w LOK przy ATW w Olsztynie spotkali si\u0119 z gronem zaproszonych go\u015bci, \u00a0by uczci\u0107 80 rocznic\u0119 zako\u0144czenia II Wojny \u015awiatowej, 80 rocznic\u0119 Powo\u0142ania Regionalnej Dyrekcji Las\u00f3w Pa\u0144stwowych w Olsztynie oraz\u2026\u2026 16 rocznic\u0119 powo\u0142ania Naszego Ko\u0142a.<\/p>\n<p>Czas leci, \u00a0tak, \u00a0pracujemy ju\u017c razem 17 rok.<\/p>\n<p>Razem, bo Ko\u0142o ma w swoim gronie wielu zaanga\u017cowanych ludzi, razem , bo zawsze mo\u017cemy liczy\u0107 na wsp\u00f3\u0142prac\u0119 z le\u015bnikami, razem, bo mo\u017cemy liczy\u0107 na Lig\u0119 Obrony Kraju, kt\u00f3rej jeste\u015bmy cz\u0142onkiem. \u00a0W tym miejscu nale\u017cy r\u00f3wnie\u017c wymieni\u0107 Firm\u0119 Kappa z \u0141odzi, kt\u00f3ra zabezpiecza nas internetowo, bez pobierania op\u0142at z tego tytu\u0142u.<\/p>\n<p><a href=\"https:\/\/www.milosnicylasu.olsztyn.pl\/wp-content\/uploads\/2025\/05\/P5090293-www.jpg\" data-rel=\"lightbox-image-1\" data-magnific_type=\"image\" data-rl_title=\"\" data-rl_caption=\"\" title=\"\"><img loading=\"lazy\" decoding=\"async\" class=\"size-medium wp-image-9487 alignright\" src=\"https:\/\/www.milosnicylasu.olsztyn.pl\/wp-content\/uploads\/2025\/05\/P5090293-www-300x225.jpg\" alt=\"\" width=\"300\" height=\"225\" srcset=\"https:\/\/www.milosnicylasu.olsztyn.pl\/wp-content\/uploads\/2025\/05\/P5090293-www-300x225.jpg 300w, https:\/\/www.milosnicylasu.olsztyn.pl\/wp-content\/uploads\/2025\/05\/P5090293-www-768x576.jpg 768w, https:\/\/www.milosnicylasu.olsztyn.pl\/wp-content\/uploads\/2025\/05\/P5090293-www.jpg 1024w\" sizes=\"auto, (max-width: 300px) 100vw, 300px\" \/><\/a><\/p>\n<p>Wszystkim serdecznie dzi\u0119kujemy. R\u00f3wnie\u017c tym, kt\u00f3rzy sponsoruj\u0105 anonimowo nasz\u0105 dzia\u0142alno\u015b\u0107.<\/p>\n<p><a href=\"https:\/\/www.milosnicylasu.olsztyn.pl\/wp-content\/uploads\/2025\/05\/P5090279-www.jpg\" data-rel=\"lightbox-image-2\" data-magnific_type=\"image\" data-rl_title=\"\" data-rl_caption=\"\" title=\"\"><img loading=\"lazy\" decoding=\"async\" class=\"size-medium wp-image-9486 alignleft\" src=\"https:\/\/www.milosnicylasu.olsztyn.pl\/wp-content\/uploads\/2025\/05\/P5090279-www-300x225.jpg\" alt=\"\" width=\"300\" height=\"225\" srcset=\"https:\/\/www.milosnicylasu.olsztyn.pl\/wp-content\/uploads\/2025\/05\/P5090279-www-300x225.jpg 300w, https:\/\/www.milosnicylasu.olsztyn.pl\/wp-content\/uploads\/2025\/05\/P5090279-www-768x576.jpg 768w, https:\/\/www.milosnicylasu.olsztyn.pl\/wp-content\/uploads\/2025\/05\/P5090279-www.jpg 1024w\" sizes=\"auto, (max-width: 300px) 100vw, 300px\" \/><\/a><\/p>\n<p>Dzi\u0119kujemy i cieszymy si\u0119, \u017ce mogli\u015bmy t\u0119 uroczysto\u015b\u0107 \u015bwi\u0119towa\u0107 z zaproszonymi go\u015b\u0107mi: Panem Wojciechem Matuszakiem \u2013 wicedyrektorem Regionalnej Dyrekcji Las\u00f3w Pa\u0144stwowych w Olsztynie, Panem Tomaszem Pampuchem \u2013 Nadle\u015bniczym Nadle\u015bnictwa Kudypy i pracownikami Nadle\u015bnictwa. To na terenie Nadle\u015bnictwa Kudypy, w pi\u0119knej scenerii Arboretum odby\u0142o si\u0119 to spotkanie, w czasie kt\u00f3rego w ramach podzi\u0119kowania zosta\u0142y wr\u0119czone puchar \/dla RDLP w Olsztynie\/ i odznaczenia:<\/p>\n<p>LIGA OBRONY KRAJU ZARZ\u0104D G\u0141\u00d3WNY W WARSZAWIE<\/p>\n<p><strong>NADAJE UCHWA\u0141\u0104 Nr 24 br\u0105zowy medal \u201e ZA ZAS\u0141UGI DLA LIGI OBRONY KRAJU\u201d<\/strong><\/p>\n<p><a href=\"https:\/\/www.milosnicylasu.olsztyn.pl\/wp-content\/uploads\/2025\/05\/P5090295-www.jpg\" data-rel=\"lightbox-image-3\" data-magnific_type=\"image\" data-rl_title=\"\" data-rl_caption=\"\" title=\"\"><img loading=\"lazy\" decoding=\"async\" class=\"size-medium wp-image-9490 alignleft\" src=\"https:\/\/www.milosnicylasu.olsztyn.pl\/wp-content\/uploads\/2025\/05\/P5090295-www-300x225.jpg\" alt=\"\" width=\"300\" height=\"225\" srcset=\"https:\/\/www.milosnicylasu.olsztyn.pl\/wp-content\/uploads\/2025\/05\/P5090295-www-300x225.jpg 300w, https:\/\/www.milosnicylasu.olsztyn.pl\/wp-content\/uploads\/2025\/05\/P5090295-www-768x576.jpg 768w, https:\/\/www.milosnicylasu.olsztyn.pl\/wp-content\/uploads\/2025\/05\/P5090295-www.jpg 1024w\" sizes=\"auto, (max-width: 300px) 100vw, 300px\" \/><\/a><\/p>\n<p><strong>Nast\u0119puj\u0105cym osobom<\/strong>:<\/p>\n<ol>\n<li>Wies\u0142awie Filipek<\/li>\n<li>Janowi Filipek<\/li>\n<li>Stefanii Jarczyk<\/li>\n<li>Krystynie Tarankiewicz<\/li>\n<li>Danieli Tyl<\/li>\n<li>Tomaszowi Pampuchowi<\/li>\n<\/ol>\n<p>&nbsp;<\/p>\n<p><strong>Srebrny Medal<\/strong><\/p>\n<ol>\n<li>Mariuszowi Dawidowiczowi<\/li>\n<li>Renacie Janickiej<\/li>\n<li>Antoniemu Jarczykowi<\/li>\n<li>Paw\u0142owi Tabor<\/li>\n<li>Jaros\u0142awowi Turek<\/li>\n<li>Annie Wo\u0142czy\u0144skiej<\/li>\n<\/ol>\n<p><strong>Z\u0142oty Medal<\/strong><\/p>\n<p><a href=\"https:\/\/www.milosnicylasu.olsztyn.pl\/wp-content\/uploads\/2025\/05\/P5090304-www.jpg\" data-rel=\"lightbox-image-4\" data-magnific_type=\"image\" data-rl_title=\"\" data-rl_caption=\"\" title=\"\"><img loading=\"lazy\" decoding=\"async\" class=\"size-medium wp-image-9492\" src=\"https:\/\/www.milosnicylasu.olsztyn.pl\/wp-content\/uploads\/2025\/05\/P5090304-www-300x225.jpg\" alt=\"\" width=\"300\" height=\"225\" srcset=\"https:\/\/www.milosnicylasu.olsztyn.pl\/wp-content\/uploads\/2025\/05\/P5090304-www-300x225.jpg 300w, https:\/\/www.milosnicylasu.olsztyn.pl\/wp-content\/uploads\/2025\/05\/P5090304-www-768x576.jpg 768w, https:\/\/www.milosnicylasu.olsztyn.pl\/wp-content\/uploads\/2025\/05\/P5090304-www.jpg 1024w\" sizes=\"auto, (max-width: 300px) 100vw, 300px\" \/><\/a><\/p>\n<ol>\n<li>Janinie Kluczek<\/li>\n<li>Ryszardzie \u017buk \u2013 K\u0142\u0119bukowskiej<\/li>\n<\/ol>\n<p><strong>PREZES LIGI OBRONY KRAJU Na podstawie &amp; 5 Regulaminu Krzy\u017ca \u201eZA ZAS\u0141UGI DLA K\u017bR LOK\u201d<\/strong><\/p>\n<p><strong>NADAJE BR\u0104ZOWY KRZY\u017b<\/strong><\/p>\n<p><a href=\"https:\/\/www.milosnicylasu.olsztyn.pl\/wp-content\/uploads\/2025\/05\/P5100325-www.jpg\" data-rel=\"lightbox-image-5\" data-magnific_type=\"image\" data-rl_title=\"\" data-rl_caption=\"\" title=\"\"><img loading=\"lazy\" decoding=\"async\" class=\"size-medium wp-image-9498\" src=\"https:\/\/www.milosnicylasu.olsztyn.pl\/wp-content\/uploads\/2025\/05\/P5100325-www-300x225.jpg\" alt=\"\" width=\"300\" height=\"225\" srcset=\"https:\/\/www.milosnicylasu.olsztyn.pl\/wp-content\/uploads\/2025\/05\/P5100325-www-300x225.jpg 300w, https:\/\/www.milosnicylasu.olsztyn.pl\/wp-content\/uploads\/2025\/05\/P5100325-www-768x576.jpg 768w, https:\/\/www.milosnicylasu.olsztyn.pl\/wp-content\/uploads\/2025\/05\/P5100325-www.jpg 1024w\" sizes=\"auto, (max-width: 300px) 100vw, 300px\" \/><\/a><\/p>\n<ol>\n<li>Arkadiuszowi Mrozowskiemu<\/li>\n<li>Waldemarowi Wo\u0142czy\u0144skiemu<\/li>\n<\/ol>\n<p><strong>Z\u0141OTY KRZY\u017b<\/strong><\/p>\n<p><a href=\"https:\/\/www.milosnicylasu.olsztyn.pl\/wp-content\/uploads\/2025\/05\/P5100327-www.jpg\" data-rel=\"lightbox-image-6\" data-magnific_type=\"image\" data-rl_title=\"\" data-rl_caption=\"\" title=\"\"><img loading=\"lazy\" decoding=\"async\" class=\"size-medium wp-image-9499\" src=\"https:\/\/www.milosnicylasu.olsztyn.pl\/wp-content\/uploads\/2025\/05\/P5100327-www-300x225.jpg\" alt=\"\" width=\"300\" height=\"225\" srcset=\"https:\/\/www.milosnicylasu.olsztyn.pl\/wp-content\/uploads\/2025\/05\/P5100327-www-300x225.jpg 300w, https:\/\/www.milosnicylasu.olsztyn.pl\/wp-content\/uploads\/2025\/05\/P5100327-www-768x576.jpg 768w, https:\/\/www.milosnicylasu.olsztyn.pl\/wp-content\/uploads\/2025\/05\/P5100327-www.jpg 1024w\" sizes=\"auto, (max-width: 300px) 100vw, 300px\" \/><\/a><\/p>\n<ol>\n<li>Teresie Tabor<\/li>\n<li>Tomaszowi Kicowskiemu<\/li>\n<\/ol>\n<p><strong>PORCELANOWY KRZY\u017b<\/strong><\/p>\n<p><a href=\"https:\/\/www.milosnicylasu.olsztyn.pl\/wp-content\/uploads\/2025\/05\/P5100328-www.jpg\" data-rel=\"lightbox-image-7\" data-magnific_type=\"image\" data-rl_title=\"\" data-rl_caption=\"\" title=\"\"><img loading=\"lazy\" decoding=\"async\" class=\"size-medium wp-image-9500\" src=\"https:\/\/www.milosnicylasu.olsztyn.pl\/wp-content\/uploads\/2025\/05\/P5100328-www-300x225.jpg\" alt=\"\" width=\"300\" height=\"225\" srcset=\"https:\/\/www.milosnicylasu.olsztyn.pl\/wp-content\/uploads\/2025\/05\/P5100328-www-300x225.jpg 300w, https:\/\/www.milosnicylasu.olsztyn.pl\/wp-content\/uploads\/2025\/05\/P5100328-www-768x576.jpg 768w, https:\/\/www.milosnicylasu.olsztyn.pl\/wp-content\/uploads\/2025\/05\/P5100328-www.jpg 1024w\" sizes=\"auto, (max-width: 300px) 100vw, 300px\" \/><\/a><\/p>\n<ol>\n<li>Grzegorzowi Kluczek<\/li>\n<li>Krystynie Leszczy\u0144skiej<\/li>\n<li>Adamowi Siemakowicz<\/li>\n<\/ol>\n<p><strong>Podpisa\u0142 Prezes Ligi Obrony Kraju mgr Jerzy Salamucha \/p\u0142k\/<\/strong><\/p>\n<p>W czasie uroczysto\u015bci, pod krzy\u017cem upami\u0119tniaj\u0105cym zmar\u0142ych le\u015bnik\u00f3w zostawili\u015bmy \u015bwiate\u0142ka.<\/p>\n<p><a href=\"https:\/\/www.milosnicylasu.olsztyn.pl\/wp-content\/uploads\/2025\/05\/P5090271-www.jpg\" data-rel=\"lightbox-image-8\" data-magnific_type=\"image\" data-rl_title=\"\" data-rl_caption=\"\" title=\"\"><img loading=\"lazy\" decoding=\"async\" class=\"size-medium wp-image-9496\" src=\"https:\/\/www.milosnicylasu.olsztyn.pl\/wp-content\/uploads\/2025\/05\/P5090271-www-225x300.jpg\" alt=\"\" width=\"225\" height=\"300\" srcset=\"https:\/\/www.milosnicylasu.olsztyn.pl\/wp-content\/uploads\/2025\/05\/P5090271-www-225x300.jpg 225w, https:\/\/www.milosnicylasu.olsztyn.pl\/wp-content\/uploads\/2025\/05\/P5090271-www.jpg 768w\" sizes=\"auto, (max-width: 225px) 100vw, 225px\" \/><\/a><\/p>\n","protected":false},"excerpt":{"rendered":"<p>9 maja 2025 roku cz\u0142onkowie Ko\u0142a Mi\u0142o\u015bnik\u00f3w Lasu i Militari\u00f3w LOK przy ATW w Olsztynie spotkali si\u0119 z gronem zaproszonych go\u015bci, \u00a0by uczci\u0107 80 rocznic\u0119 zako\u0144czenia II Wojny \u015awiatowej, 80 rocznic\u0119 Powo\u0142ania Regionalnej Dyrekcji Las\u00f3w Pa\u0144stwowych w Olsztynie oraz\u2026\u2026 16 rocznic\u0119 powo\u0142ania Naszego Ko\u0142a. Czas leci, \u00a0tak, \u00a0pracujemy ju\u017c razem 17 rok. Razem, bo Ko\u0142o [&hellip;]<\/p>\n","protected":false},"author":2,"featured_media":0,"comment_status":"open","ping_status":"open","sticky":false,"template":"","format":"standard","meta":{"footnotes":""},"categories":[1,9,17,6],"tags":[],"class_list":["post-9484","post","type-post","status-publish","format-standard","hentry","category-bez-kategorii","category-ciekawostki","category-edukacja-w-terenie","category-odznaczenia"],"_links":{"self":[{"href":"https:\/\/www.milosnicylasu.olsztyn.pl\/index.php?rest_route=\/wp\/v2\/posts\/9484","targetHints":{"allow":["GET"]}}],"collection":[{"href":"https:\/\/www.milosnicylasu.olsztyn.pl\/index.php?rest_route=\/wp\/v2\/posts"}],"about":[{"href":"https:\/\/www.milosnicylasu.olsztyn.pl\/index.php?rest_route=\/wp\/v2\/types\/post"}],"author":[{"embeddable":true,"href":"https:\/\/www.milosnicylasu.olsztyn.pl\/index.php?rest_route=\/wp\/v2\/users\/2"}],"replies":[{"embeddable":true,"href":"https:\/\/www.milosnicylasu.olsztyn.pl\/index.php?rest_route=%2Fwp%2Fv2%2Fcomments&post=9484"}],"version-history":[{"count":7,"href":"https:\/\/www.milosnicylasu.olsztyn.pl\/index.php?rest_route=\/wp\/v2\/posts\/9484\/revisions"}],"predecessor-version":[{"id":9501,"href":"https:\/\/www.milosnicylasu.olsztyn.pl\/index.php?rest_route=\/wp\/v2\/posts\/9484\/revisions\/9501"}],"wp:attachment":[{"href":"https:\/\/www.milosnicylasu.olsztyn.pl\/index.php?rest_route=%2Fwp%2Fv2%2Fmedia&parent=9484"}],"wp:term":[{"taxonomy":"category","embeddable":true,"href":"https:\/\/www.milosnicylasu.olsztyn.pl\/index.php?rest_route=%2Fwp%2Fv2%2Fcategories&post=9484"},{"taxonomy":"post_tag","embeddable":true,"href":"https:\/\/www.milosnicylasu.olsztyn.pl\/index.php?rest_route=%2Fwp%2Fv2%2Ftags&post=9484"}],"curies":[{"name":"wp","href":"https:\/\/api.w.org\/{rel}","templated":true}]}}