{"id":9504,"date":"2025-05-28T07:37:47","date_gmt":"2025-05-28T05:37:47","guid":{"rendered":"https:\/\/www.milosnicylasu.olsztyn.pl\/?p=9504"},"modified":"2025-05-30T05:13:34","modified_gmt":"2025-05-30T03:13:34","slug":"sobotni-rajd-po-olsztynie","status":"publish","type":"post","link":"https:\/\/www.milosnicylasu.olsztyn.pl\/?p=9504","title":{"rendered":"Sobotni rajd &#8230;.po Olsztynie"},"content":{"rendered":"<p><a href=\"https:\/\/www.milosnicylasu.olsztyn.pl\/wp-content\/uploads\/2025\/05\/DSCN7762-www.jpg\" data-rel=\"lightbox-image-0\" data-magnific_type=\"image\" data-rl_title=\"\" data-rl_caption=\"\" title=\"\"><img loading=\"lazy\" decoding=\"async\" class=\"size-medium wp-image-9513 alignleft\" src=\"https:\/\/www.milosnicylasu.olsztyn.pl\/wp-content\/uploads\/2025\/05\/DSCN7762-www-300x225.jpg\" alt=\"\" width=\"300\" height=\"225\" srcset=\"https:\/\/www.milosnicylasu.olsztyn.pl\/wp-content\/uploads\/2025\/05\/DSCN7762-www-300x225.jpg 300w, https:\/\/www.milosnicylasu.olsztyn.pl\/wp-content\/uploads\/2025\/05\/DSCN7762-www-768x576.jpg 768w, https:\/\/www.milosnicylasu.olsztyn.pl\/wp-content\/uploads\/2025\/05\/DSCN7762-www.jpg 1024w\" sizes=\"auto, (max-width: 300px) 100vw, 300px\" \/><\/a>W <strong>sobot\u0119 24 maja 2025 roku w\u0119drowali\u015bmy po Olsztynie. Spotkanie przy Wysokiej Bramie, przej\u015bcie Star\u00f3wk\u0105 do Parku Centralnego, a nastepnie \u0141ynostrad\u0105 do ulicy Tuwima..<a href=\"https:\/\/www.milosnicylasu.olsztyn.pl\/wp-content\/uploads\/2025\/05\/DSCN7761-www.jpg\" data-rel=\"lightbox-image-1\" data-magnific_type=\"image\" data-rl_title=\"\" data-rl_caption=\"\" title=\"\"><img loading=\"lazy\" decoding=\"async\" class=\"size-medium wp-image-9514 alignright\" src=\"https:\/\/www.milosnicylasu.olsztyn.pl\/wp-content\/uploads\/2025\/05\/DSCN7761-www-300x225.jpg\" alt=\"\" width=\"300\" height=\"225\" srcset=\"https:\/\/www.milosnicylasu.olsztyn.pl\/wp-content\/uploads\/2025\/05\/DSCN7761-www-300x225.jpg 300w, https:\/\/www.milosnicylasu.olsztyn.pl\/wp-content\/uploads\/2025\/05\/DSCN7761-www-768x576.jpg 768w, https:\/\/www.milosnicylasu.olsztyn.pl\/wp-content\/uploads\/2025\/05\/DSCN7761-www.jpg 1024w\" sizes=\"auto, (max-width: 300px) 100vw, 300px\" \/><\/a><\/strong><\/p>\n<p><strong>\u00a0W centrum Olsztyna, wzd\u0142u\u017c \u0141yny, na terenie, kt\u00f3ry przez lata pozostawa\u0142 niezagospodarowany, powsta\u0142 wyj\u0105tkowy, przyjazny ludziom park. Inwestycj\u0119 rozpocz\u0119to w 2013 r., a jej zako\u0144czenie przypad\u0142o na lipiec 2014 r. Od tej pory Park Centralny t\u0119tni \u017cyciem towarzyskim i kulturalnym.<\/strong><\/p>\n<p>W sobot\u0119 w olszy\u0144skim Parku Centralnym cz\u0142onkowie Ko\u0142a Mi\u0142o\u015bnik\u00f3w Lasu i Militari\u00f3w LOK przy ATW w Olsztynie spotkali si\u0119 z \u00a0mi\u0142o\u015bnikami czworonog\u00f3w. Wydarzenie mia\u0142o charakter \u00a0edukacyjny, promowa\u0142o trosk\u0119 o zdrowie i bezpiecze\u0144stwo pupili. Zwiedzili\u015bmy stoiska z akcesoriami, karm\u0105 i us\u0142ugami.<\/p>\n<p><strong>Olszty\u0144ska \u0141ynostrada<\/strong> to rowerowo-spacerowa trasa d\u0142ugo\u015bci ponad 11 km, kt\u00f3ra wiedzie wzd\u0142u\u017c \u0141yny. Przepi\u0119kna trasa, nic dziwnego, \u017ce spotkali\u015bmy wielu olsztynian na rowerach albo po prostu na nogach. Pi\u0119kna, s\u0142oneczna pogoda sprzyja\u0142a spacerom.<\/p>\n<p>&nbsp;<\/p>\n","protected":false},"excerpt":{"rendered":"<p>W sobot\u0119 24 maja 2025 roku w\u0119drowali\u015bmy po Olsztynie. Spotkanie przy Wysokiej Bramie, przej\u015bcie Star\u00f3wk\u0105 do Parku Centralnego, a nastepnie \u0141ynostrad\u0105 do ulicy Tuwima.. \u00a0W centrum Olsztyna, wzd\u0142u\u017c \u0141yny, na terenie, kt\u00f3ry przez lata pozostawa\u0142 niezagospodarowany, powsta\u0142 wyj\u0105tkowy, przyjazny ludziom park. Inwestycj\u0119 rozpocz\u0119to w 2013 r., a jej zako\u0144czenie przypad\u0142o na lipiec 2014 r. Od [&hellip;]<\/p>\n","protected":false},"author":2,"featured_media":0,"comment_status":"open","ping_status":"open","sticky":false,"template":"","format":"standard","meta":{"footnotes":""},"categories":[1,9,17,2],"tags":[],"class_list":["post-9504","post","type-post","status-publish","format-standard","hentry","category-bez-kategorii","category-ciekawostki","category-edukacja-w-terenie","category-rajdy"],"_links":{"self":[{"href":"https:\/\/www.milosnicylasu.olsztyn.pl\/index.php?rest_route=\/wp\/v2\/posts\/9504","targetHints":{"allow":["GET"]}}],"collection":[{"href":"https:\/\/www.milosnicylasu.olsztyn.pl\/index.php?rest_route=\/wp\/v2\/posts"}],"about":[{"href":"https:\/\/www.milosnicylasu.olsztyn.pl\/index.php?rest_route=\/wp\/v2\/types\/post"}],"author":[{"embeddable":true,"href":"https:\/\/www.milosnicylasu.olsztyn.pl\/index.php?rest_route=\/wp\/v2\/users\/2"}],"replies":[{"embeddable":true,"href":"https:\/\/www.milosnicylasu.olsztyn.pl\/index.php?rest_route=%2Fwp%2Fv2%2Fcomments&post=9504"}],"version-history":[{"count":8,"href":"https:\/\/www.milosnicylasu.olsztyn.pl\/index.php?rest_route=\/wp\/v2\/posts\/9504\/revisions"}],"predecessor-version":[{"id":9515,"href":"https:\/\/www.milosnicylasu.olsztyn.pl\/index.php?rest_route=\/wp\/v2\/posts\/9504\/revisions\/9515"}],"wp:attachment":[{"href":"https:\/\/www.milosnicylasu.olsztyn.pl\/index.php?rest_route=%2Fwp%2Fv2%2Fmedia&parent=9504"}],"wp:term":[{"taxonomy":"category","embeddable":true,"href":"https:\/\/www.milosnicylasu.olsztyn.pl\/index.php?rest_route=%2Fwp%2Fv2%2Fcategories&post=9504"},{"taxonomy":"post_tag","embeddable":true,"href":"https:\/\/www.milosnicylasu.olsztyn.pl\/index.php?rest_route=%2Fwp%2Fv2%2Ftags&post=9504"}],"curies":[{"name":"wp","href":"https:\/\/api.w.org\/{rel}","templated":true}]}}