{"id":9575,"date":"2025-07-25T07:44:45","date_gmt":"2025-07-25T05:44:45","guid":{"rendered":"https:\/\/www.milosnicylasu.olsztyn.pl\/?p=9575"},"modified":"2025-07-25T07:46:39","modified_gmt":"2025-07-25T05:46:39","slug":"obiekty-latajace-nad-olsztynem","status":"publish","type":"post","link":"https:\/\/www.milosnicylasu.olsztyn.pl\/?p=9575","title":{"rendered":"Obiekty lataj\u0105ce nad Olsztynem"},"content":{"rendered":"<p>Napisa\u0142am do Obserwatorium w Olsztynie w sprawie dziwnych zjawisk 2 lipca. Poni\u017cej ca\u0142a korespondencja, nasze pismo i odpowied\u017a: (a mo\u017ce odwrotnie odpowied\u017a i nasze pismo)<\/p>\n<p>Szanowna Pani,<\/p>\n<p>Niestety merytorycznie mo\u017cemy wypowiedzie\u0107 si\u0119 tylko co do obiekt\u00f3w astronomicznych, kt\u00f3re s\u0105 skatalogowane, maj\u0105 swoje okre\u015blone pozycje, orbity i mo\u017cna ustali\u0107 na tej podstawie ich po\u0142o\u017cenie. Nie jeste\u015bmy w stanie pom\u00f3c w identyfikacji. Patrz\u0105c na zdj\u0119cie \u015bwiat\u0142a przypominaj\u0105 odbite w szybie lampy. Obecnie do\u015b\u0107 cz\u0119ste s\u0105 r\u00f3\u017cnego rodzaju drony. To tylko dywagacje.<\/p>\n<p>Ciesz\u0119 si\u0119 , \u017ce Pa\u0144stwa wizyta w Obserwatorium by\u0142a udana. Zapraszam do odwiedzania planetarium, gdy\u017c we wrze\u015bniu zamykamy si\u0119 na ok dwa lata z uwagi na projekt modernizacji.<\/p>\n<p>Pozdrawiam<\/p>\n<div id=\"signature\">\n<p>&#8212;<\/p>\n<div class=\"pre\">\n<p>Magdalena Pilska-Piotrowska<\/p>\n<p>Dyrektor<br \/>\nOlszty\u0144skie Planetarium i Obserwatorium Astronomiczne<br \/>\nal. J. Pi\u0142sudskiego 38<br \/>\n10-450 Olsztyn<br \/>\ntel. + 48 89 650 04 25<\/p>\n<\/div>\n<\/div>\n<p id=\"reply-intro\">W dniu 2025-07-21 07:45, Olszty\u0144skie Planetarium napisa\u0142(a):<\/p>\n<blockquote>\n<div id=\"replybody1\">\n<p>&#8212;&#8212;&#8211; Wiadomo\u015b\u0107 oryginalna &#8212;&#8212;&#8211;<\/p>\n<table class=\"table table-hover\">\n<tbody>\n<tr>\n<th nowrap=\"nowrap\">Temat:<\/th>\n<td>niebo 2 lipca 2025 roku<\/td>\n<\/tr>\n<tr>\n<th nowrap=\"nowrap\">Data:<\/th>\n<td>2025-07-21 06:46<\/td>\n<\/tr>\n<tr>\n<th nowrap=\"nowrap\">Od:<\/th>\n<td>Krystyna Leszczy\u0144ska &lt;krystyna@kappa.pl&gt;<\/td>\n<\/tr>\n<tr>\n<th nowrap=\"nowrap\">Do:<\/th>\n<td>opioa@planetarium.olsztyn.pl<\/td>\n<\/tr>\n<\/tbody>\n<\/table>\n<div class=\"v1pre\">\n<p>Przesy\u0142am zdj\u0119cia nieba nad Olsztynem wykonane wieczorem &#8211; po godzinie 21, w dniu 2 lipca 2025 roku. Autorem zdj\u0119\u0107 jest Anatol Leszczy\u0144ski prezes Ko\u0142a Mi\u0142o\u015bnik\u00f3w Lasu i Militari\u00f3w LOK w Olsztynie. Prosiliby\u015bmy o wyja\u015bnienie co to lata\u0142o nad Olsztynem. Zwracam si\u0119 do Pa\u0144stwa z pytaniem bo jak dot\u0105d nie znajdujemy odpowiedzi, a kto jak nie Wy mo\u017cecie zna\u0107 prawd\u0119. Cz\u0142onkowie Ko\u0142a oczywi\u015bcie interesuj\u0105 si\u0119 lasami, militariami , ale te\u017c otaczaj\u0105cym nas \u015bwiatem. W ubieg\u0142ym roku odwiedzili\u015bmy Obserwatorium przy ulicy \u017bo\u0142nierskiej. To by\u0142o bardzo ciekawe wydarzenie w naszym planie zaj\u0119\u0107. Zdj\u0119cia z 2 lipca umie\u015bcili\u015bmy na naszej stronie internetowej, a teraz mamy wiele zapyta\u0144 od odwiedzaj\u0105cych nasz\u0105 stron\u0119 o rozwi\u0105zanie zagadki.Pozdrawiam\u00a0serdecznie\u00a0Krystyna\u00a0Leszczy\u0144ska<\/p>\n<p>cz\u0142onek\u00a0zarz\u0105du\u00a0Ko\u0142a,\u00a0odpowiedzialna\u00a0za\u00a0stron\u0119\u00a0<a href=\"http:\/\/www.milosnicylasu.olsztyn.pl\" rel=\"noopener noreferrer\">www.milosnicylasu.olsztyn.pl<\/a><\/p>\n<\/div>\n<\/div>\n<\/blockquote>\n","protected":false},"excerpt":{"rendered":"<p>Napisa\u0142am do Obserwatorium w Olsztynie w sprawie dziwnych zjawisk 2 lipca. Poni\u017cej ca\u0142a korespondencja, nasze pismo i odpowied\u017a: (a mo\u017ce odwrotnie odpowied\u017a i nasze pismo) Szanowna Pani, Niestety merytorycznie mo\u017cemy wypowiedzie\u0107 si\u0119 tylko co do obiekt\u00f3w astronomicznych, kt\u00f3re s\u0105 skatalogowane, maj\u0105 swoje okre\u015blone pozycje, orbity i mo\u017cna ustali\u0107 na tej podstawie ich po\u0142o\u017cenie. Nie jeste\u015bmy [&hellip;]<\/p>\n","protected":false},"author":2,"featured_media":0,"comment_status":"open","ping_status":"open","sticky":false,"template":"","format":"standard","meta":{"footnotes":""},"categories":[1,9,17],"tags":[],"class_list":["post-9575","post","type-post","status-publish","format-standard","hentry","category-bez-kategorii","category-ciekawostki","category-edukacja-w-terenie"],"_links":{"self":[{"href":"https:\/\/www.milosnicylasu.olsztyn.pl\/index.php?rest_route=\/wp\/v2\/posts\/9575","targetHints":{"allow":["GET"]}}],"collection":[{"href":"https:\/\/www.milosnicylasu.olsztyn.pl\/index.php?rest_route=\/wp\/v2\/posts"}],"about":[{"href":"https:\/\/www.milosnicylasu.olsztyn.pl\/index.php?rest_route=\/wp\/v2\/types\/post"}],"author":[{"embeddable":true,"href":"https:\/\/www.milosnicylasu.olsztyn.pl\/index.php?rest_route=\/wp\/v2\/users\/2"}],"replies":[{"embeddable":true,"href":"https:\/\/www.milosnicylasu.olsztyn.pl\/index.php?rest_route=%2Fwp%2Fv2%2Fcomments&post=9575"}],"version-history":[{"count":4,"href":"https:\/\/www.milosnicylasu.olsztyn.pl\/index.php?rest_route=\/wp\/v2\/posts\/9575\/revisions"}],"predecessor-version":[{"id":9579,"href":"https:\/\/www.milosnicylasu.olsztyn.pl\/index.php?rest_route=\/wp\/v2\/posts\/9575\/revisions\/9579"}],"wp:attachment":[{"href":"https:\/\/www.milosnicylasu.olsztyn.pl\/index.php?rest_route=%2Fwp%2Fv2%2Fmedia&parent=9575"}],"wp:term":[{"taxonomy":"category","embeddable":true,"href":"https:\/\/www.milosnicylasu.olsztyn.pl\/index.php?rest_route=%2Fwp%2Fv2%2Fcategories&post=9575"},{"taxonomy":"post_tag","embeddable":true,"href":"https:\/\/www.milosnicylasu.olsztyn.pl\/index.php?rest_route=%2Fwp%2Fv2%2Ftags&post=9575"}],"curies":[{"name":"wp","href":"https:\/\/api.w.org\/{rel}","templated":true}]}}