{"id":9582,"date":"2025-08-09T18:59:30","date_gmt":"2025-08-09T16:59:30","guid":{"rendered":"https:\/\/www.milosnicylasu.olsztyn.pl\/?p=9582"},"modified":"2025-08-09T19:00:48","modified_gmt":"2025-08-09T17:00:48","slug":"pozegnanie-antoniego-jarczyka","status":"publish","type":"post","link":"https:\/\/www.milosnicylasu.olsztyn.pl\/?p=9582","title":{"rendered":"Po\u017cegnanie Antoniego Jarczyka"},"content":{"rendered":"<p><a href=\"https:\/\/www.milosnicylasu.olsztyn.pl\/wp-content\/uploads\/2025\/08\/P808000-www.jpg\" data-rel=\"lightbox-image-0\" data-magnific_type=\"image\" data-rl_title=\"\" data-rl_caption=\"\" title=\"\"><img loading=\"lazy\" decoding=\"async\" class=\"size-medium wp-image-9583 alignleft\" src=\"https:\/\/www.milosnicylasu.olsztyn.pl\/wp-content\/uploads\/2025\/08\/P808000-www-225x300.jpg\" alt=\"\" width=\"225\" height=\"300\" srcset=\"https:\/\/www.milosnicylasu.olsztyn.pl\/wp-content\/uploads\/2025\/08\/P808000-www-225x300.jpg 225w, https:\/\/www.milosnicylasu.olsztyn.pl\/wp-content\/uploads\/2025\/08\/P808000-www.jpg 768w\" sizes=\"auto, (max-width: 225px) 100vw, 225px\" \/><\/a><\/p>\n<p>Z g\u0142\u0119bokim \u017calem przyj\u0119li\u015bmy wiadomo\u015b\u0107 o \u015bmierci Naszego Kolegi Antoniego Jarczyka wspania\u0142ego, \u017cyczliwego, sympatycznego, dobrego cz\u0142owieka,\u00a0 wieloletniego aktywnego cz\u0142onka Ko\u0142a Mi\u0142o\u015bnik\u00f3w Lasu i Militari\u00f3w LOK w Olsztynie.<\/p>\n<p><strong>Rodzinie<\/strong><\/p>\n<p><strong>Sk\u0142adamy wyrazy wsp\u00f3\u0142czucia i \u0142\u0105czymy si\u0119 z nimi w \u017ca\u0142obie<\/strong><\/p>\n<p>Po\u017cegnanie odb\u0119dzie si\u0119 13 sierpnia 2025 roku o godzinie 10.30 w kaplicy przy ulicy Poprzecznej w Olsztynie, sk\u0105d udamy si\u0119 na miejsce poch\u00f3wku.<\/p>\n","protected":false},"excerpt":{"rendered":"<p>Z g\u0142\u0119bokim \u017calem przyj\u0119li\u015bmy wiadomo\u015b\u0107 o \u015bmierci Naszego Kolegi Antoniego Jarczyka wspania\u0142ego, \u017cyczliwego, sympatycznego, dobrego cz\u0142owieka,\u00a0 wieloletniego aktywnego cz\u0142onka Ko\u0142a Mi\u0142o\u015bnik\u00f3w Lasu i Militari\u00f3w LOK w Olsztynie. Rodzinie Sk\u0142adamy wyrazy wsp\u00f3\u0142czucia i \u0142\u0105czymy si\u0119 z nimi w \u017ca\u0142obie Po\u017cegnanie odb\u0119dzie si\u0119 13 sierpnia 2025 roku o godzinie 10.30 w kaplicy przy ulicy Poprzecznej w Olsztynie, [&hellip;]<\/p>\n","protected":false},"author":2,"featured_media":0,"comment_status":"open","ping_status":"open","sticky":false,"template":"","format":"standard","meta":{"footnotes":""},"categories":[1],"tags":[],"class_list":["post-9582","post","type-post","status-publish","format-standard","hentry","category-bez-kategorii"],"_links":{"self":[{"href":"https:\/\/www.milosnicylasu.olsztyn.pl\/index.php?rest_route=\/wp\/v2\/posts\/9582","targetHints":{"allow":["GET"]}}],"collection":[{"href":"https:\/\/www.milosnicylasu.olsztyn.pl\/index.php?rest_route=\/wp\/v2\/posts"}],"about":[{"href":"https:\/\/www.milosnicylasu.olsztyn.pl\/index.php?rest_route=\/wp\/v2\/types\/post"}],"author":[{"embeddable":true,"href":"https:\/\/www.milosnicylasu.olsztyn.pl\/index.php?rest_route=\/wp\/v2\/users\/2"}],"replies":[{"embeddable":true,"href":"https:\/\/www.milosnicylasu.olsztyn.pl\/index.php?rest_route=%2Fwp%2Fv2%2Fcomments&post=9582"}],"version-history":[{"count":2,"href":"https:\/\/www.milosnicylasu.olsztyn.pl\/index.php?rest_route=\/wp\/v2\/posts\/9582\/revisions"}],"predecessor-version":[{"id":9585,"href":"https:\/\/www.milosnicylasu.olsztyn.pl\/index.php?rest_route=\/wp\/v2\/posts\/9582\/revisions\/9585"}],"wp:attachment":[{"href":"https:\/\/www.milosnicylasu.olsztyn.pl\/index.php?rest_route=%2Fwp%2Fv2%2Fmedia&parent=9582"}],"wp:term":[{"taxonomy":"category","embeddable":true,"href":"https:\/\/www.milosnicylasu.olsztyn.pl\/index.php?rest_route=%2Fwp%2Fv2%2Fcategories&post=9582"},{"taxonomy":"post_tag","embeddable":true,"href":"https:\/\/www.milosnicylasu.olsztyn.pl\/index.php?rest_route=%2Fwp%2Fv2%2Ftags&post=9582"}],"curies":[{"name":"wp","href":"https:\/\/api.w.org\/{rel}","templated":true}]}}