{"id":959,"date":"2014-02-13T20:28:10","date_gmt":"2014-02-13T19:28:10","guid":{"rendered":"http:\/\/www.milosnicylasu.olsztyn.pl\/?p=959"},"modified":"2014-02-13T20:30:10","modified_gmt":"2014-02-13T19:30:10","slug":"impreza-15-lutego-w-osrodku-marengo","status":"publish","type":"post","link":"https:\/\/www.milosnicylasu.olsztyn.pl\/?p=959","title":{"rendered":"Impreza 15 lutego w o\u015brodku Marengo"},"content":{"rendered":"<p><a href=\"http:\/\/www.milosnicylasu.olsztyn.pl\/wp-content\/uploads\/2014\/02\/P2160019-www.jpg\" data-rel=\"lightbox-image-0\" data-magnific_type=\"image\" data-rl_title=\"\" data-rl_caption=\"\" title=\"\"><img loading=\"lazy\" decoding=\"async\" class=\"alignleft size-medium wp-image-960\" alt=\"P2160019-www\" src=\"http:\/\/www.milosnicylasu.olsztyn.pl\/wp-content\/uploads\/2014\/02\/P2160019-www-300x168.jpg\" width=\"300\" height=\"168\" srcset=\"https:\/\/www.milosnicylasu.olsztyn.pl\/wp-content\/uploads\/2014\/02\/P2160019-www-300x168.jpg 300w, https:\/\/www.milosnicylasu.olsztyn.pl\/wp-content\/uploads\/2014\/02\/P2160019-www-500x281.jpg 500w, https:\/\/www.milosnicylasu.olsztyn.pl\/wp-content\/uploads\/2014\/02\/P2160019-www.jpg 1024w\" sizes=\"auto, (max-width: 300px) 100vw, 300px\" \/><br \/>\n<\/a><\/p>\n<address>Przypominamy o kuligu, kt\u00f3ry zaplanowany zosta\u0142 na 15 lutego \u00a0(spotkanie o godzinie 10.00 ) w o\u015brodku \u201eMarengo\u201d po\u0142o\u017conym w\u015br\u00f3d las\u00f3w i jezior, na osiedlu Redykajny zaledwie 6km od centrum Olsztyna. Jest to ju\u017c trzeci kulig organizowany przez Rysi\u0119\u00a0i Micha\u0142a K\u0142ebukowskich, kt\u00f3rzy s\u0105\u00a0gwarantem \u015bwietnej organizacji. Niestety tym razem prawdopodobnie nie b\u0119dzie \u015bniegu, chyba \u017ce&#8230;..jaki\u015b cud. Organizatorzy obiecuj\u0119 nam jednak przeja\u017cd\u017ck\u0119 po lesie. A jak by\u0142o w poprzednim roku &#8211; to wida\u0107 na zdj\u0119ciu.<\/address>\n","protected":false},"excerpt":{"rendered":"<p>Przypominamy o kuligu, kt\u00f3ry zaplanowany zosta\u0142 na 15 lutego \u00a0(spotkanie o godzinie 10.00 ) w o\u015brodku \u201eMarengo\u201d po\u0142o\u017conym w\u015br\u00f3d las\u00f3w i jezior, na osiedlu Redykajny zaledwie 6km od centrum Olsztyna. Jest to ju\u017c trzeci kulig organizowany przez Rysi\u0119\u00a0i Micha\u0142a K\u0142ebukowskich, kt\u00f3rzy s\u0105\u00a0gwarantem \u015bwietnej organizacji. Niestety tym razem prawdopodobnie nie b\u0119dzie \u015bniegu, chyba \u017ce&#8230;..jaki\u015b cud. Organizatorzy [&hellip;]<\/p>\n","protected":false},"author":1,"featured_media":0,"comment_status":"open","ping_status":"open","sticky":false,"template":"","format":"standard","meta":{"footnotes":""},"categories":[5],"tags":[],"class_list":["post-959","post","type-post","status-publish","format-standard","hentry","category-wycieczki"],"_links":{"self":[{"href":"https:\/\/www.milosnicylasu.olsztyn.pl\/index.php?rest_route=\/wp\/v2\/posts\/959","targetHints":{"allow":["GET"]}}],"collection":[{"href":"https:\/\/www.milosnicylasu.olsztyn.pl\/index.php?rest_route=\/wp\/v2\/posts"}],"about":[{"href":"https:\/\/www.milosnicylasu.olsztyn.pl\/index.php?rest_route=\/wp\/v2\/types\/post"}],"author":[{"embeddable":true,"href":"https:\/\/www.milosnicylasu.olsztyn.pl\/index.php?rest_route=\/wp\/v2\/users\/1"}],"replies":[{"embeddable":true,"href":"https:\/\/www.milosnicylasu.olsztyn.pl\/index.php?rest_route=%2Fwp%2Fv2%2Fcomments&post=959"}],"version-history":[{"count":3,"href":"https:\/\/www.milosnicylasu.olsztyn.pl\/index.php?rest_route=\/wp\/v2\/posts\/959\/revisions"}],"predecessor-version":[{"id":963,"href":"https:\/\/www.milosnicylasu.olsztyn.pl\/index.php?rest_route=\/wp\/v2\/posts\/959\/revisions\/963"}],"wp:attachment":[{"href":"https:\/\/www.milosnicylasu.olsztyn.pl\/index.php?rest_route=%2Fwp%2Fv2%2Fmedia&parent=959"}],"wp:term":[{"taxonomy":"category","embeddable":true,"href":"https:\/\/www.milosnicylasu.olsztyn.pl\/index.php?rest_route=%2Fwp%2Fv2%2Fcategories&post=959"},{"taxonomy":"post_tag","embeddable":true,"href":"https:\/\/www.milosnicylasu.olsztyn.pl\/index.php?rest_route=%2Fwp%2Fv2%2Ftags&post=959"}],"curies":[{"name":"wp","href":"https:\/\/api.w.org\/{rel}","templated":true}]}}