{"id":9590,"date":"2025-08-24T08:36:31","date_gmt":"2025-08-24T06:36:31","guid":{"rendered":"https:\/\/www.milosnicylasu.olsztyn.pl\/?p=9590"},"modified":"2025-08-24T08:59:02","modified_gmt":"2025-08-24T06:59:02","slug":"jest-takie-miejsce-kozia-farma-zlotna","status":"publish","type":"post","link":"https:\/\/www.milosnicylasu.olsztyn.pl\/?p=9590","title":{"rendered":"Jest takie miejsce&#8230;&#8230;Kozia Farma Z\u0142otna"},"content":{"rendered":"<p><a href=\"https:\/\/www.milosnicylasu.olsztyn.pl\/wp-content\/uploads\/2025\/08\/P8220036-www.jpg\" data-rel=\"lightbox-image-0\" data-magnific_type=\"image\" data-rl_title=\"\" data-rl_caption=\"\" title=\"\"><img loading=\"lazy\" decoding=\"async\" class=\"size-medium wp-image-9591 alignleft\" src=\"https:\/\/www.milosnicylasu.olsztyn.pl\/wp-content\/uploads\/2025\/08\/P8220036-www-300x225.jpg\" alt=\"\" width=\"300\" height=\"225\" srcset=\"https:\/\/www.milosnicylasu.olsztyn.pl\/wp-content\/uploads\/2025\/08\/P8220036-www-300x225.jpg 300w, https:\/\/www.milosnicylasu.olsztyn.pl\/wp-content\/uploads\/2025\/08\/P8220036-www-768x576.jpg 768w, https:\/\/www.milosnicylasu.olsztyn.pl\/wp-content\/uploads\/2025\/08\/P8220036-www.jpg 1024w\" sizes=\"auto, (max-width: 300px) 100vw, 300px\" \/><\/a><\/p>\n<p><strong>Odwiedzili\u015bmy szcz\u0119\u015bliwe kozy, \u017cyj\u0105ce na:<\/strong><\/p>\n<p><strong>Koziej Farmie Z\u0142otna, kt\u00f3r\u0105 prowadz\u0105 ko\u0142o Mor\u0105ga\u00a0 Katarzyna i Grzegorz \u0141aski<\/strong><br \/>\n<strong>Ide\u0105, kt\u00f3ra przy\u015bwieca gospodarzom\u00a0 jest powr\u00f3t do \u017ar\u00f3de\u0142, do czystej, nieska\u017conej chemi\u0105 zdrowej \u017cywno\u015bci. Realizuj\u0105 ja ju\u017c od etapu uprawy ro\u015blin, poprzez karmienie zwierz\u0105t zdrow\u0105, ekologiczn\u0105 karm\u0105, po troskliw\u0105 nad nimi opiek\u0119.<\/strong><\/p>\n<p><strong><a href=\"https:\/\/www.milosnicylasu.olsztyn.pl\/wp-content\/uploads\/2025\/08\/P8220047-www.jpg\" data-rel=\"lightbox-image-1\" data-magnific_type=\"image\" data-rl_title=\"\" data-rl_caption=\"\" title=\"\"><img loading=\"lazy\" decoding=\"async\" class=\"size-medium wp-image-9592 alignright\" src=\"https:\/\/www.milosnicylasu.olsztyn.pl\/wp-content\/uploads\/2025\/08\/P8220047-www-300x225.jpg\" alt=\"\" width=\"300\" height=\"225\" srcset=\"https:\/\/www.milosnicylasu.olsztyn.pl\/wp-content\/uploads\/2025\/08\/P8220047-www-300x225.jpg 300w, https:\/\/www.milosnicylasu.olsztyn.pl\/wp-content\/uploads\/2025\/08\/P8220047-www-768x576.jpg 768w, https:\/\/www.milosnicylasu.olsztyn.pl\/wp-content\/uploads\/2025\/08\/P8220047-www.jpg 1024w\" sizes=\"auto, (max-width: 300px) 100vw, 300px\" \/><\/a><\/strong><\/p>\n<p><strong>M\u00f3wi\u0105: &#8222;Nasze kozy s\u0105 szcz\u0119\u015bliwe, bo pas\u0105 si\u0119 swobodnie na osiemnastu hektarach aromatycznych \u0142\u0105k wok\u00f3\u0142 siedliska&#8221;.<\/strong><\/p>\n<p><strong>W czasie pobytu towarzyszyli nam gospodarze, oprowadzali po gospodarstwie, opowiadali o swoich podopiecznych, o produkcji wyrob\u00f3w z mleka koziego, kupili\u015bmy troch\u0119 serk\u00f3w. To by\u0142 dobry pomys\u0142 aby odwiedzi\u0107 to miejsce. A tak na marginesie to okaza\u0142o si\u0119, \u017ce nie wiele wiemy o kozach&#8230;&#8230;.np \u017ce:<\/strong><\/p>\n<p><strong>&#8211; kozy posiadaj\u0105 prostok\u0105tne \u017arenice, kt\u00f3re zapewniaj\u0105 im szeroki zakres widzenia,<\/strong><\/p>\n<p><strong><a href=\"https:\/\/www.milosnicylasu.olsztyn.pl\/wp-content\/uploads\/2025\/08\/P8220007-www.jpg\" data-rel=\"lightbox-image-2\" data-magnific_type=\"image\" data-rl_title=\"\" data-rl_caption=\"\" title=\"\"><img loading=\"lazy\" decoding=\"async\" class=\"size-medium wp-image-9593 alignleft\" src=\"https:\/\/www.milosnicylasu.olsztyn.pl\/wp-content\/uploads\/2025\/08\/P8220007-www-300x225.jpg\" alt=\"\" width=\"300\" height=\"225\" srcset=\"https:\/\/www.milosnicylasu.olsztyn.pl\/wp-content\/uploads\/2025\/08\/P8220007-www-300x225.jpg 300w, https:\/\/www.milosnicylasu.olsztyn.pl\/wp-content\/uploads\/2025\/08\/P8220007-www-768x576.jpg 768w, https:\/\/www.milosnicylasu.olsztyn.pl\/wp-content\/uploads\/2025\/08\/P8220007-www.jpg 1024w\" sizes=\"auto, (max-width: 300px) 100vw, 300px\" \/><\/a><\/strong><\/p>\n<p><strong>&#8211;\u00a0 s\u0105 inteligentne i potrafi\u0105 rozwi\u0105zywa\u0107 problemy,<\/strong><\/p>\n<p><strong>&#8211; zwierz\u0119ta te s\u0105 prze\u017cuwaczami, maj\u0105 cztery \u017co\u0142\u0105dki i \u017cywi\u0105 si\u0119 r\u00f3\u017cnorodnymi ro\u015blinami, preferuj\u0105c krzewy i drzewa.<\/strong><\/p>\n<p><strong>&#8211; rodz\u0105 si\u0119 z z\u0119bami i s\u0105 zagniazdownikami, szybko staj\u0105c si\u0119 niezale\u017cnymi,<\/strong><\/p>\n<p><strong><a href=\"https:\/\/www.milosnicylasu.olsztyn.pl\/wp-content\/uploads\/2025\/08\/P8220005-www.jpg\" data-rel=\"lightbox-image-3\" data-magnific_type=\"image\" data-rl_title=\"\" data-rl_caption=\"\" title=\"\"><img loading=\"lazy\" decoding=\"async\" class=\"size-medium wp-image-9594 alignright\" src=\"https:\/\/www.milosnicylasu.olsztyn.pl\/wp-content\/uploads\/2025\/08\/P8220005-www-300x225.jpg\" alt=\"\" width=\"300\" height=\"225\" srcset=\"https:\/\/www.milosnicylasu.olsztyn.pl\/wp-content\/uploads\/2025\/08\/P8220005-www-300x225.jpg 300w, https:\/\/www.milosnicylasu.olsztyn.pl\/wp-content\/uploads\/2025\/08\/P8220005-www-768x576.jpg 768w, https:\/\/www.milosnicylasu.olsztyn.pl\/wp-content\/uploads\/2025\/08\/P8220005-www.jpg 1024w\" sizes=\"auto, (max-width: 300px) 100vw, 300px\" \/><\/a><\/strong><\/p>\n<p><strong>. kozy s\u0105 zwierz\u0119tami stadnymi, znane z opieku\u0144czo\u015bci wobec swoich m\u0142odych i z\u0142o\u017conego \u017cycia emocjonalnego.<\/strong><\/p>\n<p><strong><a href=\"https:\/\/www.milosnicylasu.olsztyn.pl\/wp-content\/uploads\/2025\/08\/P8220029-www.jpg\" data-rel=\"lightbox-image-4\" data-magnific_type=\"image\" data-rl_title=\"\" data-rl_caption=\"\" title=\"\"><img loading=\"lazy\" decoding=\"async\" class=\"size-medium wp-image-9595 alignleft\" src=\"https:\/\/www.milosnicylasu.olsztyn.pl\/wp-content\/uploads\/2025\/08\/P8220029-www-300x225.jpg\" alt=\"\" width=\"300\" height=\"225\" srcset=\"https:\/\/www.milosnicylasu.olsztyn.pl\/wp-content\/uploads\/2025\/08\/P8220029-www-300x225.jpg 300w, https:\/\/www.milosnicylasu.olsztyn.pl\/wp-content\/uploads\/2025\/08\/P8220029-www-768x576.jpg 768w, https:\/\/www.milosnicylasu.olsztyn.pl\/wp-content\/uploads\/2025\/08\/P8220029-www.jpg 1024w\" sizes=\"auto, (max-width: 300px) 100vw, 300px\" \/><\/a><\/strong><\/p>\n<p><strong>&#8211; kozy zosta\u0142y udomowione oko\u0142o 10 000 lat temu, a dzisiaj istnieje na ca\u0142ym \u015bwiecie ponad 200 domowych ras k\u00f3z.<\/strong><\/p>\n<p><strong>&#8211; kozy pojawiaj\u0105 si\u0119 w mitologiach r\u00f3\u017cnych kultur, symbolizuj\u0105c p\u0142odno\u015b\u0107, szcz\u0119\u015bcie i bogactwo, a tak\u017ce odgrywaj\u0105c wa\u017cn\u0105 rol\u0119 w mitologii nordyckiej.<\/strong><\/p>\n<p><strong>&#8211; sk\u00f3ry kozie by\u0142y wykorzystywane w czasach biblijnych do produkcji pergaminu, a pierwsi hodowcy u\u017cywali ich do tworzenia pojemnik\u00f3w na wod\u0119 i wino.<\/strong><\/p>\n<p><a href=\"https:\/\/www.milosnicylasu.olsztyn.pl\/wp-content\/uploads\/2025\/08\/P8220042-www.jpg\" data-rel=\"lightbox-image-5\" data-magnific_type=\"image\" data-rl_title=\"\" data-rl_caption=\"\" title=\"\"><img loading=\"lazy\" decoding=\"async\" class=\"size-medium wp-image-9596 alignleft\" src=\"https:\/\/www.milosnicylasu.olsztyn.pl\/wp-content\/uploads\/2025\/08\/P8220042-www-300x225.jpg\" alt=\"\" width=\"300\" height=\"225\" srcset=\"https:\/\/www.milosnicylasu.olsztyn.pl\/wp-content\/uploads\/2025\/08\/P8220042-www-300x225.jpg 300w, https:\/\/www.milosnicylasu.olsztyn.pl\/wp-content\/uploads\/2025\/08\/P8220042-www-768x576.jpg 768w, https:\/\/www.milosnicylasu.olsztyn.pl\/wp-content\/uploads\/2025\/08\/P8220042-www.jpg 1024w\" sizes=\"auto, (max-width: 300px) 100vw, 300px\" \/><\/a><\/p>\n<p>&nbsp;<\/p>\n","protected":false},"excerpt":{"rendered":"<p>Odwiedzili\u015bmy szcz\u0119\u015bliwe kozy, \u017cyj\u0105ce na: Koziej Farmie Z\u0142otna, kt\u00f3r\u0105 prowadz\u0105 ko\u0142o Mor\u0105ga\u00a0 Katarzyna i Grzegorz \u0141aski Ide\u0105, kt\u00f3ra przy\u015bwieca gospodarzom\u00a0 jest powr\u00f3t do \u017ar\u00f3de\u0142, do czystej, nieska\u017conej chemi\u0105 zdrowej \u017cywno\u015bci. Realizuj\u0105 ja ju\u017c od etapu uprawy ro\u015blin, poprzez karmienie zwierz\u0105t zdrow\u0105, ekologiczn\u0105 karm\u0105, po troskliw\u0105 nad nimi opiek\u0119. M\u00f3wi\u0105: &#8222;Nasze kozy s\u0105 szcz\u0119\u015bliwe, bo pas\u0105 [&hellip;]<\/p>\n","protected":false},"author":2,"featured_media":0,"comment_status":"open","ping_status":"open","sticky":false,"template":"","format":"standard","meta":{"footnotes":""},"categories":[1,9,17],"tags":[],"class_list":["post-9590","post","type-post","status-publish","format-standard","hentry","category-bez-kategorii","category-ciekawostki","category-edukacja-w-terenie"],"_links":{"self":[{"href":"https:\/\/www.milosnicylasu.olsztyn.pl\/index.php?rest_route=\/wp\/v2\/posts\/9590","targetHints":{"allow":["GET"]}}],"collection":[{"href":"https:\/\/www.milosnicylasu.olsztyn.pl\/index.php?rest_route=\/wp\/v2\/posts"}],"about":[{"href":"https:\/\/www.milosnicylasu.olsztyn.pl\/index.php?rest_route=\/wp\/v2\/types\/post"}],"author":[{"embeddable":true,"href":"https:\/\/www.milosnicylasu.olsztyn.pl\/index.php?rest_route=\/wp\/v2\/users\/2"}],"replies":[{"embeddable":true,"href":"https:\/\/www.milosnicylasu.olsztyn.pl\/index.php?rest_route=%2Fwp%2Fv2%2Fcomments&post=9590"}],"version-history":[{"count":4,"href":"https:\/\/www.milosnicylasu.olsztyn.pl\/index.php?rest_route=\/wp\/v2\/posts\/9590\/revisions"}],"predecessor-version":[{"id":9600,"href":"https:\/\/www.milosnicylasu.olsztyn.pl\/index.php?rest_route=\/wp\/v2\/posts\/9590\/revisions\/9600"}],"wp:attachment":[{"href":"https:\/\/www.milosnicylasu.olsztyn.pl\/index.php?rest_route=%2Fwp%2Fv2%2Fmedia&parent=9590"}],"wp:term":[{"taxonomy":"category","embeddable":true,"href":"https:\/\/www.milosnicylasu.olsztyn.pl\/index.php?rest_route=%2Fwp%2Fv2%2Fcategories&post=9590"},{"taxonomy":"post_tag","embeddable":true,"href":"https:\/\/www.milosnicylasu.olsztyn.pl\/index.php?rest_route=%2Fwp%2Fv2%2Ftags&post=9590"}],"curies":[{"name":"wp","href":"https:\/\/api.w.org\/{rel}","templated":true}]}}